{"id":65586,"date":"2023-12-09T09:06:07","date_gmt":"2023-12-09T08:06:07","guid":{"rendered":"https:\/\/miradordeatarfe.es\/?p=65586"},"modified":"2023-12-08T17:02:52","modified_gmt":"2023-12-08T16:02:52","slug":"constitucion-sin-cambios","status":"publish","type":"post","link":"https:\/\/miradordeatarfe.es\/?p=65586","title":{"rendered":"Constituci\u00f3n sin cambios"},"content":{"rendered":"<h3 style=\"text-align: justify;\">El texto fundacional de la democracia espa\u00f1ola actual ha resistido 45 a\u00f1os incluso al asedio de quienes dicen defenderlo.<\/h3>\n<p style=\"text-align: justify;\">Espa\u00f1a es una democracia en la que cada aniversario de la Constituci\u00f3n de 1978, como el que se conmemora hoy, invita a <a href=\"http:\/\/t.newsletter.elpais.com\/r\/?id=h7917e4c1,c334212,4c38800&amp;p1=adelantodeopinion_2023.12.05\" target=\"_blank\" rel=\"noopener\" data-saferedirecturl=\"https:\/\/www.google.com\/url?q=http:\/\/t.newsletter.elpais.com\/r\/?id%3Dh7917e4c1,c334212,4c38800%26p1%3Dadelantodeopinion_2023.12.05&amp;source=gmail&amp;ust=1702135243520000&amp;usg=AOvVaw0GsamIAb5O44XaTgnlck_A\">una discusi\u00f3n nacional sobre sus virtudes, carencias y posibilidades de reforma. <\/a>Esa deber\u00eda ser prueba suficiente de que nuestro sistema pol\u00edtico, un \u00e9xito hist\u00f3rico que ha demostrado una<a href=\"http:\/\/t.newsletter.elpais.com\/r\/?id=h7917e4c1,c334212,4c38801&amp;p1=adelantodeopinion_2023.12.05\" target=\"_blank\" rel=\"noopener\" data-saferedirecturl=\"https:\/\/www.google.com\/url?q=http:\/\/t.newsletter.elpais.com\/r\/?id%3Dh7917e4c1,c334212,4c38801%26p1%3Dadelantodeopinion_2023.12.05&amp;source=gmail&amp;ust=1702135243520000&amp;usg=AOvVaw02ityKeTD4Z0pJOXhHwxt9\"> fortaleza formidable en estos 45 a\u00f1os, <\/a>tiene asignaturas pendientes sobre las que hay <a href=\"http:\/\/t.newsletter.elpais.com\/r\/?id=h7917e4c1,c334212,4c38802&amp;p1=adelantodeopinion_2023.12.05\" target=\"_blank\" rel=\"noopener\" data-saferedirecturl=\"https:\/\/www.google.com\/url?q=http:\/\/t.newsletter.elpais.com\/r\/?id%3Dh7917e4c1,c334212,4c38802%26p1%3Dadelantodeopinion_2023.12.05&amp;source=gmail&amp;ust=1702135243520000&amp;usg=AOvVaw3uUl3ObijLgvabaXWGa5kl\">un amplio, y por ahora te\u00f3rico, consenso social y pol\u00edtico. <\/a>Algunas de esas reformas corregir\u00edan anacronismos palmarios como la preferencia del var\u00f3n sobre la mujer en la sucesi\u00f3n al trono. Otras subsanar\u00edan defectos como la ineficacia del Senado como c\u00e1mara de representaci\u00f3n territorial. Otras eran inimaginables hace cuatro d\u00e9cadas, como la necesidad de articular derechos y deberes medioambientales y digitales. Todas tienen algo en com\u00fan: nunca se han puesto a prueba en el Congreso de los Diputados.<\/p>\n<p style=\"text-align: justify;\">\u200cLa Constituci\u00f3n no es un evangelio. Fue hecha por hombres \u2014literalmente: en los debates solo particip\u00f3 una mujer\u2014 con un bagaje hist\u00f3rico muy concreto, marcado por la Guerra Civil, el franquismo y el miedo a la inestabilidad. Sus lagunas se pueden cuestionar sin deslegitimarla. Fue un pacto de futuro en el que todos los implicados cedieron cosas que parec\u00edan impensables. Recordarlo no es un ejercicio melanc\u00f3lico, sino de responsabilidad. Para la mayor\u00eda de los que la votaron aquel 6 de diciembre representaba lo m\u00e1ximo a lo que pod\u00edan aspirar. Para sus nietos no puede representar lo mismo. La mejor defensa que se puede hacer de ella es mantener viva la cr\u00edtica y el reclamo para su reforma, huyendo de un inmovilismo que podr\u00eda desconectarla poco a poco de la Espa\u00f1a del siglo XXI. El acuerdo encaminado a eliminar el t\u00e9rmino \u201cdisminuidos\u201d para referirse a las personas con discapacidad \u2014que decay\u00f3 con la disoluci\u00f3n de las Cortes y se debe retomar urgentemente\u2014 fue una demostraci\u00f3n de altura de miras que se puede extender a otras cuestiones. T\u00f3mese como precedente, no como an\u00e9cdota, para reclamar m\u00e1s ambici\u00f3n.<\/p>\n<p style=\"text-align: justify;\">\u200cCualquier reforma de calado, sin embargo, ha sido aparcada por los actuales l\u00edderes pol\u00edticos, aunque todos est\u00e9n de acuerdo en su necesidad. La polarizaci\u00f3n ideol\u00f3gica hace hoy imposible que los partidos mayoritarios puedan presentarse ante la ciudadan\u00eda defendiendo conjuntamente reformas razonables. La prudencia expresada por los constituyentes al exigir un procedimiento complejo para decidir aspectos troncales se ha convertido de facto en un cerrojo para las generaciones futuras. Es responsabilidad de los l\u00edderes evitar que ese cerrojo genere desafecci\u00f3n.<\/p>\n<p style=\"text-align: justify;\">\u200cEste 6 de diciembre sirve para se\u00f1alar que esa polarizaci\u00f3n llega al coraz\u00f3n de la democracia, la propia Constituci\u00f3n, cuando esta se utiliza sistem\u00e1ticamente para dar cobertura a posiciones partidistas. Acusar al adversario pol\u00edtico de anticonstitucional, como est\u00e1n haciendo las derechas, para arrogarse el papel de constitucionalista es en s\u00ed mismo s\u00edntoma de falta de argumentos y una desmoralizante degradaci\u00f3n de la propia Ley Fundamental, <a href=\"http:\/\/t.newsletter.elpais.com\/r\/?id=h7917e4c1,c334212,4c38803&amp;p1=adelantodeopinion_2023.12.05\" target=\"_blank\" rel=\"noopener\" data-saferedirecturl=\"https:\/\/www.google.com\/url?q=http:\/\/t.newsletter.elpais.com\/r\/?id%3Dh7917e4c1,c334212,4c38803%26p1%3Dadelantodeopinion_2023.12.05&amp;source=gmail&amp;ust=1702135243520000&amp;usg=AOvVaw01ddJwBbDNmah6ambffON0\">reducida as\u00ed a los l\u00edmites ideol\u00f3gicos de cada cual. <\/a>Esta Constituci\u00f3n sigue siendo la misma que resisti\u00f3 al terrorismo, a un intento de golpe de Estado, a varias crisis econ\u00f3micas y a un intento de secesi\u00f3n, adem\u00e1s de permitir 15 elecciones generales en paz. El ardor supuestamente constitucionalista que transmite a la ciudadan\u00eda un peligro inminente para nuestro Estado de derecho es inversamente proporcional al respeto por el pluralismo pol\u00edtico de Espa\u00f1a, las instituciones y los procesos que han garantizado estos 45 a\u00f1os, precisamente el legado que hoy queremos conmemorar.<\/p>\n<p>EL PAIS<\/p>\n<p>https:\/\/mail.google.com\/mail\/u\/0\/?pli=1#inbox\/FMfcgzGwHxvtPnTFXPMNKCPBwqPDqRXx<\/p>\n","protected":false},"excerpt":{"rendered":"<p>El texto fundacional de la democracia espa\u00f1ola actual ha resistido 45 a\u00f1os incluso al asedio&#8230;<\/p>\n","protected":false},"author":1,"featured_media":65587,"comment_status":"closed","ping_status":"closed","sticky":false,"template":"","format":"standard","meta":{"_coblocks_attr":"","_coblocks_dimensions":"","_coblocks_responsive_height":"","_coblocks_accordion_ie_support":"","jetpack_post_was_ever_published":false,"_jetpack_newsletter_access":"","_jetpack_dont_email_post_to_subs":false,"_jetpack_newsletter_tier_id":0,"_jetpack_memberships_contains_paywalled_content":false,"_jetpack_memberships_contains_paid_content":false,"footnotes":"","jetpack_publicize_message":"","jetpack_publicize_feature_enabled":true,"jetpack_social_post_already_shared":true,"jetpack_social_options":{"image_generator_settings":{"template":"highway","default_image_id":0,"enabled":false},"version":2}},"categories":[1161,44,7671],"tags":[],"class_list":["post-65586","post","type-post","status-publish","format-standard","has-post-thumbnail","hentry","category-ciudadania","category-noticias-de-hoy","category-politica"],"jetpack_publicize_connections":[],"jetpack_featured_media_url":"https:\/\/i0.wp.com\/miradordeatarfe.es\/wp-content\/uploads\/2023\/12\/constitucion-espanola-1.png?fit=532%2C240&ssl=1","jetpack_likes_enabled":true,"jetpack_sharing_enabled":true,"_links":{"self":[{"href":"https:\/\/miradordeatarfe.es\/index.php?rest_route=\/wp\/v2\/posts\/65586","targetHints":{"allow":["GET"]}}],"collection":[{"href":"https:\/\/miradordeatarfe.es\/index.php?rest_route=\/wp\/v2\/posts"}],"about":[{"href":"https:\/\/miradordeatarfe.es\/index.php?rest_route=\/wp\/v2\/types\/post"}],"author":[{"embeddable":true,"href":"https:\/\/miradordeatarfe.es\/index.php?rest_route=\/wp\/v2\/users\/1"}],"replies":[{"embeddable":true,"href":"https:\/\/miradordeatarfe.es\/index.php?rest_route=%2Fwp%2Fv2%2Fcomments&post=65586"}],"version-history":[{"count":1,"href":"https:\/\/miradordeatarfe.es\/index.php?rest_route=\/wp\/v2\/posts\/65586\/revisions"}],"predecessor-version":[{"id":65588,"href":"https:\/\/miradordeatarfe.es\/index.php?rest_route=\/wp\/v2\/posts\/65586\/revisions\/65588"}],"wp:featuredmedia":[{"embeddable":true,"href":"https:\/\/miradordeatarfe.es\/index.php?rest_route=\/wp\/v2\/media\/65587"}],"wp:attachment":[{"href":"https:\/\/miradordeatarfe.es\/index.php?rest_route=%2Fwp%2Fv2%2Fmedia&parent=65586"}],"wp:term":[{"taxonomy":"category","embeddable":true,"href":"https:\/\/miradordeatarfe.es\/index.php?rest_route=%2Fwp%2Fv2%2Fcategories&post=65586"},{"taxonomy":"post_tag","embeddable":true,"href":"https:\/\/miradordeatarfe.es\/index.php?rest_route=%2Fwp%2Fv2%2Ftags&post=65586"}],"curies":[{"name":"wp","href":"https:\/\/api.w.org\/{rel}","templated":true}]}}