{"id":65628,"date":"2023-12-11T11:00:35","date_gmt":"2023-12-11T10:00:35","guid":{"rendered":"https:\/\/miradordeatarfe.es\/?p=65628"},"modified":"2024-01-31T12:47:39","modified_gmt":"2024-01-31T11:47:39","slug":"consuelo-de-tontos-por-remedios-sanchez","status":"publish","type":"post","link":"https:\/\/miradordeatarfe.es\/?p=65628","title":{"rendered":"\u00abCONSUELO DE TONTOS\u00bb por  Remedios S\u00e1nchez"},"content":{"rendered":"<p style=\"text-align: justify;\">S\u00f3lo la luz que se esconde en los ojos de un ni\u00f1o es capaz de encender la ma\u00f1ana porque la infancia es la sorpresa que salta como una liebre, la curiosidad\u00a0 infinita abarcando lo imposible, la haza\u00f1a del descubrimiento de lo grande y lo\u00a0 peque\u00f1o, la cotidianeidad gozosa que se esconde en cada gesto, en la sonrisa de plenitud\u00a0 de los hallazgos, en el sustantivo exacto que se despierta y pasa a formar parte del patrimonio que es la ni\u00f1ez para nombrar un objeto, una emoci\u00f3n, una ilusi\u00f3n a la que se<br \/>\n\u00a0puede subir por una escalera de caracol hecha con libros.<\/p>\n<p style=\"text-align: justify;\">Porque todo est\u00e1 escrito y los libros -explicados por buenos docentes- poseen una magia que explica el enigma de los c\u00f3digos secretos de los n\u00fameros, que custodia adjetivos como tesoros o que alza mapas de r\u00edos y cordilleras, de pa\u00edses o continentes\u00a0 separados por mares procelosos que pueden surcar bajeles piratas mientras la luna riela en el mar, como aquel de Espronceda; por\u00a0 estas razones, digo, no encuentro explicaci\u00f3n que me consuele de los resultados del nuevo informe del Programa para la Evaluaci\u00f3n Integral de Alumnos (PISA).<\/p>\n<p style=\"text-align: justify;\">Porque Espa\u00f1a, este pa\u00eds que somos todos, ha vuelto a bajar puntos en competencia lectora hasta caer a los 474 puntos en esta edici\u00f3n (trece menos que en 2004 que fue cuando entramos en ca\u00edda libre); lo mismo sucede en competencia matem\u00e1tica (473\u00a0 puntos, ocho menos que en la anterior valoraci\u00f3n) y tambi\u00e9n en ciencias, que es la tercera \u00e1rea examinada.<\/p>\n<p style=\"text-align: justify;\">Por mucho que los pol\u00edticos se aferren a que en todos los pa\u00edses ha habido una ca\u00edda llamativa tras el COVID que nos permite quedarnos esta vez en la media de la OCDE,es dif\u00edcil entender por qu\u00e9 los chiquillos de Irlanda, Polonia, Chequia, Italia o Austria (de entre los 25 que nos superan) disfrutan m\u00e1s que los nuestros con la canci\u00f3n de los abecedarios; que los de Singapur, Canad\u00e1,\u00a0 Pa\u00edses Bajos o Eslovenia (hay veintitr\u00e9s que nos anteceden) tengan m\u00e1s inter\u00e9s por el equilibrio continuo de las matem\u00e1ticas; o que los de Australia, Nueva Zelanda o Hungr\u00eda, por citar a tres de los veinticuatro que nos llevan la delantera, est\u00e9n m\u00e1s interesados en los hemisferios, los tipos de peces quehabitan los mares, los experimentos qu\u00edmicos o la posici\u00f3n de las estrellas en el\u00a0firmamento.<\/p>\n<p style=\"text-align: justify;\">Yo me niego a creer que se haya perdido el gusto por aprender en nuestras escuelas o que los docentes no sepan transmitir ya el entusiasmo que supone el conocimiento. El problema radica m\u00e1s en que se ha dejado de prestar atenci\u00f3n cuando se hacen las leyes (cada una peor que la anterior) a lo que para nuestra generaci\u00f3n implicaba premiar el esfuerzo, en el abuso de las nuevas tecnolog\u00edas que cada vez con mayor frecuencia suplantan al maestro\/a, en la masificaci\u00f3n de las aulas, en la torpeza en los dise\u00f1os de los planes de lectura, en no dar su lugar preeminente a las bibliotecas como espacio transversal de aprendizaje\u2026 en muchas cuestiones primordiales de las que s\u00f3lo tienen clara conciencia quienes ejercen la perseverancia inasequible al desaliento que implica hoy ense\u00f1ar, con tanta burocracia absurda restrictiva. Una burocracia que roba un tiempo imprescindible a la verdadera funci\u00f3n educativa, que es abrir con las palabras precisas caminos de ilusi\u00f3n y aventura, esa pasi\u00f3n por vislumbrar los misterios del mundo.<\/p>\n<p>FOTO: El Diario.es<\/p>\n","protected":false},"excerpt":{"rendered":"<p>S\u00f3lo la luz que se esconde en los ojos de un ni\u00f1o es capaz de&#8230;<\/p>\n","protected":false},"author":1,"featured_media":65632,"comment_status":"closed","ping_status":"closed","sticky":false,"template":"","format":"standard","meta":{"_coblocks_attr":"","_coblocks_dimensions":"","_coblocks_responsive_height":"","_coblocks_accordion_ie_support":"","jetpack_post_was_ever_published":false,"_jetpack_newsletter_access":"","_jetpack_dont_email_post_to_subs":false,"_jetpack_newsletter_tier_id":0,"_jetpack_memberships_contains_paywalled_content":false,"_jetpack_memberships_contains_paid_content":false,"footnotes":"","jetpack_publicize_message":"","jetpack_publicize_feature_enabled":true,"jetpack_social_post_already_shared":true,"jetpack_social_options":{"image_generator_settings":{"template":"highway","default_image_id":0,"enabled":false},"version":2}},"categories":[187,44,6914,6937],"tags":[],"class_list":["post-65628","post","type-post","status-publish","format-standard","has-post-thumbnail","hentry","category-centros-educativos","category-noticias-de-hoy","category-opinion-de-reme-sanchez","category-sociedad"],"jetpack_publicize_connections":[],"jetpack_featured_media_url":"https:\/\/i0.wp.com\/miradordeatarfe.es\/wp-content\/uploads\/2023\/12\/th.jpeg?fit=400%2C228&ssl=1","jetpack_likes_enabled":true,"jetpack_sharing_enabled":true,"_links":{"self":[{"href":"https:\/\/miradordeatarfe.es\/index.php?rest_route=\/wp\/v2\/posts\/65628","targetHints":{"allow":["GET"]}}],"collection":[{"href":"https:\/\/miradordeatarfe.es\/index.php?rest_route=\/wp\/v2\/posts"}],"about":[{"href":"https:\/\/miradordeatarfe.es\/index.php?rest_route=\/wp\/v2\/types\/post"}],"author":[{"embeddable":true,"href":"https:\/\/miradordeatarfe.es\/index.php?rest_route=\/wp\/v2\/users\/1"}],"replies":[{"embeddable":true,"href":"https:\/\/miradordeatarfe.es\/index.php?rest_route=%2Fwp%2Fv2%2Fcomments&post=65628"}],"version-history":[{"count":4,"href":"https:\/\/miradordeatarfe.es\/index.php?rest_route=\/wp\/v2\/posts\/65628\/revisions"}],"predecessor-version":[{"id":65634,"href":"https:\/\/miradordeatarfe.es\/index.php?rest_route=\/wp\/v2\/posts\/65628\/revisions\/65634"}],"wp:featuredmedia":[{"embeddable":true,"href":"https:\/\/miradordeatarfe.es\/index.php?rest_route=\/wp\/v2\/media\/65632"}],"wp:attachment":[{"href":"https:\/\/miradordeatarfe.es\/index.php?rest_route=%2Fwp%2Fv2%2Fmedia&parent=65628"}],"wp:term":[{"taxonomy":"category","embeddable":true,"href":"https:\/\/miradordeatarfe.es\/index.php?rest_route=%2Fwp%2Fv2%2Fcategories&post=65628"},{"taxonomy":"post_tag","embeddable":true,"href":"https:\/\/miradordeatarfe.es\/index.php?rest_route=%2Fwp%2Fv2%2Ftags&post=65628"}],"curies":[{"name":"wp","href":"https:\/\/api.w.org\/{rel}","templated":true}]}}