{"id":65635,"date":"2023-12-14T10:50:24","date_gmt":"2023-12-14T09:50:24","guid":{"rendered":"https:\/\/miradordeatarfe.es\/?p=65635"},"modified":"2023-12-11T21:26:33","modified_gmt":"2023-12-11T20:26:33","slug":"el-informe-pisa-revela-el-impacto-de-la-nueva-comunicacion-entre-los-estudiantes","status":"publish","type":"post","link":"https:\/\/miradordeatarfe.es\/?p=65635","title":{"rendered":"El informe PISA revela el impacto de la nueva comunicaci\u00f3n entre los estudiantes"},"content":{"rendered":"<div class=\"elementor-element elementor-element-3d09b315 elementor-widget elementor-widget-text-editor\" data-id=\"3d09b315\" data-element_type=\"widget\" data-widget_type=\"text-editor.default\">\n<div class=\"elementor-widget-container\">\n<div class=\"elementor-text-editor elementor-clearfix\">\n<p><strong>FALTA DE MEMORIA, IMCAPACIDAD DE REFLEXIONAR, CONTROL GRAMATICAL EXCASO\u2026<\/strong><\/p>\n<\/div>\n<\/div>\n<\/div>\n<div class=\"elementor-element elementor-element-51fc1b3d elementor-widget elementor-widget-text-editor\" data-id=\"51fc1b3d\" data-element_type=\"widget\" data-widget_type=\"text-editor.default\">\n<div class=\"elementor-widget-container\">\n<div class=\"elementor-text-editor elementor-clearfix\">\n<p style=\"text-align: justify;\">El informe PISA, elaborado por la Organizaci\u00f3n para la Cooperaci\u00f3n y el Desarrollo Econ\u00f3micos (OCDE), es una evaluaci\u00f3n internacional que mide el rendimiento a partir de las nuevas formas de comunicaci\u00f3n<\/p>\n<\/div>\n<\/div>\n<\/div>\n<div class=\"elementor-element elementor-element-6b396805 elementor-widget elementor-widget-theme-post-content\" style=\"text-align: justify;\" data-id=\"6b396805\" data-element_type=\"widget\" data-widget_type=\"theme-post-content.default\">\n<div class=\"elementor-widget-container\">\n<p>En plena \u00e9poca de transformaci\u00f3n digital y de implantaci\u00f3n de la IA, los resultaos del <strong>informe PISA 2022, <\/strong> publicados en diciembre de 2023, muestran un descenso de la capacidad de los m\u00e1s j\u00f3venes en sus estudios y en la forma que tienen de comunicarse. Cabe destacar que el este informe<strong>,<\/strong> elaborado por la <strong>Organizaci\u00f3n para la Cooperaci\u00f3n y el Desarrollo Econ\u00f3micos (OCDE), <\/strong>es una <strong>evaluaci\u00f3n internacional que mide el rendimiento de los alumnos adolescentes. <\/strong><\/p>\n<p>Pues bien, cabe destacar como la <strong>falta de memoria, incapacidad de reflexionar sobre lo abstracto, control gramatical escaso, incomprensi\u00f3n matem\u00e1tica y todo unido a un cambio en la metodolog\u00eda educativa, <\/strong>son factores reales que hacen pr\u00e1cticamente imposible el desarrollo mental y reflexivo de la nuevas generaciones.<\/p>\n<p>Estos resultados son preocupantes, ya que indican que<strong> los estudiantes espa\u00f1oles est\u00e1n adquiriendo menos conocimientos y habilidades que en el pasado<\/strong>. Este descenso de la capacidad podr\u00eda tene<strong>r consecuencias negativas para el futuro<\/strong> de los j\u00f3venes, ya que dificulta su acceso a la educaci\u00f3n superior y al mercado laboral.<\/p>\n<p>Pues bien, seg\u00fan los expertos, esta realidad se debe a una serie de factores que podr\u00edan estar contribuyendo al descenso de la capacidad de los chicos y entre los que destacan: <strong>El aumento del uso de la tecnolog\u00eda y las Redes Sociales:<\/strong>\u00a0Y es que, el aumento del uso de la tecnolog\u00eda, especialmente de los dispositivos m\u00f3viles, tambi\u00e9n podr\u00eda estar contribuyendo al descenso de la capacidad de los estudiantes. La tecnolog\u00eda ofrece a los j\u00f3venes una forma de acceder a informaci\u00f3n y entretenimiento de forma r\u00e1pida y sencilla, lo que puede reducir su necesidad de desarrollar sus propias habilidades de pensamiento cr\u00edtico y reflexi\u00f3n.<\/p>\n<p>Por tanto, las\u00a0<strong>Redes Sociales<\/strong>\u00a0en los j\u00f3venes profundiza en la escasa necesidad que tienen\u00a0 en entender cualquier tema ya que el resultado de la pantalla, que dura entre uno y dos segundos estimula su \u201cfelicidad\u201d convirti\u00e9ndolos en esclavos del est\u00edmulo y del contacto inmediato. Adem\u00e1s, otro factor destacable son <strong>los cambios sociales y culturales<\/strong>, que tambi\u00e9n podr\u00edan estar influyendo en el desarrollo de los chicos. La sociedad actual es cada vez m\u00e1s compleja y exigente, y los j\u00f3venes se enfrentan a una gran cantidad de est\u00edmulos y distracciones. Esto puede dificultarles la concentraci\u00f3n y el aprendizaje.<\/p>\n<h4><strong>C\u00f3mo revertir esta situaci\u00f3n <\/strong><\/h4>\n<p>Ahora bien, para revertir el descenso de la capacidad de los estudiantes, es necesario tomar medidas en los <strong>\u00e1mbitos educativo, social y cultural<\/strong>. En el \u00e1mbito educativo, es necesario volver a poner el \u00e9nfasis en el aprendizaje de conocimientos y habilidades b\u00e1sicas, como la <strong>memoria, la capacidad de reflexi\u00f3n y el control gramatical.<\/strong> Tambi\u00e9n es importante que la ense\u00f1anza se centre en el desarrollo del<strong> pensamiento cr\u00edtico y reflexivo,<\/strong> y que se utilicen metodolog\u00edas educativas que estimulen la participaci\u00f3n activa de los alumnos.<\/p>\n<p>En el <strong>\u00e1mbito social y cultural, es necesario crear un entorno que favorezca el desarrollo de los estudiantes.<\/strong> Esto implica<strong> reducir la exposici\u00f3n a la tecnolog\u00eda y a los est\u00edmulos externos, y promover actividades que estimulen el pensamiento cr\u00edtico y la reflexi\u00f3n. <\/strong>Por tanto, las medidas que se adopten para revertir el descenso de la capacidad de los chicos deben ser i<strong>ntegrales y a largo plazo<\/strong>. Solo de esta forma se podr\u00e1 garantizar que las nuevas generaciones tengan las competencias y habilidades necesarias para afrontar los retos del siglo XXI.<\/p>\n<p>Sin ser pesimistas del todo, hace falta<strong> decisi\u00f3n pol\u00edtica y social para paliar una situaci\u00f3n que, a lo \u00fanico que va a tender es a convertir a la nueva generaci\u00f3n de estudiantes en una generaci\u00f3n sumamente menor preparada <\/strong>para atender sus necesidades y el conocimiento del mundo que la de sus padres.<\/p>\n<\/div>\n<\/div>\n<p style=\"text-align: justify;\"><span class=\"elementor-icon-list-text elementor-post-info__item elementor-post-info__item--type-author\"><strong><span class=\"elementor-post-info__item-prefix\">por<\/span> Diana Ramos<\/strong> <\/span><\/p>\n<div class=\"elementor-element elementor-element-7743d61f z4-post-metadata elementor-widget elementor-widget-post-info\" data-id=\"7743d61f\" data-element_type=\"widget\" data-widget_type=\"post-info.default\">\n<div class=\"elementor-widget-container\">\n<p>FOTO:EL DIARIO.ES<\/p>\n<blockquote class=\"wp-embedded-content\" data-secret=\"6NsTHSZP7F\"><p><a href=\"https:\/\/prnoticias.com\/2023\/12\/11\/el-informe-pisa-revela-el-impacto-de-la-nueva-comunicacion-entre-los-estudiantes\/\">El informe PISA revela el impacto de la nueva comunicaci\u00f3n entre los estudiantes<\/a><\/p><\/blockquote>\n<p><iframe loading=\"lazy\" class=\"wp-embedded-content\" sandbox=\"allow-scripts\" security=\"restricted\" style=\"position: absolute; visibility: hidden;\" title=\"\u00abEl informe PISA revela el impacto de la nueva comunicaci\u00f3n entre los estudiantes\u00bb \u2014 PR Noticias\" src=\"https:\/\/prnoticias.com\/2023\/12\/11\/el-informe-pisa-revela-el-impacto-de-la-nueva-comunicacion-entre-los-estudiantes\/embed\/#?secret=zdi7JHlF6D#?secret=6NsTHSZP7F\" data-secret=\"6NsTHSZP7F\" width=\"600\" height=\"338\" frameborder=\"0\" marginwidth=\"0\" marginheight=\"0\" scrolling=\"no\"><\/iframe><\/p>\n<\/div>\n<\/div>\n","protected":false},"excerpt":{"rendered":"<p>FALTA DE MEMORIA, IMCAPACIDAD DE REFLEXIONAR, CONTROL GRAMATICAL EXCASO\u2026 El informe PISA, elaborado por la&#8230;<\/p>\n","protected":false},"author":1,"featured_media":65630,"comment_status":"closed","ping_status":"closed","sticky":false,"template":"","format":"standard","meta":{"_coblocks_attr":"","_coblocks_dimensions":"","_coblocks_responsive_height":"","_coblocks_accordion_ie_support":"","jetpack_post_was_ever_published":false,"_jetpack_newsletter_access":"","_jetpack_dont_email_post_to_subs":false,"_jetpack_newsletter_tier_id":0,"_jetpack_memberships_contains_paywalled_content":false,"_jetpack_memberships_contains_paid_content":false,"footnotes":"","jetpack_publicize_message":"","jetpack_publicize_feature_enabled":true,"jetpack_social_post_already_shared":true,"jetpack_social_options":{"image_generator_settings":{"template":"highway","default_image_id":0,"enabled":false},"version":2}},"categories":[187,44,6920],"tags":[],"class_list":["post-65635","post","type-post","status-publish","format-standard","has-post-thumbnail","hentry","category-centros-educativos","category-noticias-de-hoy","category-tecnologia"],"jetpack_publicize_connections":[],"jetpack_featured_media_url":"https:\/\/i0.wp.com\/miradordeatarfe.es\/wp-content\/uploads\/2023\/12\/Ordenador-movil-interacciones-redes-sociales-correos-750x375-1.jpg?fit=750%2C375&ssl=1","jetpack_likes_enabled":true,"jetpack_sharing_enabled":true,"_links":{"self":[{"href":"https:\/\/miradordeatarfe.es\/index.php?rest_route=\/wp\/v2\/posts\/65635","targetHints":{"allow":["GET"]}}],"collection":[{"href":"https:\/\/miradordeatarfe.es\/index.php?rest_route=\/wp\/v2\/posts"}],"about":[{"href":"https:\/\/miradordeatarfe.es\/index.php?rest_route=\/wp\/v2\/types\/post"}],"author":[{"embeddable":true,"href":"https:\/\/miradordeatarfe.es\/index.php?rest_route=\/wp\/v2\/users\/1"}],"replies":[{"embeddable":true,"href":"https:\/\/miradordeatarfe.es\/index.php?rest_route=%2Fwp%2Fv2%2Fcomments&post=65635"}],"version-history":[{"count":1,"href":"https:\/\/miradordeatarfe.es\/index.php?rest_route=\/wp\/v2\/posts\/65635\/revisions"}],"predecessor-version":[{"id":65636,"href":"https:\/\/miradordeatarfe.es\/index.php?rest_route=\/wp\/v2\/posts\/65635\/revisions\/65636"}],"wp:featuredmedia":[{"embeddable":true,"href":"https:\/\/miradordeatarfe.es\/index.php?rest_route=\/wp\/v2\/media\/65630"}],"wp:attachment":[{"href":"https:\/\/miradordeatarfe.es\/index.php?rest_route=%2Fwp%2Fv2%2Fmedia&parent=65635"}],"wp:term":[{"taxonomy":"category","embeddable":true,"href":"https:\/\/miradordeatarfe.es\/index.php?rest_route=%2Fwp%2Fv2%2Fcategories&post=65635"},{"taxonomy":"post_tag","embeddable":true,"href":"https:\/\/miradordeatarfe.es\/index.php?rest_route=%2Fwp%2Fv2%2Ftags&post=65635"}],"curies":[{"name":"wp","href":"https:\/\/api.w.org\/{rel}","templated":true}]}}