{"id":65651,"date":"2023-12-13T09:38:19","date_gmt":"2023-12-13T08:38:19","guid":{"rendered":"https:\/\/miradordeatarfe.es\/?p=65651"},"modified":"2023-12-12T13:09:55","modified_gmt":"2023-12-12T12:09:55","slug":"ninos-mutantes-cierra-su-carrera-con-dos-conciertos-el-ano-proximo","status":"publish","type":"post","link":"https:\/\/miradordeatarfe.es\/?p=65651","title":{"rendered":"Ni\u00f1os Mutantes cierra su carrera con dos conciertos el a\u00f1o pr\u00f3ximo"},"content":{"rendered":"<h3 class=\"v-a-sub-t\" style=\"text-align: justify;\">La banda granadina ha publicado catorce discos a lo largo de treinta a\u00f1os de vida.<\/h3>\n<p class=\"v-p\" style=\"text-align: justify;\">Casa fundada en 1994, a punto de cumplir los treinta a\u00f1os de existencia el grupo Ni\u00f1os Mutantes decide detener su carrera un tiempo indefinido. Cerrar\u00e1n esta etapa con un par de conciertos en Madrid y Granada en noviembre del a\u00f1o pr\u00f3ximo (extensible a gira) y entrar\u00e1n en una fase de pausa sin fecha de regreso. En la presentaci\u00f3n de su \u00faltimo disco &#8216;Cuchillos y Diamantes&#8217; afirmaban que hab\u00edan asumido \u00abretos y miedos\u00bb, que se hab\u00edan abierto en canal y optado \u00abpor la sinceridad como mensaje principal. Para lo bueno y para lo malo\u00bb. Y en esa tesitura han decidido parar.<\/p>\n<p class=\"v-p\" style=\"text-align: justify;\">Las complicaciones y servidumbres del mundo actual de la m\u00fasica para unos m\u00fasicos sin dedicaci\u00f3n a tiempo completo, ya que cada uno de ellos tiene otras dedicaciones profesionales dentro o fuera de la m\u00fasica, han complicado la existencia del proyecto. \u00abSacar discos y salir de gira, -comenta Nani Casta\u00f1eda, su baterista- requiere muchas energ\u00edas y mucho tiempo; adem\u00e1s hemos notado un cambio generacional en el p\u00fablico, y el nuestro es tambi\u00e9n mayor y tiene otras obligaciones. Preferimos dejarlo ahora y que quede un buen recuerdo de Mutantes\u00bb. Ejemplos tambi\u00e9n generacionales como los de Santiago Auser\u00f3n, Lapido, Coque Malla o el mismo Miguel R\u00edos no han parecido servir de modelo para motivar la pervivencia del cuarteto en un circuito &#8216;adulto&#8217;. En un reciente espacio de Radio Nacional, el conocido locutor \u00c1ngel Carmona comentaba que \u00abhay una heroicidad en estas bandas, porque ten\u00edan m\u00e1s de un trabajo, trabajaban de lunes a viernes y los s\u00e1bados se met\u00edan en la furgoneta. Eso es incompatible con una vida familiar cuando cumples determinadas edades\u00bb.<\/p>\n<p class=\"v-p\" style=\"text-align: justify;\">Los m\u00e1s sagaces ya hab\u00edan intuido en su letra &#8216;Errante&#8217; que empezaban a notarse girando en una \u00f3rbita exc\u00e9ntrica: \u00abNo puedo cambiar. Ser\u00e1 que soy muy viejo. Yo no puedo darte lo que quieres porque soy errante. Y mi cabeza gira locamente en sentido inverso al que lleva la \u00f3rbita terrestre\u00bb.<\/p>\n<p class=\"v-p\" style=\"text-align: justify;\"><a href=\"https:\/\/i0.wp.com\/miradordeatarfe.es\/wp-content\/uploads\/2023\/12\/ninos_mutantes_c_andres_lopez_2023.jpg?ssl=1\"><img data-recalc-dims=\"1\" loading=\"lazy\" decoding=\"async\" class=\"wp-image-65694 size-full alignleft\" src=\"https:\/\/i0.wp.com\/miradordeatarfe.es\/wp-content\/uploads\/2023\/12\/ninos_mutantes_c_andres_lopez_2023.jpg?resize=640%2C480&#038;ssl=1\" alt=\"\" width=\"640\" height=\"480\" srcset=\"https:\/\/i0.wp.com\/miradordeatarfe.es\/wp-content\/uploads\/2023\/12\/ninos_mutantes_c_andres_lopez_2023.jpg?w=750&amp;ssl=1 750w, https:\/\/i0.wp.com\/miradordeatarfe.es\/wp-content\/uploads\/2023\/12\/ninos_mutantes_c_andres_lopez_2023.jpg?resize=300%2C225&amp;ssl=1 300w\" sizes=\"auto, (max-width: 640px) 100vw, 640px\" \/><\/a><\/p>\n<p><span style=\"font-size: 8pt;\"><em>FOTO: ANDR\u00c9S L\u00d3PEZ<\/em><\/span><\/p>\n<p class=\"v-p\" style=\"text-align: justify;\">Por el camino han quedado catorce discos, una original caja recopilatoria de singles, la pel\u00edcula &#8216;Nunca olvidar\u00e9 esta noche&#8217; y el disco de homenaje &#8216;Mutanciones&#8217;, en el que una veintena de compa\u00f1eros de escenario interpretaban canciones de los granadinos. Tambi\u00e9n un millar de conciertos, como afirman en la nota de despedida.<\/p>\n<p class=\"v-p\" style=\"text-align: justify;\">En el mismo texto Juan Alberto, Nani Casta\u00f1eda, Migu\u00e9 Haro y Andr\u00e9s L\u00f3pez aseguran al un\u00edsono, que van \u00aba echar de menos componer, grabar, viajar, subir a escenarios, ver vuestras caras, o\u00edr vuestros aplausos, re\u00edr juntos, llorar juntos, discutir, comer como animales, pelearnos, contar chistes solo nuestros, emborracharnos hasta hacerse de d\u00eda, emocionarnos con nuestras cosas. Perder eso es duro, pero sentimos que hemos dicho ya lo que ten\u00edamos que decir y que toca dejar el relevo a una nueva generaci\u00f3n. Es ley de vida, nada es eterno\u00bb.<\/p>\n<p class=\"v-p\" style=\"text-align: justify;\">\u00abDa un poco de rabia -puntualiza Juan Alberto, su cantante y autor- porque nosotros hemos defendido siempre las carreras largas, pero es que como sociedad estamos despreciando el talento de los sabios de la tribu, y ese trato despiadado te hace sentirte fuera de juego. Hemos hecho un esfuerzo ingente en los \u00faltimos discos por estar vivos y mantener la inquietud, pero el entorno te hace ver con ferocidad que solo eres una marca, y una marca gastada. Ahora toca pasar el luto y ver lo que viene, porque no te puedes desenganchar de la m\u00fasica de un d\u00eda para otro\u00bb, concluye apesadumbrado, negando que, como en otros casos, la desmembraci\u00f3n del grupo sea la plataforma de lanzamiento individual de sus componentes.<\/p>\n<p>&nbsp;<\/p>\n<p class=\"v-p\" style=\"text-align: justify;\">Los granadinos acompa\u00f1an en este &#8216;fin de ciclo&#8217; a otros nombres como Izal, Rayden, Full, Second\u2026 Que tambi\u00e9n han decidido, por diversas razones, decir adi\u00f3s (o &#8216;hasta luego&#8217;) a sus seguidores.<\/p>\n<p style=\"text-align: justify;\">La m\u00edtica banda granadina dar\u00e1 sus dos \u00faltimos conciertos a final de 2024, el d\u00eda 2 de noviembre en la sala La Riviera de Madrid y el <strong>23 de noviembre en el Teatro CajaGranada<\/strong>, para los que ya est\u00e1n disponibles las entradas.\u00a0<\/p>\n<p style=\"text-align: justify;\">Con m\u00e1s 12 discos publicados, m\u00e1s de 1.000 conciertos y una extensa colecci\u00f3n de canciones inolvidables, Ni\u00f1os Mutantes se ha convertido, por derecho propio y ganado a pulso a lo largo de los a\u00f1os, en una de las bandas m\u00e1s importantes de la historia de la m\u00fasica pop-rock en Granada y un referente de la llamada m\u00fasica &#8216;indie&#8217; con gran prestigio a nivel nacional. Deja para siempre una extensa colecci\u00f3n de canciones inolvidables &#8216;Errante\u201d, \u201cTodo va a cambiar\u201d o \u201cNo puedo m\u00e1s contigo\u201d, que forman parte ya de la banda sonora de muchas vidas.\u00a0<\/p>\n<h4 style=\"text-align: justify;\">Origen en el Zaid\u00edn<\/h4>\n<p style=\"text-align: justify;\">Juan Alberto Mart\u00ednez, Nani Casta\u00f1eda y Migue Haro se conocieron a los 14 a\u00f1os al coincidir en el mismo instituto en Granada, el Mariana Pineda del Zaid\u00edn. Su pasi\u00f3n por la m\u00fasica los hizo conectar y, al poco tiempo, Migue y Nani fundan su primera banda, Mam\u00e1 Baker, de la que Juan Alberto se convierte en colaborador hasta que en 1994 deciden fundar en paralelo Ni\u00f1os Mutantes, mezclando los sonidos de la ruidosa escena alternativa de aquel momento con un pop mel\u00f3dico heredero de referencias de los a\u00f1os 60. Entre grunge y noise tienen o\u00eddos para Beatles, Brincos o Zombies y as\u00ed suavizan su pasi\u00f3n de adolescentes locos por Pixies, Sonic Youth, Surfin\u2019 Bichos o Lagartija Nick.<\/p>\n<p style=\"text-align: justify;\">Despu\u00e9s llegar\u00eda su primer disco, en 1998, &#8216;Mano, Parque, Paseo&#8217; y una larga trayectoria con otros 11 \u00e1lbumes y m\u00e1s de un millar de conciertos.\u00a0<\/p>\n<p style=\"text-align: justify;\">Para conocer m\u00e1s sobre la trayectoria del grupo:<\/p>\n<ul style=\"text-align: justify;\">\n<li><a href=\"https:\/\/www.elindependientedegranada.es\/cultura\/30-anos-ninos-mutantes\">Los 30 a\u00f1os de Ni\u00f1os Mutantes<\/a><\/li>\n<\/ul>\n<p style=\"text-align: justify;\">Y tambi\u00e9n puedes leer dos entrevistas que publicamos este a\u00f1o:\u00a0<\/p>\n<ul>\n<li><a href=\"https:\/\/www.elindependientedegranada.es\/cultura\/ninos-mutantes-madurar-es-darse-cuenta-que-no-eres-centro-mundo\">Ni\u00f1os Mutantes: \u201cMadurar es darse cuenta de que no eres el centro del mundo\u201d<\/a><\/li>\n<li><a href=\"https:\/\/www.elindependientedegranada.es\/cultura\/ninos-mutantes-dee-fest-es-festival-diferente-ecologico-familiar\">Ni\u00f1os Mutantes: \u00abEl DEE Fest es un festival diferente, ecol\u00f3gico y familiar\u00bb<\/a><\/li>\n<\/ul>\n<p><strong>Juan Jes\u00fas Garc\u00eda<\/strong><\/p>\n<p><span class=\"v-fc__text\">FOTO:Ni\u00f1os Mutantes, en concierto.<\/span> <span class=\"v-fc__ath\">J. J. G.<\/span><\/p>\n<article class=\"v-a v-a--d v-a--d-bs v-a--p-b\">\n<div class=\"v-a-info-c \">\n<p class=\"v-a-sub-t\">https:\/\/www.ideal.es\/culturas\/musica\/ninos-mutantes-despide-dos-conciertos-ano-proximo-20231211183301-nt.html<\/p>\n<p>FOTO :<\/p>\n<\/div>\n<\/article>\n<div class=\"v-d v-d--ab-c v-d--bs\">\n<div class=\"v-mdl-ath \" data-voc-component=\"viewport-not-visible\">\n<div class=\"v-mdl-ath__c v-mdl-ath__c--1\">\n<div class=\"v-mdl-ath__inf\">\n<p class=\"v-mdl-ath__p v-mdl-ath__p--2\"><strong>\u00a0<\/strong><\/p>\n<\/div>\n<\/div>\n<\/div>\n<\/div>\n","protected":false},"excerpt":{"rendered":"<p>La banda granadina ha publicado catorce discos a lo largo de treinta a\u00f1os de vida&#8230;.<\/p>\n","protected":false},"author":1,"featured_media":65652,"comment_status":"closed","ping_status":"closed","sticky":false,"template":"","format":"standard","meta":{"_coblocks_attr":"","_coblocks_dimensions":"","_coblocks_responsive_height":"","_coblocks_accordion_ie_support":"","jetpack_post_was_ever_published":false,"_jetpack_newsletter_access":"","_jetpack_dont_email_post_to_subs":false,"_jetpack_newsletter_tier_id":0,"_jetpack_memberships_contains_paywalled_content":false,"_jetpack_memberships_contains_paid_content":false,"footnotes":"","jetpack_publicize_message":"","jetpack_publicize_feature_enabled":true,"jetpack_social_post_already_shared":true,"jetpack_social_options":{"image_generator_settings":{"template":"highway","default_image_id":0,"enabled":false},"version":2}},"categories":[1161,10781,44],"tags":[],"class_list":["post-65651","post","type-post","status-publish","format-standard","has-post-thumbnail","hentry","category-ciudadania","category-granada","category-noticias-de-hoy"],"jetpack_publicize_connections":[],"jetpack_featured_media_url":"https:\/\/i0.wp.com\/miradordeatarfe.es\/wp-content\/uploads\/2023\/12\/ninios.jpg?fit=2000%2C1335&ssl=1","jetpack_likes_enabled":true,"jetpack_sharing_enabled":true,"_links":{"self":[{"href":"https:\/\/miradordeatarfe.es\/index.php?rest_route=\/wp\/v2\/posts\/65651","targetHints":{"allow":["GET"]}}],"collection":[{"href":"https:\/\/miradordeatarfe.es\/index.php?rest_route=\/wp\/v2\/posts"}],"about":[{"href":"https:\/\/miradordeatarfe.es\/index.php?rest_route=\/wp\/v2\/types\/post"}],"author":[{"embeddable":true,"href":"https:\/\/miradordeatarfe.es\/index.php?rest_route=\/wp\/v2\/users\/1"}],"replies":[{"embeddable":true,"href":"https:\/\/miradordeatarfe.es\/index.php?rest_route=%2Fwp%2Fv2%2Fcomments&post=65651"}],"version-history":[{"count":3,"href":"https:\/\/miradordeatarfe.es\/index.php?rest_route=\/wp\/v2\/posts\/65651\/revisions"}],"predecessor-version":[{"id":65696,"href":"https:\/\/miradordeatarfe.es\/index.php?rest_route=\/wp\/v2\/posts\/65651\/revisions\/65696"}],"wp:featuredmedia":[{"embeddable":true,"href":"https:\/\/miradordeatarfe.es\/index.php?rest_route=\/wp\/v2\/media\/65652"}],"wp:attachment":[{"href":"https:\/\/miradordeatarfe.es\/index.php?rest_route=%2Fwp%2Fv2%2Fmedia&parent=65651"}],"wp:term":[{"taxonomy":"category","embeddable":true,"href":"https:\/\/miradordeatarfe.es\/index.php?rest_route=%2Fwp%2Fv2%2Fcategories&post=65651"},{"taxonomy":"post_tag","embeddable":true,"href":"https:\/\/miradordeatarfe.es\/index.php?rest_route=%2Fwp%2Fv2%2Ftags&post=65651"}],"curies":[{"name":"wp","href":"https:\/\/api.w.org\/{rel}","templated":true}]}}