{"id":65661,"date":"2023-12-12T11:05:51","date_gmt":"2023-12-12T10:05:51","guid":{"rendered":"https:\/\/miradordeatarfe.es\/?p=65661"},"modified":"2023-12-11T21:14:48","modified_gmt":"2023-12-11T20:14:48","slug":"campana-de-vacunacion-contra-la-gripe-en-atarfe","status":"publish","type":"post","link":"https:\/\/miradordeatarfe.es\/?p=65661","title":{"rendered":"Campa\u00f1a de Vacunaci\u00f3n contra la Gripe en Atarfe"},"content":{"rendered":"<div class=\"x11i5rnm xat24cr x1mh8g0r x1vvkbs xtlvy1s x126k92a\">\n<h1 dir=\"auto\">\u00a1Dos d\u00edas de Vacunaci\u00f3n sin Cita!<\/h1>\n<p>La\u00a0Consejer\u00eda de Salud y Consumo\u00a0de la Junta de Andaluc\u00eda organiza unas\u00a0<strong class=\"mce\">jornadas de vacunaci\u00f3n sin cita <\/strong>por toda Andaluc\u00eda los pr\u00f3ximos d\u00edas<strong class=\"mce\"> 12 y 13 de diciembre<\/strong>.<\/p>\n<p style=\"text-align: justify;\">El objetivo es\u00a0<strong class=\"mce\">incrementar la vacunaci\u00f3n frente a gripe y Covid antes de la llegada de las fiestas navide\u00f1as<\/strong>, ya que\u00a0las reuniones sociales y familiares traen consigo el aumento del n\u00famero de casos por virus respiratorios. Por ello, es importante acelerar a\u00fan m\u00e1s el ritmo de vacunaci\u00f3n frente a la gripe y la Covid en todas las personas de los grupos diana, tal y como indica el Plan Estrat\u00e9gico de Vacunaciones de la Direcci\u00f3n General de Salud P\u00fablica y Ordenaci\u00f3n Farmac\u00e9utica de la Consejer\u00eda de Salud y Consumo de la Junta de Andaluc\u00eda.<\/p>\n<h2 class=\"mce\" style=\"text-align: justify;\">\u00bfQui\u00e9n puede acudir?<\/h2>\n<p class=\"mce\" style=\"text-align: justify;\">A los puntos habilitados los pr\u00f3ximos d\u00edas 12 y 13 de diciembre<strong class=\"mce\">\u00a0<\/strong>podr\u00e1n acudir todas aquellas personas que a\u00fan no se hayan vacunado frente a la gripe o el Covid pertenecientes a los<strong class=\"mce\"> grupos diana<\/strong>:<\/p>\n<ul class=\"mce\" style=\"text-align: justify;\">\n<li class=\"mce\">Todas las personas de 60 a\u00f1os o m\u00e1s, independientemente de que tengan o no patolog\u00edas de base.<\/li>\n<li class=\"mce\">Adolescentes y adultos menores de 60 a\u00f1os con enfermedades cr\u00f3nicas o situaciones de riesgo (tabaquismo, embarazadas, profesionales sanitarios o de otras profesiones esenciales, como las fuerzas y cuerpos de seguridad del estado).<\/li>\n<li class=\"mce\">Convivientes de todas estas personas de riesgo.<\/li>\n<\/ul>\n<p class=\"mce\" style=\"text-align: justify;\">Desde el inicio de la campa\u00f1a de vacunaci\u00f3n frente a la gripe y el Covid en Andaluc\u00eda <strong class=\"mce\">se han vacunado de la gripe 1.462.824 personas<\/strong> y del Covid, 954.485. Respecto a los mayores de 60 a\u00f1os, ya se han vacunado 1.031.919 de gripe (49,7% de cobertura) y 807.830 de Covid (36,2% de cobertura).<\/p>\n<p class=\"mce\" style=\"text-align: justify;\">Sobre los <strong class=\"mce\">ni\u00f1os de 6 a 59 meses<\/strong>, que actualmente tienen indicaci\u00f3n de vacunarse, lo han hecho frente a la gripe un total de 92.542, es decir, el 33,3%.<\/p>\n<p class=\"mce\" style=\"text-align: justify;\">RECORDAR:<\/p>\n<\/div>\n<div class=\"x11i5rnm xat24cr x1mh8g0r x1vvkbs xtlvy1s x126k92a\">\n<div dir=\"auto\">Fecha: <strong>12 y 13 de Diciembre<\/strong><\/div>\n<div dir=\"auto\">Horario: <strong>9:30 a 13:00<\/strong><\/div>\n<div dir=\"auto\">Lugar: <strong>Centro de Salud de Atarfe<\/strong><\/div>\n<div dir=\"auto\">\u00a0<\/div>\n<\/div>\n<div class=\"x11i5rnm xat24cr x1mh8g0r x1vvkbs xtlvy1s x126k92a\">\n<div dir=\"auto\">Dirigido a <strong>mayores de 60 a\u00f1os y personas de cualquier edad con patolog\u00edas cr\u00f3nicas.<\/strong><\/div>\n<div dir=\"auto\">\u00a0<\/div>\n<\/div>\n<div dir=\"auto\">\u00a0<\/div>\n<div dir=\"auto\"><a href=\"https:\/\/i0.wp.com\/miradordeatarfe.es\/wp-content\/uploads\/2023\/12\/410223884_730986059078912_2038823499171983404_n-1.jpg?ssl=1\"><img data-recalc-dims=\"1\" loading=\"lazy\" decoding=\"async\" class=\"alignnone wp-image-65662 \" src=\"https:\/\/i0.wp.com\/miradordeatarfe.es\/wp-content\/uploads\/2023\/12\/410223884_730986059078912_2038823499171983404_n-1.jpg?resize=626%2C694&#038;ssl=1\" alt=\"\" width=\"626\" height=\"694\" srcset=\"https:\/\/i0.wp.com\/miradordeatarfe.es\/wp-content\/uploads\/2023\/12\/410223884_730986059078912_2038823499171983404_n-1.jpg?w=526&amp;ssl=1 526w, https:\/\/i0.wp.com\/miradordeatarfe.es\/wp-content\/uploads\/2023\/12\/410223884_730986059078912_2038823499171983404_n-1.jpg?resize=271%2C300&amp;ssl=1 271w\" sizes=\"auto, (max-width: 626px) 100vw, 626px\" \/><\/a><\/div>\n","protected":false},"excerpt":{"rendered":"<p>\u00a1Dos d\u00edas de Vacunaci\u00f3n sin Cita! La\u00a0Consejer\u00eda de Salud y Consumo\u00a0de la Junta de Andaluc\u00eda&#8230;<\/p>\n","protected":false},"author":1,"featured_media":65663,"comment_status":"closed","ping_status":"closed","sticky":false,"template":"","format":"standard","meta":{"_coblocks_attr":"","_coblocks_dimensions":"","_coblocks_responsive_height":"","_coblocks_accordion_ie_support":"","jetpack_post_was_ever_published":false,"_jetpack_newsletter_access":"","_jetpack_dont_email_post_to_subs":false,"_jetpack_newsletter_tier_id":0,"_jetpack_memberships_contains_paywalled_content":false,"_jetpack_memberships_contains_paid_content":false,"footnotes":"","jetpack_publicize_message":"","jetpack_publicize_feature_enabled":true,"jetpack_social_post_already_shared":true,"jetpack_social_options":{"image_generator_settings":{"template":"highway","default_image_id":0,"enabled":false},"version":2}},"categories":[2,44,10],"tags":[],"class_list":["post-65661","post","type-post","status-publish","format-standard","has-post-thumbnail","hentry","category-atarfe","category-noticias-de-hoy","category-salud"],"jetpack_publicize_connections":[],"jetpack_featured_media_url":"https:\/\/i0.wp.com\/miradordeatarfe.es\/wp-content\/uploads\/2023\/12\/VACUNA.jpg?fit=667%2C375&ssl=1","jetpack_likes_enabled":true,"jetpack_sharing_enabled":true,"_links":{"self":[{"href":"https:\/\/miradordeatarfe.es\/index.php?rest_route=\/wp\/v2\/posts\/65661","targetHints":{"allow":["GET"]}}],"collection":[{"href":"https:\/\/miradordeatarfe.es\/index.php?rest_route=\/wp\/v2\/posts"}],"about":[{"href":"https:\/\/miradordeatarfe.es\/index.php?rest_route=\/wp\/v2\/types\/post"}],"author":[{"embeddable":true,"href":"https:\/\/miradordeatarfe.es\/index.php?rest_route=\/wp\/v2\/users\/1"}],"replies":[{"embeddable":true,"href":"https:\/\/miradordeatarfe.es\/index.php?rest_route=%2Fwp%2Fv2%2Fcomments&post=65661"}],"version-history":[{"count":2,"href":"https:\/\/miradordeatarfe.es\/index.php?rest_route=\/wp\/v2\/posts\/65661\/revisions"}],"predecessor-version":[{"id":65665,"href":"https:\/\/miradordeatarfe.es\/index.php?rest_route=\/wp\/v2\/posts\/65661\/revisions\/65665"}],"wp:featuredmedia":[{"embeddable":true,"href":"https:\/\/miradordeatarfe.es\/index.php?rest_route=\/wp\/v2\/media\/65663"}],"wp:attachment":[{"href":"https:\/\/miradordeatarfe.es\/index.php?rest_route=%2Fwp%2Fv2%2Fmedia&parent=65661"}],"wp:term":[{"taxonomy":"category","embeddable":true,"href":"https:\/\/miradordeatarfe.es\/index.php?rest_route=%2Fwp%2Fv2%2Fcategories&post=65661"},{"taxonomy":"post_tag","embeddable":true,"href":"https:\/\/miradordeatarfe.es\/index.php?rest_route=%2Fwp%2Fv2%2Ftags&post=65661"}],"curies":[{"name":"wp","href":"https:\/\/api.w.org\/{rel}","templated":true}]}}