{"id":65666,"date":"2023-12-14T09:19:19","date_gmt":"2023-12-14T08:19:19","guid":{"rendered":"https:\/\/miradordeatarfe.es\/?p=65666"},"modified":"2023-12-11T21:25:42","modified_gmt":"2023-12-11T20:25:42","slug":"del-imperio-romano-a-robespierre-libros-para-regalar-y-conocer-la-historia","status":"publish","type":"post","link":"https:\/\/miradordeatarfe.es\/?p=65666","title":{"rendered":"Del imperio romano a Robespierre&#8230; libros para regalar y conocer la Historia"},"content":{"rendered":"<article class=\"v-a v-a--d v-a--d-bs v-a--p-b\">\n<div class=\"v-a-info-c \">\n<h2 class=\"v-a-sub-t\" style=\"text-align: justify;\">Elegimos diez libros para satisfacer la curiosidad de todos<\/h2>\n<\/div>\n<\/article>\n<p class=\"v-p\" style=\"text-align: justify;\">Para viajar al pasado no hacen falta mecanismos de ciencia ficci\u00f3n. Con abrir un libro de historia es suficiente. Pero basta con asomarse a una librer\u00eda para comprobar que la oferta es inabarcable. Seleccionamos diez t\u00edtulos que pueden ser un buen regalo para estas navidades.<\/p>\n<div class=\"v-c-cmp v-c-cmp--ab-sm\" style=\"text-align: justify;\">\n<div class=\"v-d-cmp-list-b\">\n<ol class=\"v-d-cmp-list-b__list\">\n<li class=\"v-d-cmp-list-b__item\">\n<div class=\"v-d-cmp-list-b__n\">\n<h3 class=\"v-number\">1&#8217;Eso no estaba en mi libro de prehistoria&#8217;<\/h3>\n<\/div>\n<\/li>\n<\/ol>\n<\/div>\n<\/div>\n<div class=\"v-c-cmp \" style=\"text-align: justify;\">\n<div class=\"v-d-cmp-m\">\n<article class=\"v-a v-a--cmp-m \">\n<div class=\"v-a-img-c v-a-img-c--fw-xs\">\n<figure class=\"v-a-fig\"><img data-recalc-dims=\"1\" loading=\"lazy\" decoding=\"async\" class=\"v-a-img lzld\" src=\"https:\/\/i0.wp.com\/s1.ppllstatics.com\/rc\/www\/multimedia\/2023\/12\/08\/Imagen%20Prehistorai.jpg?resize=640%2C448&#038;ssl=1\" alt=\"\" width=\"640\" height=\"448\" data-voc-vtm-id=\"in-text-traffic\" \/><\/figure>\n<\/div>\n<\/article>\n<\/div>\n<\/div>\n<p class=\"v-p\" style=\"text-align: justify;\">La mayor parte de la historia de la humanidad, desde su origen hasta la invenci\u00f3n de la escritura, es la prehistoria. En &#8216;Eso no estaba en mi libro de prehistoria&#8217; (ed. Almuzara) el arque\u00f3logo Jaime Almansa S\u00e1nchez explica, de forma coloquial pero rigurosa, las fases en las que se divide este enorme periodo, pero tambi\u00e9n c\u00f3mo ha evolucionado su estudio, desde los primeros eruditos que se plantearon la cuesti\u00f3n hasta la arqueolog\u00eda actual, cuyos m\u00e9todos explica de forma muy did\u00e1ctica.<\/p>\n<div class=\"v-c-cmp v-c-cmp--ab-sm\" style=\"text-align: justify;\">\n<div class=\"v-d-cmp-list-b\">\n<ol class=\"v-d-cmp-list-b__list\">\n<li class=\"v-d-cmp-list-b__item\">\n<div class=\"v-d-cmp-list-b__n\">\n<h3 class=\"v-number\">2 &#8216;C\u00f3mo meter toda la Antigua Grecia en un ascensor&#8217;<\/h3>\n<\/div>\n<\/li>\n<\/ol>\n<\/div>\n<\/div>\n<div class=\"v-c-cmp \" style=\"text-align: justify;\">\n<div class=\"v-d-cmp-m\">\n<article class=\"v-a v-a--cmp-m \">\n<div class=\"v-a-img-c v-a-img-c--fw-xs\">\n<figure class=\"v-a-fig\"><img data-recalc-dims=\"1\" loading=\"lazy\" decoding=\"async\" class=\"v-a-img lzld\" src=\"https:\/\/i0.wp.com\/s1.ppllstatics.com\/rc\/www\/multimedia\/2023\/12\/08\/Imagen%20Grecia.jpg?resize=640%2C448&#038;ssl=1\" alt=\"\" width=\"640\" height=\"448\" data-voc-vtm-id=\"in-text-traffic\" \/><\/figure>\n<\/div>\n<\/article>\n<\/div>\n<\/div>\n<p class=\"v-p\" style=\"text-align: justify;\">Tambi\u00e9n es un divertido manual de arqueolog\u00eda &#8216;C\u00f3mo meter toda la Antigua Grecia en un ascensor&#8217; (ed. Paid\u00f3s), un di\u00e1logo entre un arque\u00f3logo -el autor, Teodoro Papakostas- y un se\u00f1or encerrados en un ascensor. Cuando el segundo descubre el oficio del primero, se deja llevar por la curiosidad y la charla se convierte en una muy entretenida clase sobre la historia de la Grecia cl\u00e1sica que va mucho m\u00e1s all\u00e1, porque se remonta al paleol\u00edtico.<\/p>\n<div class=\"v-c-cmp v-c-cmp--ab-sm\" style=\"text-align: justify;\">\n<div class=\"v-d-cmp-list-b\">\n<ol class=\"v-d-cmp-list-b__list\">\n<li class=\"v-d-cmp-list-b__item\">\n<div class=\"v-d-cmp-list-b__n\">\n<h3 class=\"v-number\">3\u00a0 &#8216;Emperador de Roma&#8217;<\/h3>\n<\/div>\n<\/li>\n<\/ol>\n<\/div>\n<\/div>\n<div class=\"v-c-cmp \" style=\"text-align: justify;\">\n<div class=\"v-d-cmp-m\">\n<article class=\"v-a v-a--cmp-m \">\n<div class=\"v-a-img-c v-a-img-c--fw-xs\">\n<figure class=\"v-a-fig\"><img data-recalc-dims=\"1\" loading=\"lazy\" decoding=\"async\" class=\"v-a-img lzld\" src=\"https:\/\/i0.wp.com\/s1.ppllstatics.com\/rc\/www\/multimedia\/2023\/12\/08\/Imagen%20emperador.jpg?resize=640%2C448&#038;ssl=1\" alt=\"\" width=\"640\" height=\"448\" data-voc-vtm-id=\"in-text-traffic\" \/><\/figure>\n<\/div>\n<\/article>\n<\/div>\n<\/div>\n<p class=\"v-p\" style=\"text-align: justify;\">Tendemos a imaginar a los emperadores romanos como tiranos m\u00e1s o menos enloquecidos. Mary Beard, probablemente la especialista m\u00e1s popular en la Roma antigua, escoge las extravagancias de uno de los emperadores m\u00e1s chiflados, Heliog\u00e1balo, para abrir &#8216;Emperador de Roma&#8217; (Ed. Cr\u00edtica), libro en el que explica qu\u00e9 y c\u00f3mo fueron realmente los emperadores, c\u00f3mo ejerc\u00edan su poder, de qu\u00e9 modo se administraba este y c\u00f3mo se ha forjado la imagen que tenemos de ellos.<\/p>\n<div class=\"v-c-cmp v-c-cmp--ab-sm\" style=\"text-align: justify;\">\n<div class=\"v-d-cmp-list-b\">\n<ol class=\"v-d-cmp-list-b__list\">\n<li class=\"v-d-cmp-list-b__item\">\n<div class=\"v-d-cmp-list-b__n\">\n<h3 class=\"v-number\">4 &#8216;El olor de la Edad Media&#8217;<\/h3>\n<\/div>\n<\/li>\n<\/ol>\n<\/div>\n<\/div>\n<div class=\"v-c-cmp \" style=\"text-align: justify;\">\n<div class=\"v-d-cmp-m\">\n<article class=\"v-a v-a--cmp-m \">\n<div class=\"v-a-img-c v-a-img-c--fw-xs\">\n<figure class=\"v-a-fig\"><img data-recalc-dims=\"1\" loading=\"lazy\" decoding=\"async\" class=\"v-a-img lzld\" src=\"https:\/\/i0.wp.com\/s3.ppllstatics.com\/rc\/www\/multimedia\/2023\/12\/08\/Imagen%20OLor.jpg?resize=640%2C448&#038;ssl=1\" alt=\"\" width=\"640\" height=\"448\" data-voc-vtm-id=\"in-text-traffic\" \/><\/figure>\n<\/div>\n<\/article>\n<\/div>\n<\/div>\n<p class=\"v-p\" style=\"text-align: justify;\">Siglos de prejuicios han asentado el t\u00f3pico de que en el medievo la higiene brillaba por su ausencia. En &#8216;El olor de la Edad Media&#8217; (ed. \u00c1tico de los Libros) Javier Trait\u00e9 y Consuelo Sanz de Bremond se proponen \u00abresumir lo que sabemos de verdad sobre la higiene\u00bb en ese periodo. Un &#8216;resumen&#8217; sorprendente de m\u00e1s de mil p\u00e1ginas en el que se describen los ba\u00f1os, el agua corriente, las letrinas, la limpieza de las calles o la fabricaci\u00f3n de jabones y dent\u00edfricos, que se usaron en toda Europa durante el milenio medieval.<\/p>\n<div class=\"v-c-cmp v-c-cmp--ab-sm\" style=\"text-align: justify;\">\n<div class=\"v-d-cmp-list-b\">\n<ol class=\"v-d-cmp-list-b__list\">\n<li class=\"v-d-cmp-list-b__item\">\n<div class=\"v-d-cmp-list-b__n\">\n<h3 class=\"v-number\">5 &#8216;El mundo, una historia de familias&#8217;<\/h3>\n<\/div>\n<\/li>\n<\/ol>\n<\/div>\n<\/div>\n<div class=\"v-c-cmp \" style=\"text-align: justify;\">\n<div class=\"v-d-cmp-m\">\n<article class=\"v-a v-a--cmp-m \">\n<div class=\"v-a-img-c v-a-img-c--fw-xs\">\n<figure class=\"v-a-fig\"><img data-recalc-dims=\"1\" loading=\"lazy\" decoding=\"async\" class=\"v-a-img lzld\" src=\"https:\/\/i0.wp.com\/s1.ppllstatics.com\/rc\/www\/multimedia\/2023\/12\/08\/Imagen%20familias.jpg?resize=640%2C448&#038;ssl=1\" alt=\"\" width=\"640\" height=\"448\" data-voc-vtm-id=\"in-text-traffic\" \/><\/figure>\n<\/div>\n<\/article>\n<\/div>\n<\/div>\n<p class=\"v-p\" style=\"text-align: justify;\">Tambi\u00e9n es un libro ambicioso &#8216;El mundo, una historia de familias&#8217; (Ed. Cr\u00edtica), de Simon Sebag Montefiore. Es una historia mundial, nada menos, a trav\u00e9s de las familias. Pero no solo las de reyes y estadistas. De hecho, la primera que figura es una familia de esclavos de Mesopotamia. El que quiz\u00e1 sea el libro m\u00e1s peculiar de esta selecci\u00f3n tiene la virtud de que puede leerse en cualquier orden, &#8216;picoteando&#8217; de un cap\u00edtulo a otro, una ventaja frente a su volumen imponente.<\/p>\n<div class=\"v-c-cmp v-c-cmp--ab-sm\" style=\"text-align: justify;\">\n<div class=\"v-d-cmp-list-b\">\n<ol class=\"v-d-cmp-list-b__list\">\n<li class=\"v-d-cmp-list-b__item\">\n<div class=\"v-d-cmp-list-b__n\">\n<h3 class=\"v-number\">6 &#8216;La ca\u00edda de Robespierre&#8217;<\/h3>\n<\/div>\n<\/li>\n<\/ol>\n<\/div>\n<\/div>\n<div class=\"v-c-cmp \" style=\"text-align: justify;\">\n<div class=\"v-d-cmp-m\">\n<article class=\"v-a v-a--cmp-m \">\n<div class=\"v-a-img-c v-a-img-c--fw-xs\">\n<figure class=\"v-a-fig\"><img data-recalc-dims=\"1\" loading=\"lazy\" decoding=\"async\" class=\"v-a-img lzld\" src=\"https:\/\/i0.wp.com\/s3.ppllstatics.com\/rc\/www\/multimedia\/2023\/12\/08\/Imagen%20Robespierre.jpg?resize=640%2C448&#038;ssl=1\" alt=\"\" width=\"640\" height=\"448\" data-voc-vtm-id=\"in-text-traffic\" \/><\/figure>\n<\/div>\n<\/article>\n<\/div>\n<\/div>\n<p class=\"v-p\" style=\"text-align: justify;\">\u00bfSe pueden reconstruir 24 horas en la vida de un personaje hist\u00f3rico del siglo XVIII? Colin Jones, profesor de la Universidad de Queen Mary de Londres ha demostrado que s\u00ed. Como si se tratara de &#8217;24&#8217;, la serie de televisi\u00f3n protagonizada por Kiefer Sutherland, Jones cuenta con minuciosidad en &#8216;La ca\u00edda de Robespierre&#8217; (ed. Cr\u00edtica) la \u00faltima jornada en el poder y en la vida de Maximilien Robespierre, uno de los m\u00e1s prominentes l\u00edderes de la Revoluci\u00f3n francesa.<\/p>\n<div class=\"v-c-cmp v-c-cmp--ab-sm\" style=\"text-align: justify;\">\n<div class=\"v-d-cmp-list-b\">\n<ol class=\"v-d-cmp-list-b__list\">\n<li class=\"v-d-cmp-list-b__item\">\n<div class=\"v-d-cmp-list-b__n\">\n<h3 class=\"v-number\">7 &#8216;Napole\u00f3n, una vida&#8217;<\/h3>\n<\/div>\n<\/li>\n<\/ol>\n<\/div>\n<\/div>\n<div class=\"v-c-cmp \" style=\"text-align: justify;\">\n<div class=\"v-d-cmp-m\">\n<article class=\"v-a v-a--cmp-m \">\n<div class=\"v-a-img-c v-a-img-c--fw-xs\">\n<figure class=\"v-a-fig\"><img data-recalc-dims=\"1\" loading=\"lazy\" decoding=\"async\" class=\"v-a-img lzld\" src=\"https:\/\/i0.wp.com\/s2.ppllstatics.com\/rc\/www\/multimedia\/2023\/12\/08\/Imagen%20Napo.jpg?resize=640%2C448&#038;ssl=1\" alt=\"\" width=\"640\" height=\"448\" data-voc-vtm-id=\"in-text-traffic\" \/><\/figure>\n<\/div>\n<\/article>\n<\/div>\n<\/div>\n<p class=\"v-p\" style=\"text-align: justify;\">En el a\u00f1o en el que Ridley Scott ha estrenado su monumental y discutido biopic &#8216;Napol\u00e9on&#8217;, es inevitable incluir una biograf\u00eda del emperador de los franceses en una selecci\u00f3n de libros de historia. Nada f\u00e1cil, por la abundancia de t\u00edtulos que se han editado y reeditado sobre el personaje. Pero cabe destacar &#8216;Napol\u00e9on, una vida&#8217; (ed. Palabra), del brit\u00e1nico Andrew Roberts, que ha sido definido, y con raz\u00f3n, como \u00abuna biograf\u00eda de escala \u00e9pica\u00bb.<\/p>\n<div class=\"v-c-cmp v-c-cmp--ab-sm\" style=\"text-align: justify;\">\n<div class=\"v-d-cmp-list-b\">\n<ol class=\"v-d-cmp-list-b__list\">\n<li class=\"v-d-cmp-list-b__item\">\n<div class=\"v-d-cmp-list-b__n\">\n<h3 class=\"v-number\">8 &#8216;Trafalgar&#8217;<\/h3>\n<\/div>\n<\/li>\n<\/ol>\n<\/div>\n<\/div>\n<div class=\"v-c-cmp \" style=\"text-align: justify;\">\n<div class=\"v-d-cmp-m\">\n<article class=\"v-a v-a--cmp-m \">\n<div class=\"v-a-img-c v-a-img-c--fw-xs\">\n<figure class=\"v-a-fig\"><img data-recalc-dims=\"1\" loading=\"lazy\" decoding=\"async\" class=\"v-a-img lzld\" src=\"https:\/\/i0.wp.com\/s2.ppllstatics.com\/rc\/www\/multimedia\/2023\/12\/08\/Imagen%20Trafalgar.jpg?resize=640%2C448&#038;ssl=1\" alt=\"\" width=\"640\" height=\"448\" data-voc-vtm-id=\"in-text-traffic\" \/><\/figure>\n<\/div>\n<\/article>\n<\/div>\n<\/div>\n<p class=\"v-p\" style=\"text-align: justify;\">El 21 de octubre de 1805 las escuadras francoespa\u00f1ola y brit\u00e1nica se enfrentaban frenta a la costa del cabo Trafalgar, en C\u00e1diz. En &#8216;Trafalgar: una derrota gloriosa&#8217; (Ed. Desperta Ferro), obra colectiva coordinada por Agust\u00edn Guimer\u00e1, no solo se analiza al detalle el combate desde las perspectivas inglesa, francesa y espa\u00f1ola, tambi\u00e9n se explican sus antecedentes, consecuencias y memoria.<\/p>\n<div class=\"v-c-cmp v-c-cmp--ab-sm\" style=\"text-align: justify;\">\n<div class=\"v-d-cmp-list-b\">\n<ol class=\"v-d-cmp-list-b__list\">\n<li class=\"v-d-cmp-list-b__item\">\n<div class=\"v-d-cmp-list-b__n\">\n<h3 class=\"v-number\">9 &#8216;Espa\u00f1a con honra&#8217;<\/h3>\n<\/div>\n<\/li>\n<\/ol>\n<\/div>\n<\/div>\n<div class=\"v-c-cmp \" style=\"text-align: justify;\">\n<div class=\"v-d-cmp-m\">\n<article class=\"v-a v-a--cmp-m \">\n<div class=\"v-a-img-c v-a-img-c--fw-xs\">\n<figure class=\"v-a-fig\"><img data-recalc-dims=\"1\" loading=\"lazy\" decoding=\"async\" class=\"v-a-img lzld\" src=\"https:\/\/i0.wp.com\/s2.ppllstatics.com\/rc\/www\/multimedia\/2023\/12\/08\/Imagen%20Aquillu.jpg?resize=640%2C448&#038;ssl=1\" alt=\"\" width=\"640\" height=\"448\" data-voc-vtm-id=\"in-text-traffic\" \/><\/figure>\n<\/div>\n<\/article>\n<\/div>\n<\/div>\n<p class=\"v-p\" style=\"text-align: justify;\">El siglo XIX espa\u00f1ol no tiene buena fama, cuando en realidad fue tan convulso como el del resto de occidente. A explicarlo de una forma muy amena y desmitificadora se dedica el historiador zaragozano Daniel Aquillu\u00e9 en &#8216;Espa\u00f1a con honra&#8217; (Ed. Esfera de los libros). Un libro \u00abplanteado para desterrar mitos y poner cada cosa en su contexto hist\u00f3rico\u00bb que demuestra que no debe entenderse aquella centuria como una sucesi\u00f3n fatal de fracasos.<\/p>\n<div class=\"v-c-cmp v-c-cmp--ab-sm\" style=\"text-align: justify;\">\n<div class=\"v-d-cmp-list-b\">\n<ol class=\"v-d-cmp-list-b__list\">\n<li class=\"v-d-cmp-list-b__item\">\n<div class=\"v-d-cmp-list-b__n\">\n<h3 class=\"v-number\">10\u00a0 &#8216;M\u00e1s all\u00e1&#8217;<\/h3>\n<\/div>\n<\/li>\n<\/ol>\n<\/div>\n<\/div>\n<div class=\"v-c-cmp \" style=\"text-align: justify;\">\n<div class=\"v-d-cmp-m\">\n<article class=\"v-a v-a--cmp-m \">\n<div class=\"v-a-img-c v-a-img-c--fw-xs\">\n<figure class=\"v-a-fig\"><img data-recalc-dims=\"1\" loading=\"lazy\" decoding=\"async\" class=\"v-a-img lzld\" src=\"https:\/\/i0.wp.com\/s3.ppllstatics.com\/rc\/www\/multimedia\/2023\/12\/08\/Imagen%20MasAlla.jpg?resize=640%2C448&#038;ssl=1\" alt=\"\" width=\"640\" height=\"448\" data-voc-vtm-id=\"in-text-traffic\" \/><\/figure>\n<\/div>\n<\/article>\n<\/div>\n<\/div>\n<p class=\"v-p\" style=\"text-align: justify;\">El 12 de abril de 1961 el cosmonauta sovi\u00e9tico Yuri Gagarin se convirti\u00f3 en el primer viajero espacial de la historia. En &#8216;M\u00e1s all\u00e1: la asombrosa historia del primer humano que viaj\u00f3 al espacio&#8217; (ed. Capit\u00e1n Swing) Stephen Walker narra toda la historia del h\u00e9roe, su formaci\u00f3n, su vuelo hist\u00f3rico de apenas 106 minutos y su final tr\u00e1gico, todo ello en plena Guerra Fr\u00eda. Un episodio clave de la carrera espacial desentra\u00f1ado en un libro apasionante.<\/p>\n<div class=\"v-mdl-ath__inf\">\n<h3 class=\"v-mdl-ath__p v-mdl-ath__p--2\">Julio Arrieta<\/h3>\n<p>https:\/\/www.ideal.es\/vivir\/tendencias\/imperio-romano-robespierre-diez-libros-historia-leidos-20231209185547-ntrc.html<\/p>\n<\/div>\n","protected":false},"excerpt":{"rendered":"<p>Elegimos diez libros para satisfacer la curiosidad de todos Para viajar al pasado no hacen&#8230;<\/p>\n","protected":false},"author":1,"featured_media":65667,"comment_status":"closed","ping_status":"closed","sticky":false,"template":"","format":"standard","meta":{"_coblocks_attr":"","_coblocks_dimensions":"","_coblocks_responsive_height":"","_coblocks_accordion_ie_support":"","jetpack_post_was_ever_published":false,"_jetpack_newsletter_access":"","_jetpack_dont_email_post_to_subs":false,"_jetpack_newsletter_tier_id":0,"_jetpack_memberships_contains_paywalled_content":false,"_jetpack_memberships_contains_paid_content":false,"footnotes":"","jetpack_publicize_message":"","jetpack_publicize_feature_enabled":true,"jetpack_social_post_already_shared":true,"jetpack_social_options":{"image_generator_settings":{"template":"highway","default_image_id":0,"enabled":false},"version":2}},"categories":[1161,44,6937],"tags":[],"class_list":["post-65666","post","type-post","status-publish","format-standard","has-post-thumbnail","hentry","category-ciudadania","category-noticias-de-hoy","category-sociedad"],"jetpack_publicize_connections":[],"jetpack_featured_media_url":"https:\/\/i0.wp.com\/miradordeatarfe.es\/wp-content\/uploads\/2023\/12\/libros-historia.webp?fit=1200%2C840&ssl=1","jetpack_likes_enabled":true,"jetpack_sharing_enabled":true,"_links":{"self":[{"href":"https:\/\/miradordeatarfe.es\/index.php?rest_route=\/wp\/v2\/posts\/65666","targetHints":{"allow":["GET"]}}],"collection":[{"href":"https:\/\/miradordeatarfe.es\/index.php?rest_route=\/wp\/v2\/posts"}],"about":[{"href":"https:\/\/miradordeatarfe.es\/index.php?rest_route=\/wp\/v2\/types\/post"}],"author":[{"embeddable":true,"href":"https:\/\/miradordeatarfe.es\/index.php?rest_route=\/wp\/v2\/users\/1"}],"replies":[{"embeddable":true,"href":"https:\/\/miradordeatarfe.es\/index.php?rest_route=%2Fwp%2Fv2%2Fcomments&post=65666"}],"version-history":[{"count":2,"href":"https:\/\/miradordeatarfe.es\/index.php?rest_route=\/wp\/v2\/posts\/65666\/revisions"}],"predecessor-version":[{"id":65669,"href":"https:\/\/miradordeatarfe.es\/index.php?rest_route=\/wp\/v2\/posts\/65666\/revisions\/65669"}],"wp:featuredmedia":[{"embeddable":true,"href":"https:\/\/miradordeatarfe.es\/index.php?rest_route=\/wp\/v2\/media\/65667"}],"wp:attachment":[{"href":"https:\/\/miradordeatarfe.es\/index.php?rest_route=%2Fwp%2Fv2%2Fmedia&parent=65666"}],"wp:term":[{"taxonomy":"category","embeddable":true,"href":"https:\/\/miradordeatarfe.es\/index.php?rest_route=%2Fwp%2Fv2%2Fcategories&post=65666"},{"taxonomy":"post_tag","embeddable":true,"href":"https:\/\/miradordeatarfe.es\/index.php?rest_route=%2Fwp%2Fv2%2Ftags&post=65666"}],"curies":[{"name":"wp","href":"https:\/\/api.w.org\/{rel}","templated":true}]}}