{"id":65674,"date":"2023-12-16T10:23:17","date_gmt":"2023-12-16T09:23:17","guid":{"rendered":"https:\/\/miradordeatarfe.es\/?p=65674"},"modified":"2023-12-16T10:23:51","modified_gmt":"2023-12-16T09:23:51","slug":"atarfecampana-solidaria-de-recogida-de-alimentos","status":"publish","type":"post","link":"https:\/\/miradordeatarfe.es\/?p=65674","title":{"rendered":"ATARFE: Campa\u00f1a Solidaria de Recogida de Alimentos"},"content":{"rendered":"<div class=\"xdj266r x11i5rnm xat24cr x1mh8g0r x1vvkbs x126k92a\">\n<h3 dir=\"auto\" style=\"text-align: justify;\">\u00a0\u00danete a la iniciativa de la Red Andaluza Escuela Espacio de Paz en colaboraci\u00f3n con Jiruma, el Banco de Alimentos de Atarfe.<\/h3>\n<p style=\"text-align: justify;\">Aunque lo importante de la INICIATIVA\u00a0 es dar testimonio de la necesidad que sigue existiendo en nuestra sociedad m\u00e1s cercana DE FALTA DE ALIMENTACI\u00d3N , no es menos importante hacerlo bien y de la forma m\u00e1s eficiente posible.<\/p>\n<p style=\"text-align: justify;\">JIRUMA\u00a0 entrega gratuitamente los alimentos que recoge a entidades sin \u00e1nimo de lucro legalmente constituidas de\u00a0 que tienen entre sus fines la ayuda social. Colaboramos conjuntamente para que, a trav\u00e9s de ellas, estos alimentos lleguen a las personas en situaci\u00f3n de necesidad alimentaria y\/o en riesgo de exclusi\u00f3n social, adem\u00e1s del reparto que la propia asociaci\u00f3n realiza entre las personas que sufren necesidades alimenticias.<\/p>\n<p><a href=\"https:\/\/i0.wp.com\/miradordeatarfe.es\/wp-content\/uploads\/2023\/12\/banco-alimentos_98.webp?ssl=1\"><img data-recalc-dims=\"1\" loading=\"lazy\" decoding=\"async\" class=\"size-medium wp-image-65675 alignleft\" src=\"https:\/\/i0.wp.com\/miradordeatarfe.es\/wp-content\/uploads\/2023\/12\/banco-alimentos_98.webp?resize=300%2C169&#038;ssl=1\" alt=\"\" width=\"300\" height=\"169\" srcset=\"https:\/\/i0.wp.com\/miradordeatarfe.es\/wp-content\/uploads\/2023\/12\/banco-alimentos_98.webp?resize=300%2C169&amp;ssl=1 300w, https:\/\/i0.wp.com\/miradordeatarfe.es\/wp-content\/uploads\/2023\/12\/banco-alimentos_98.webp?resize=1024%2C576&amp;ssl=1 1024w, https:\/\/i0.wp.com\/miradordeatarfe.es\/wp-content\/uploads\/2023\/12\/banco-alimentos_98.webp?resize=768%2C432&amp;ssl=1 768w, https:\/\/i0.wp.com\/miradordeatarfe.es\/wp-content\/uploads\/2023\/12\/banco-alimentos_98.webp?resize=1536%2C864&amp;ssl=1 1536w, https:\/\/i0.wp.com\/miradordeatarfe.es\/wp-content\/uploads\/2023\/12\/banco-alimentos_98.webp?resize=1320%2C743&amp;ssl=1 1320w, https:\/\/i0.wp.com\/miradordeatarfe.es\/wp-content\/uploads\/2023\/12\/banco-alimentos_98.webp?w=1900&amp;ssl=1 1900w\" sizes=\"auto, (max-width: 300px) 100vw, 300px\" \/><\/a><\/p>\n<\/div>\n<div class=\"x11i5rnm xat24cr x1mh8g0r x1vvkbs xtlvy1s x126k92a\" style=\"text-align: justify;\">\n<h3 dir=\"auto\">\u00a0Puntos de Recogida: Todos los centros p\u00fablicos de educaci\u00f3n infantil y primaria en Atarfe, as\u00ed como el centro de ense\u00f1anza de adultos.<\/h3>\n<\/div>\n<div class=\"x11i5rnm xat24cr x1mh8g0r x1vvkbs xtlvy1s x126k92a\" style=\"text-align: justify;\">\n<h3 dir=\"auto\">\u00a0Del 11 al 21 de Diciembre<\/h3>\n<\/div>\n<div class=\"x11i5rnm xat24cr x1mh8g0r x1vvkbs xtlvy1s x126k92a\" style=\"text-align: justify;\">\n<div dir=\"auto\">\u00a0\u00a1Colabora con alimentos no perecederos, productos de aseo personal, pa\u00f1ales y leche para los m\u00e1s peque\u00f1os!<\/div>\n<\/div>\n<div class=\"x11i5rnm xat24cr x1mh8g0r x1vvkbs xtlvy1s x126k92a\">\n<div dir=\"auto\" style=\"text-align: justify;\">Cada peque\u00f1a aportaci\u00f3n cuenta y hace la diferencia. Construye puentes de solidaridad en esta \u00e9poca tan especial.\u00a0<\/div>\n<div dir=\"auto\">\u00a0<\/div>\n<div dir=\"auto\"><a href=\"https:\/\/i0.wp.com\/miradordeatarfe.es\/wp-content\/uploads\/2023\/12\/408974481_730968779080640_7891667039484136057_n.jpg?ssl=1\"><img data-recalc-dims=\"1\" loading=\"lazy\" decoding=\"async\" class=\"wp-image-65679  aligncenter\" src=\"https:\/\/i0.wp.com\/miradordeatarfe.es\/wp-content\/uploads\/2023\/12\/408974481_730968779080640_7891667039484136057_n.jpg?resize=640%2C640&#038;ssl=1\" alt=\"\" width=\"640\" height=\"640\" srcset=\"https:\/\/i0.wp.com\/miradordeatarfe.es\/wp-content\/uploads\/2023\/12\/408974481_730968779080640_7891667039484136057_n.jpg?w=526&amp;ssl=1 526w, https:\/\/i0.wp.com\/miradordeatarfe.es\/wp-content\/uploads\/2023\/12\/408974481_730968779080640_7891667039484136057_n.jpg?resize=300%2C300&amp;ssl=1 300w, https:\/\/i0.wp.com\/miradordeatarfe.es\/wp-content\/uploads\/2023\/12\/408974481_730968779080640_7891667039484136057_n.jpg?resize=150%2C150&amp;ssl=1 150w\" sizes=\"auto, (max-width: 640px) 100vw, 640px\" \/><\/a><\/div>\n<\/div>\n","protected":false},"excerpt":{"rendered":"<p>\u00a0\u00danete a la iniciativa de la Red Andaluza Escuela Espacio de Paz en colaboraci\u00f3n con&#8230;<\/p>\n","protected":false},"author":1,"featured_media":65676,"comment_status":"closed","ping_status":"closed","sticky":false,"template":"","format":"standard","meta":{"_coblocks_attr":"","_coblocks_dimensions":"","_coblocks_responsive_height":"","_coblocks_accordion_ie_support":"","jetpack_post_was_ever_published":false,"_jetpack_newsletter_access":"","_jetpack_dont_email_post_to_subs":false,"_jetpack_newsletter_tier_id":0,"_jetpack_memberships_contains_paywalled_content":false,"_jetpack_memberships_contains_paid_content":false,"footnotes":"","jetpack_publicize_message":"","jetpack_publicize_feature_enabled":true,"jetpack_social_post_already_shared":false,"jetpack_social_options":{"image_generator_settings":{"template":"highway","default_image_id":0,"enabled":false},"version":2}},"categories":[2,187,44],"tags":[],"class_list":["post-65674","post","type-post","status-publish","format-standard","has-post-thumbnail","hentry","category-atarfe","category-centros-educativos","category-noticias-de-hoy"],"jetpack_publicize_connections":[],"jetpack_featured_media_url":"https:\/\/i0.wp.com\/miradordeatarfe.es\/wp-content\/uploads\/2023\/12\/Sin-titulo1.jpeg?fit=289%2C174&ssl=1","jetpack_likes_enabled":true,"jetpack_sharing_enabled":true,"_links":{"self":[{"href":"https:\/\/miradordeatarfe.es\/index.php?rest_route=\/wp\/v2\/posts\/65674","targetHints":{"allow":["GET"]}}],"collection":[{"href":"https:\/\/miradordeatarfe.es\/index.php?rest_route=\/wp\/v2\/posts"}],"about":[{"href":"https:\/\/miradordeatarfe.es\/index.php?rest_route=\/wp\/v2\/types\/post"}],"author":[{"embeddable":true,"href":"https:\/\/miradordeatarfe.es\/index.php?rest_route=\/wp\/v2\/users\/1"}],"replies":[{"embeddable":true,"href":"https:\/\/miradordeatarfe.es\/index.php?rest_route=%2Fwp%2Fv2%2Fcomments&post=65674"}],"version-history":[{"count":4,"href":"https:\/\/miradordeatarfe.es\/index.php?rest_route=\/wp\/v2\/posts\/65674\/revisions"}],"predecessor-version":[{"id":65727,"href":"https:\/\/miradordeatarfe.es\/index.php?rest_route=\/wp\/v2\/posts\/65674\/revisions\/65727"}],"wp:featuredmedia":[{"embeddable":true,"href":"https:\/\/miradordeatarfe.es\/index.php?rest_route=\/wp\/v2\/media\/65676"}],"wp:attachment":[{"href":"https:\/\/miradordeatarfe.es\/index.php?rest_route=%2Fwp%2Fv2%2Fmedia&parent=65674"}],"wp:term":[{"taxonomy":"category","embeddable":true,"href":"https:\/\/miradordeatarfe.es\/index.php?rest_route=%2Fwp%2Fv2%2Fcategories&post=65674"},{"taxonomy":"post_tag","embeddable":true,"href":"https:\/\/miradordeatarfe.es\/index.php?rest_route=%2Fwp%2Fv2%2Ftags&post=65674"}],"curies":[{"name":"wp","href":"https:\/\/api.w.org\/{rel}","templated":true}]}}