{"id":65687,"date":"2023-12-19T09:07:16","date_gmt":"2023-12-19T08:07:16","guid":{"rendered":"https:\/\/miradordeatarfe.es\/?p=65687"},"modified":"2023-12-15T10:53:49","modified_gmt":"2023-12-15T09:53:49","slug":"la-escuela-concertada-matricula-a-la-mitad-del-alumnado-desfavorecido-que-le-corresponderia","status":"publish","type":"post","link":"https:\/\/miradordeatarfe.es\/?p=65687","title":{"rendered":"La escuela concertada matricula a la mitad del alumnado desfavorecido que le corresponder\u00eda"},"content":{"rendered":"<h3 class=\"a_st\" style=\"text-align: justify;\">Espa\u00f1a es el s\u00e9ptimo pa\u00eds con la mayor red de centros privados subvencionados con fondos p\u00fablicos de los 36 miembros de la OCDE analizados por la Fundaci\u00f3 Bofill<\/h3>\n<p class=\"\" style=\"text-align: justify;\">La ense\u00f1anza concertada acoge a la mitad de los alumnos de extracci\u00f3n social desfavorecida que le corresponder\u00edan si su distribuci\u00f3n entre esta red educativa privada subvencionada y la escuela p\u00fablica fuera equilibrada, <a href=\"https:\/\/fundaciobofill.cat\/es\/publicaciones\/la-educacion-concertada-en-espana-reformas-en-clave-de-equidad-desde-una-perspectiva-internacional\" target=\"_blank\" rel=\"noopener\" data-link-track-dtm=\"\" data-mrf-link=\"https:\/\/fundaciobofill.cat\/es\/publicaciones\/la-educacion-concertada-en-espana-reformas-en-clave-de-equidad-desde-una-perspectiva-internacional\">seg\u00fan refleja un estudio<\/a> publicado este lunes por <a href=\"https:\/\/elpais.com\/educacion\/2022-09-12\/el-sociologo-miquel-angel-alegre-los-alumnos-han-perdido-sobre-todo-conocimientos-de-matematicas-e-ingles-con-la-covid.html\" target=\"_blank\" rel=\"noopener\" data-link-track-dtm=\"\" data-mrf-link=\"https:\/\/elpais.com\/educacion\/2022-09-12\/el-sociologo-miquel-angel-alegre-los-alumnos-han-perdido-sobre-todo-conocimientos-de-matematicas-e-ingles-con-la-covid.html\">la Fundaci\u00f3 Bofill<\/a>, que utiliza datos de la prueba internacional Pisa. En Espa\u00f1a, en torno a un 28% del alumnado de etapas obligatorias, entre los seis y los 16 a\u00f1os, est\u00e1 matriculado en colegios concertados. Ello lo convierte en el s\u00e9ptimo pa\u00eds, de los 36 miembros de la OCDE analizados en el informe, donde el modelo concertado se halla m\u00e1s extendido. La nueva ley de educaci\u00f3n, la Lomloe, ha creado nuevas herramientas para avanzar en la equidad y luchar contra la segregaci\u00f3n escolar, pero aplicarlas o no, advierten los autores del estudio, queda en manos de las comunidades aut\u00f3nomas.<\/p>\n<p class=\"\" style=\"text-align: justify;\">La escuela p\u00fablica matricula en Espa\u00f1a 2,2 veces m\u00e1s alumnado de bajo nivel socioecon\u00f3mico (el perteneciente al 25% m\u00e1s pobre) que la concertada, una vez corregida su diferencia de tama\u00f1o, ya que la p\u00fablica es mucho m\u00e1s grande: matricula a cerca del 67% del total de chavales de primaria y secundaria obligatoria. En los centros p\u00fablicos tambi\u00e9n estudian 1,6 veces m\u00e1s alumnos de origen inmigrante (englobando en ello a los extranjeros y a aquellos cuyos dos progenitores lo son) que en la concertada.<\/p>\n<p class=\"\" style=\"text-align: justify;\">Los autores del estudio publicado por la Fundaci\u00f3 Bofill, Adri\u00e1n Zancajo, Antoni Verger (ambos de la Universidad Aut\u00f3noma de Barcelona) y Clara Fontdevila (Universidad de Glasgow), se\u00f1alan que las investigaciones internacionales han puesto de manifiesto que la convivencia de una doble red educativa financiada con fondos p\u00fablicos \u201ctiende a reforzar din\u00e1micas <a href=\"https:\/\/elpais.com\/educacion\/2021-04-28\/espana-lidera-la-creacion-de-colegios-gueto-por-detras-de-turquia-y-lituania.html\" target=\"_blank\" rel=\"noopener\" data-link-track-dtm=\"\" data-mrf-link=\"https:\/\/elpais.com\/educacion\/2021-04-28\/espana-lidera-la-creacion-de-colegios-gueto-por-detras-de-turquia-y-lituania.html\">de segregaci\u00f3n escolar y estratificaci\u00f3n social<\/a> entre centros educativos, y a ampliar, por tanto, las desigualdades educativas\u201d. La investigaci\u00f3n comparada ha puesto igualmente de relieve no solo la existencia de \u201cpr\u00e1cticas selectivas y discriminatorias\u201d desarrolladas por estos centros privados subvencionados para elegir al alumnado que accede a sus aulas, sino tambi\u00e9n \u201cla dificultad de evitar sus manifestaciones m\u00e1s sutiles\u201d. Entre dichas pr\u00e1cticas figuran las entrevistas previas a padres y alumnos, y la imposici\u00f3n de cuotas o la exigencia de pagos en la pr\u00e1ctica obligatorios, presentados bajo f\u00f3rmulas diversas, que llevan a las familias pobres a autoexcluirse.<\/p>\n<p class=\"\" style=\"text-align: justify;\">El peso de la concertada en Espa\u00f1a es muy distinto en funci\u00f3n del territorio, y la diferencia entre el porcentaje de alumnado vulnerable que los centros de esta red deber\u00edan acoger y el que efectivamente matricula es especialmente significativo en lugares como Castilla-La Mancha, Canarias y Andaluc\u00eda, se\u00f1ala el informe de 186 p\u00e1ginas. Algunos territorios han dado pasos en los \u00faltimos a\u00f1os para intentar alcanzar un mayor equilibrio tras d\u00e9cadas de una \u201cregulaci\u00f3n laxa\u201d y \u201cde permisividad en la aplicaci\u00f3n de la misma\u201d, como Catalu\u00f1a, Pa\u00eds Vasco y Comunidad Valenciana, indican los autores, mientras otros, como Madrid, han avanzado en la direcci\u00f3n contraria. A escala internacional, Espa\u00f1a es el s\u00e9ptimo pa\u00eds con la mayor red concertada de los 36 de la OCDE analizados. Solo se sit\u00faan por delante Pa\u00edses Bajos, Reino Unido, Irlanda, B\u00e9lgica, Chile y Corea.<\/p>\n<p class=\"\" style=\"text-align: justify;\">Los chavales de entornos sociales desfavorecidos tambi\u00e9n tienen mayores dificultades educativas, mayor probabilidad de fracaso y de abandono escolar temprano. Zancajo afirma que repartir de forma equilibrada a este alumnado que presenta mayores necesidades entre las dos redes financiadas por el Estado ha estado presente \u201cen mayor o menor medida\u201d en todas las leyes educativas aprobadas desde los a\u00f1os ochenta en Espa\u00f1a. La actual pone \u201cm\u00e1s \u00e9nfasis\u201d en ello y <a href=\"https:\/\/elpais.com\/educacion\/2020-10-28\/la-nueva-ley-educativa-estrecha-el-cerco-a-las-escuelas-gueto.html\" target=\"_blank\" rel=\"noopener\" data-link-track-dtm=\"\" data-mrf-link=\"https:\/\/elpais.com\/educacion\/2020-10-28\/la-nueva-ley-educativa-estrecha-el-cerco-a-las-escuelas-gueto.html\">proporciona a las autoridades educativas un mayor n\u00famero de herramientas<\/a> de planificaci\u00f3n escolar para alcanzar el objetivo, prosigue el investigador, pero al mismo tiempo \u201cdeja a las comunidades mucho margen de maniobra, como estamos viendo\u201d. La Lomloe fue aprobada con el apoyo del PNV y de ERC. Y en dicho compromiso de crear instrumentos nuevos, pero permitir que sean los Ejecutivos auton\u00f3micos quienes decidan sobre su aplicaci\u00f3n, se nota la mano de ambas formaciones, movidas por su inter\u00e9s de potenciar el autogobierno y, sobre todo en el caso de los nacionalistas vascos, por su afinidad tradicional con la escuela concertada cat\u00f3lica.<\/p>\n<p class=\"\" style=\"text-align: justify;\">Los autores del estudio proponen medidas para mejorar la distribuci\u00f3n del alumnado vulnerable basadas en lo que en los \u00faltimos a\u00f1os han hecho otros pa\u00edses como B\u00e9lgica, Pa\u00edses Bajos y Chile, sugiriendo que el actual contexto de ca\u00edda demogr\u00e1fica (y por tanto de necesidad de estudiantes por parte de todos los centros) puede ayudar a llevarlas a la pr\u00e1ctica. La primera propuesta es condicionar la autorizaci\u00f3n y renovaci\u00f3n de los conciertos educativos \u201ca la corresponsabilizaci\u00f3n de la escolarizaci\u00f3n del alumnado socialmente desfavorecido\u201d, algo que, lamentan, ahora no sucede en muchas comunidades aut\u00f3nomas. La segunda, \u201creforzar la centralizaci\u00f3n en la gesti\u00f3n del proceso de elecci\u00f3n escolar\u201d y de admisi\u00f3n de alumnos para evitar las \u201cpr\u00e1cticas de selecci\u00f3n encubiertas\u201d. Y la tercera, hacer efectiva la prohibici\u00f3n del cobro de cuotas, con una aut\u00e9ntica supervisi\u00f3n por parte de la inspecci\u00f3n educativa, en paralelo a una mejora de la financiaci\u00f3n de los centros concertados. Es decir, proporcionarles m\u00e1s fondos p\u00fablicos a cambio de una verdadera gratuidad del servicio y un reparto equilibrado del alumnado.<\/p>\n<p class=\"\" style=\"text-align: justify;\">El documento apuesta tambi\u00e9n por una propuesta planteada anteriormente por la Fundaci\u00f3 Bofill para el conjunto del sistema educativo, la llamada \u201cfinanciaci\u00f3n por f\u00f3rmula\u201d, que consiste en que los centros educativos reciban los recursos no de forma lineal, sino en funci\u00f3n de las caracter\u00edsticas socioecon\u00f3micas del alumnado que acogen. Ello, se\u00f1alan, podr\u00eda ayudar a reducir la desigualdad en la distribuci\u00f3n del alumnado vulnerable entre ambas redes educativas y tambi\u00e9n dentro de cada una de ellas. Para lograr el objetivo, los autores tambi\u00e9n consideran imprescindible mejorar la informaci\u00f3n de que disponen las administraciones educativas a la hora de planificar, desde el perfil socioecon\u00f3mico de los alumnos a las cuentas de los centros concertados.<\/p>\n<h3 class=\"\" style=\"text-align: justify;\">Suben las ganancias de la educaci\u00f3n privada<\/h3>\n<p class=\"\" style=\"text-align: justify;\">El Instituto Nacional de Estad\u00edstica ha publicado, por otra parte, este lunes su Encuesta de Financiaci\u00f3n y Gasto de la Ense\u00f1anza Privada, que muestra que los beneficios (sin contar impuestos ni intereses) de las empresas del sector aumentaron un 27% en el curso 2020-2021 respecto al 2014-2015, hasta los 756 millones de euros. La encuesta tambi\u00e9n refleja que las administraciones subvencionaron el 74% de los gastos corrientes de los centros privados concertados, y el 2,1% de los privados no concertados.<\/p>\n<p class=\"\" style=\"text-align: justify;\">Los mayores beneficios por alumno para la educaci\u00f3n privada (englobando la subvencionada y la que no lo est\u00e1) procedieron de los ciclos de Formaci\u00f3n Profesional de grado superior (434 euros) y de grado medio (271), seguidos a distancia de los de bachillerato (196). La \u00fanica etapa donde los resultados por estudiante fueron negativos fue el primer ciclo de infantil (-180 euros), seg\u00fan el INE. El curso analizado estuvo a caballo de los dos peores a\u00f1os de la covid, lo que, unido a la ca\u00edda de la natalidad, hundi\u00f3 la matr\u00edcula de infantil.<\/p>\n<p>&nbsp;<\/p>\n<p><a class=\"a_md_a_n\" title=\"Ver todas las noticias de Ignacio Zafra\" href=\"https:\/\/elpais.com\/autor\/ignacio-zafra\/#?rel=author_top\" data-mrf-link=\"https:\/\/elpais.com\/autor\/ignacio-zafra\/\"><strong>Ignacio Zafra<\/strong><\/a><\/p>\n<p>FOTO: Patio de un colegio de L&#8217; Hospitalet de Llobregat, en Barcelona, en septiembre.<span class=\"a_m_m\">Gianluca Battista<\/span><\/p>\n<p>https:\/\/elpais.com\/educacion\/2022-11-29\/la-escuela-concertada-matricula-a-la-mitad-del-alumnado-desfavorecido-que-le-corresponderia.html<\/p>\n","protected":false},"excerpt":{"rendered":"<p>Espa\u00f1a es el s\u00e9ptimo pa\u00eds con la mayor red de centros privados subvencionados con fondos&#8230;<\/p>\n","protected":false},"author":1,"featured_media":65688,"comment_status":"closed","ping_status":"closed","sticky":false,"template":"","format":"standard","meta":{"_coblocks_attr":"","_coblocks_dimensions":"","_coblocks_responsive_height":"","_coblocks_accordion_ie_support":"","jetpack_post_was_ever_published":false,"_jetpack_newsletter_access":"","_jetpack_dont_email_post_to_subs":false,"_jetpack_newsletter_tier_id":0,"_jetpack_memberships_contains_paywalled_content":false,"_jetpack_memberships_contains_paid_content":false,"footnotes":"","jetpack_publicize_message":"","jetpack_publicize_feature_enabled":true,"jetpack_social_post_already_shared":true,"jetpack_social_options":{"image_generator_settings":{"template":"highway","default_image_id":0,"enabled":false},"version":2}},"categories":[187,44,7671],"tags":[],"class_list":["post-65687","post","type-post","status-publish","format-standard","has-post-thumbnail","hentry","category-centros-educativos","category-noticias-de-hoy","category-politica"],"jetpack_publicize_connections":[],"jetpack_featured_media_url":"https:\/\/i0.wp.com\/miradordeatarfe.es\/wp-content\/uploads\/2023\/12\/Screenshot-2023-12-12-at-12-08-19-La-escuela-concertada-matricula-a-la-mitad-del-alumnado-desfavorecido-que-le-corresponderia.png?fit=536%2C430&ssl=1","jetpack_likes_enabled":true,"jetpack_sharing_enabled":true,"_links":{"self":[{"href":"https:\/\/miradordeatarfe.es\/index.php?rest_route=\/wp\/v2\/posts\/65687","targetHints":{"allow":["GET"]}}],"collection":[{"href":"https:\/\/miradordeatarfe.es\/index.php?rest_route=\/wp\/v2\/posts"}],"about":[{"href":"https:\/\/miradordeatarfe.es\/index.php?rest_route=\/wp\/v2\/types\/post"}],"author":[{"embeddable":true,"href":"https:\/\/miradordeatarfe.es\/index.php?rest_route=\/wp\/v2\/users\/1"}],"replies":[{"embeddable":true,"href":"https:\/\/miradordeatarfe.es\/index.php?rest_route=%2Fwp%2Fv2%2Fcomments&post=65687"}],"version-history":[{"count":1,"href":"https:\/\/miradordeatarfe.es\/index.php?rest_route=\/wp\/v2\/posts\/65687\/revisions"}],"predecessor-version":[{"id":65689,"href":"https:\/\/miradordeatarfe.es\/index.php?rest_route=\/wp\/v2\/posts\/65687\/revisions\/65689"}],"wp:featuredmedia":[{"embeddable":true,"href":"https:\/\/miradordeatarfe.es\/index.php?rest_route=\/wp\/v2\/media\/65688"}],"wp:attachment":[{"href":"https:\/\/miradordeatarfe.es\/index.php?rest_route=%2Fwp%2Fv2%2Fmedia&parent=65687"}],"wp:term":[{"taxonomy":"category","embeddable":true,"href":"https:\/\/miradordeatarfe.es\/index.php?rest_route=%2Fwp%2Fv2%2Fcategories&post=65687"},{"taxonomy":"post_tag","embeddable":true,"href":"https:\/\/miradordeatarfe.es\/index.php?rest_route=%2Fwp%2Fv2%2Ftags&post=65687"}],"curies":[{"name":"wp","href":"https:\/\/api.w.org\/{rel}","templated":true}]}}