{"id":65690,"date":"2023-12-19T11:00:19","date_gmt":"2023-12-19T10:00:19","guid":{"rendered":"https:\/\/miradordeatarfe.es\/?p=65690"},"modified":"2023-12-12T12:29:39","modified_gmt":"2023-12-12T11:29:39","slug":"el-hospital-virgen-de-las-nieves-cumple-70-anos","status":"publish","type":"post","link":"https:\/\/miradordeatarfe.es\/?p=65690","title":{"rendered":"El Hospital Virgen de las Nieves cumple 70 a\u00f1os"},"content":{"rendered":"<h3 style=\"text-align: justify;\">Con el lema \u2018El Hospital de tu Vida\u2019, una gala conmemorativa el pr\u00f3ximo 19 de diciembre reunir\u00e1 a profesionales y ciudadan\u00eda.<\/h3>\n<p style=\"text-align: justify;\">El Hospital Universitario Virgen de las Nieves celebrar\u00e1 su 70 aniversario con una gala, el pr\u00f3ximo 19 de diciembre en el Palacio de Congresos y Exposiciones de Granada, cuyo lema es \u2018El Hospital de tu Vida\u2019. En este encuentro, que se transmitir\u00e1 en directo en el sal\u00f3n de actos del hospital, profesionales y ciudadan\u00eda compartir\u00e1n \u00abmomentos emblem\u00e1ticos\u00bb de la historia del hospital y conocer\u00e1n \u00abnuevos retos y avances que han hecho que este hospital sea de referencia en la sanidad p\u00fablica granadina\u00bb, seg\u00fan destaca el centro hospitalario.\u00a0<\/p>\n<p style=\"text-align: justify;\">El mismo d\u00eda de la gala, en el vest\u00edbulo de acceso a la sala Federico Garc\u00eda Lorca, se inaugurar\u00e1 una exposici\u00f3n de fotograf\u00edas de distintas \u00e9pocas, hechas por el fot\u00f3grafo del hospital Manuel \u00c1rbol, quien ha sido testigo de numerosos acontecimientos durante los 53 a\u00f1os que desempe\u00f1\u00f3 su labor en el centro sanitario.\u00a0<\/p>\n<p class=\"sumari\" style=\"text-align: justify;\">Con siete d\u00e9cadas y cerca de 7.000 profesionales, el hospital se reivindica como \u00abreferente\u00bb por \u00abla alta complejidad de su cartera de servicios, tecnolog\u00eda y proyectos de investigaci\u00f3n y humanizaci\u00f3n de la asistencia\u00bb<\/p>\n<p style=\"text-align: justify;\">En este complejo sanitario trabajan cerca de 7.000 profesionales y, tras estas siete d\u00e9cadas, el hospital se reivindica como \u00abreferente por la alta complejidad de su cartera de servicios, avanzada tecnolog\u00eda, proyectos de investigaci\u00f3n y humanizaci\u00f3n de la asistencia y cuidados a los pacientes\u00bb.<\/p>\n<p style=\"text-align: justify;\"><strong>La directora gerente, Mar\u00eda \u00c1ngeles Garc\u00eda Rescalvo,<\/strong> ha se\u00f1alado en una nota de prensa que \u00abeste hospital, ubicado en el coraz\u00f3n de la ciudad, forma parte desde hace siete d\u00e9cadas de la vida de muchas generaciones de granadinos, y que, gracias a la implicaci\u00f3n de miles de profesionales que han trabajado a lo largo de tantos a\u00f1os, el hospital es un referente en asistencia sanitaria, cuidados, humanizaci\u00f3n, avances cient\u00edficos, tecnolog\u00eda puntera, innovaci\u00f3n y todo, con el compromiso de servicio p\u00fablico para mejorar la vida de los ciudadanos\u00bb.\u00a0<\/p>\n<p style=\"text-align: justify;\">El Hospital Universitario Virgen de las Nieves, denominado as\u00ed desde el a\u00f1o 1999, se inaugur\u00f3 el 26 de septiembre de 1953, con el nombre de Residencia Sanitaria Ruiz de Alda, lo que le convierte en uno de los primeros hospitales p\u00fablicos andaluces.\u00a0<\/p>\n<p style=\"text-align: justify;\">En ese a\u00f1o comenz\u00f3 a dar asistencia con servicios como Medicina Interna, Pediatr\u00eda o Cardiolog\u00eda,entre otros. En la actualidad, es un complejo sanitario que consta de diez centros asistenciales y varios edificios administrativos y log\u00edsticos, por lo que es considerado como uno de los m\u00e1s importantes del Sistema Sanitario P\u00fablico de Andaluc\u00eda, ya que atiende a una poblaci\u00f3n de cerca de medio mill\u00f3n de personas.<\/p>\n<div class=\"divdest\" style=\"text-align: justify;\">Este gran hospital est\u00e1 conformado por Hospital General, Hospital Materno Infantil, Hospital de Neurotraumatolog\u00eda y Rehabilitaci\u00f3n, Hospital Doctor Ol\u00f3riz, los Hospitales de Alta Resoluci\u00f3n de Guadix y de Alcal\u00e1 la Real, Centro Perif\u00e9rico de especialidades Cartuja, Centro de Consultas Externas, Centro de Hemodi\u00e1lisis de Guadix y Comunidad Terap\u00e9utica de la avenida de Andaluc\u00eda. Adem\u00e1s de los edificios industriales de almac\u00e9n central en Pol\u00edgono Juncaril, la Lavander\u00eda y Esterilizaci\u00f3n provincial centralizada y el edificio administrativo de Gobierno.<\/div>\n<p style=\"text-align: justify;\">El Hospital Universitario Virgen de las Nieves representa en la provincia cerca de un 2,5% de producto interior bruto (PIB) \u00abgenerado por la amplia plantilla de profesionales, los empleos indirectos y la intensa actividad sanitaria\u00bb.<\/p>\n<p style=\"text-align: justify;\">El hospital destaca que es \u00abreferente provincial en Cirug\u00eda Card\u00edaca, Cirug\u00eda Tor\u00e1cica, Cirug\u00eda Pl\u00e1stica, Cirug\u00eda Maxilofacial, atenci\u00f3n integral del ictus, Oncolog\u00eda infantil, Unidad de Cuidados Intensivos pedi\u00e1tricos, cirug\u00eda pedi\u00e1trica, unidad de malformaciones craneofaciales de la infancia, Neurocirug\u00eda, Reproducci\u00f3n Humana, con el primer Banco de semen de Andaluc\u00eda\u00bb. Tambi\u00e9n subraya su experiencia en trasplantes, que comenz\u00f3 en la d\u00e9cada de los ochenta. En este amplio periodo, ha participado en hitos de la sanidad p\u00fablica espa\u00f1ola como el primer trasplante cruzado y el primer trasplante de &#8216;samaritano&#8217;.\u00a0<\/p>\n<p style=\"text-align: justify;\">Recientemente, un equipo de expertos cirujanos vasculares han realizado el primer trasplante mundial de vena femoral por ingenier\u00eda tisular, a trav\u00e9s de un ensayo cl\u00ednico de repercusi\u00f3n internacional.\u00a0<\/p>\n<p style=\"text-align: justify;\">Fue tambi\u00e9n pionero en la creaci\u00f3n de un Banco de Leche Materna en 2010. En la actualidad, funciona como un Banco Regional que distribuye leche donada pasteurizada en los servicios de Farmacia y Microbiolog\u00eda del propio hospital a las unidades de Neonatolog\u00eda de distintos centros hospitalarios como el propio Hospital Materno Infantil de Granada, Hospital Cl\u00ednico San Cecilio de Granada, Torrec\u00e1rdenas de Almer\u00eda, Hospital General de Ja\u00e9n, Hospital Materno Infantil de M\u00e1laga, Hospital Quir\u00f3n M\u00e1laga, y Hospital Santa Luc\u00eda de Cartagena.\u00a0<\/p>\n<p style=\"text-align: justify;\">Tambi\u00e9n cuenta con tecnolog\u00eda de vanguardia, es el primero de la sanidad p\u00fablica espa\u00f1ola en ofrecer radiocirug\u00eda de alta precisi\u00f3n con el equipo \u2018GammKnife\u2019. En el \u00e1rea quir\u00fargica, dispone de un quir\u00f3fano h\u00edbrido y de cirug\u00eda rob\u00f3tica que permite la aplicaci\u00f3n de t\u00e9cnicas \u00abm\u00ednimamente invasivas\u00bb, con \u00abla m\u00e1xima seguridad para los pacientes\u00bb.<\/p>\n<p class=\"sumari\" style=\"text-align: justify;\">Durante la pandemia Covid fue uno de los hospitales de Andaluc\u00eda que m\u00e1s pacientes atendi\u00f3<\/p>\n<p style=\"text-align: justify;\">Durante la pandemia por Covid 19, fue uno de los que m\u00e1s pacientes atendi\u00f3 de Andaluc\u00eda, m\u00e1s de 8.700, de los que 700 en la Unidad de Cuidados Intensivos. Adem\u00e1s de un mill\u00f3n de urgencias por este motivo desde el a\u00f1o 2020.\u00a0\u00a0<\/p>\n<p style=\"text-align: justify;\">En este contexto, el servicio de Neumolog\u00eda cre\u00f3 la primera unidad de cuidados respiratorios intermedios de la comunidad y tambi\u00e9n la primera unidad de seguimiento poscovid de pacientes y profesionales con Covid persistente.\u00a0<\/p>\n<p style=\"text-align: justify;\">Adem\u00e1s de referente auton\u00f3mico, tambi\u00e9n lo es a nivel nacional con tres unidades CSUR, acreditadas por el Ministerio de Sanidad para cirug\u00eda para trastornos del movimiento, para epilepsia refractaria, para trasplante renal cruzado y otra compartida con el Hospital Cl\u00ednico San Cecilio para la patolog\u00eda hipot\u00e1lamo-hipofisiaria.<\/p>\n<p style=\"text-align: justify;\">INDEPENDIENTE DE GRANADA<\/p>\n<p>FOTO: Imagen tomada por el fot\u00f3grafo Manuel \u00c1rbol en 1955.<\/p>\n<p>https:\/\/www.elindependientedegranada.es\/economia\/hospital-virgen-nieves-cumple-70-anos<\/p>\n","protected":false},"excerpt":{"rendered":"<p>Con el lema \u2018El Hospital de tu Vida\u2019, una gala conmemorativa el pr\u00f3ximo 19 de&#8230;<\/p>\n","protected":false},"author":1,"featured_media":65691,"comment_status":"closed","ping_status":"closed","sticky":false,"template":"","format":"standard","meta":{"_coblocks_attr":"","_coblocks_dimensions":"","_coblocks_responsive_height":"","_coblocks_accordion_ie_support":"","jetpack_post_was_ever_published":false,"_jetpack_newsletter_access":"","_jetpack_dont_email_post_to_subs":false,"_jetpack_newsletter_tier_id":0,"_jetpack_memberships_contains_paywalled_content":false,"_jetpack_memberships_contains_paid_content":false,"footnotes":"","jetpack_publicize_message":"","jetpack_publicize_feature_enabled":true,"jetpack_social_post_already_shared":true,"jetpack_social_options":{"image_generator_settings":{"template":"highway","default_image_id":0,"enabled":false},"version":2}},"categories":[10781,44,10],"tags":[],"class_list":["post-65690","post","type-post","status-publish","format-standard","has-post-thumbnail","hentry","category-granada","category-noticias-de-hoy","category-salud"],"jetpack_publicize_connections":[],"jetpack_featured_media_url":"https:\/\/i0.wp.com\/miradordeatarfe.es\/wp-content\/uploads\/2023\/12\/imagen_tomada_por_el_fotografo_del_hospital_manuel_arbol_en_1955_002.jpg?fit=650%2C444&ssl=1","jetpack_likes_enabled":true,"jetpack_sharing_enabled":true,"_links":{"self":[{"href":"https:\/\/miradordeatarfe.es\/index.php?rest_route=\/wp\/v2\/posts\/65690","targetHints":{"allow":["GET"]}}],"collection":[{"href":"https:\/\/miradordeatarfe.es\/index.php?rest_route=\/wp\/v2\/posts"}],"about":[{"href":"https:\/\/miradordeatarfe.es\/index.php?rest_route=\/wp\/v2\/types\/post"}],"author":[{"embeddable":true,"href":"https:\/\/miradordeatarfe.es\/index.php?rest_route=\/wp\/v2\/users\/1"}],"replies":[{"embeddable":true,"href":"https:\/\/miradordeatarfe.es\/index.php?rest_route=%2Fwp%2Fv2%2Fcomments&post=65690"}],"version-history":[{"count":1,"href":"https:\/\/miradordeatarfe.es\/index.php?rest_route=\/wp\/v2\/posts\/65690\/revisions"}],"predecessor-version":[{"id":65692,"href":"https:\/\/miradordeatarfe.es\/index.php?rest_route=\/wp\/v2\/posts\/65690\/revisions\/65692"}],"wp:featuredmedia":[{"embeddable":true,"href":"https:\/\/miradordeatarfe.es\/index.php?rest_route=\/wp\/v2\/media\/65691"}],"wp:attachment":[{"href":"https:\/\/miradordeatarfe.es\/index.php?rest_route=%2Fwp%2Fv2%2Fmedia&parent=65690"}],"wp:term":[{"taxonomy":"category","embeddable":true,"href":"https:\/\/miradordeatarfe.es\/index.php?rest_route=%2Fwp%2Fv2%2Fcategories&post=65690"},{"taxonomy":"post_tag","embeddable":true,"href":"https:\/\/miradordeatarfe.es\/index.php?rest_route=%2Fwp%2Fv2%2Ftags&post=65690"}],"curies":[{"name":"wp","href":"https:\/\/api.w.org\/{rel}","templated":true}]}}