{"id":65700,"date":"2023-12-15T09:52:36","date_gmt":"2023-12-15T08:52:36","guid":{"rendered":"https:\/\/miradordeatarfe.es\/?p=65700"},"modified":"2023-12-15T12:32:23","modified_gmt":"2023-12-15T11:32:23","slug":"el-laicismo-en-andalucia","status":"publish","type":"post","link":"https:\/\/miradordeatarfe.es\/?p=65700","title":{"rendered":"\u00abEl laicismo en Andaluc\u00eda\u00bb"},"content":{"rendered":"<div class=\"cols2-2\">\n<div class=\"colA\">\n<h3 class=\"entrad\">Con motivo del D\u00eda Internacional del Laicismo y la Libertad de Conciencia, que se conmemor\u00f3 el sabado, 9 de diciembre, Jos\u00e9 Antonio Naz, presidente de Andaluc\u00eda Laica, nos ofrece este interesante art\u00edculo en el que alerta de que Andaluc\u00eda avanza a una \u00abautonom\u00eda confesional, cuya identidad nacional es el catolicismo\u00bb.<\/h3>\n<div class=\"cuerpo\">\n<p>El 9 de diciembre se conmemora el D\u00eda Internacional del Laicismo\u00a0\u00a0la Libertad de Conciencia, motivo por el que <strong>Europa Laica<\/strong> ha difundido un Manifiesto. Esta circunstancia nos parece un buen momento para comentar la situaci\u00f3n del laicismo y los comportamientos confesionales y sociorreligiosos en Andaluc\u00eda.<\/p>\n<p class=\"sumari\">Seg\u00fan los datos recogidos por el Observatorio del laicismo, en 2023 se hab\u00edan concedido en Espa\u00f1a honores a 443 entidades o im\u00e1genes religiosas, la mayor\u00eda de ellos a v\u00edrgenes. Entre estos honores tenemos: <strong><em>282 alcaldesas perpetuas, 52 alcaldes perpetuos, 86 Medallas de Oro de la Ciudad y 23 t\u00edtulos o cargos civiles o militares<\/em><\/strong> (General, Capitan General, Gobernadora\u2026). <em><strong>En Andaluc\u00eda 286, bastante m\u00e1s que en el resto de Espa\u00f1a<\/strong><\/em><\/p>\n<p>\u00a0\u00bfSe puede mantener a estas alturas del siglo XXI la frase del antrop\u00f3logo citado arriba? Seg\u00fan los datos recogidos por el <a href=\"https:\/\/laicismo.org\/\">Observatorio del laicismo<\/a>, en 2023 se hab\u00edan concedido en Espa\u00f1a honores a 443 entidades o im\u00e1genes religiosas, la mayor\u00eda de ellos a v\u00edrgenes. Entre estos honores tenemos: 282 alcaldesas perpetuas, 52 alcaldes perpetuos, 86 Medallas de Oro de la Ciudad y 23 t\u00edtulos o cargos civiles o militares (General, Capitan General, Gobernadora\u2026). En Andaluc\u00eda 286, bastante m\u00e1s que en el resto de Espa\u00f1a.<\/p>\n<p>Con estos datos, se podr\u00eda decir que, si Andaluc\u00eda no es la \u201ctierra de Mar\u00eda\u201d, al menos esa \u201cVirgen\u201d gobierna como alcaldesa en 6 capitales andaluzas, en docenas de pueblos y hasta tiene mando de General y Capit\u00e1n General del ej\u00e9rcito. Pod\u00edamos ahorrarnos muchas elecciones si las varas de mando de los ayuntamientos, de manera perpetua, est\u00e1n en manos de las distintas advocaciones de Mar\u00eda.<\/p>\n<p>Cientos de romer\u00edas y de fiestas se celebran en honor del patr\u00f3n, y mayormente patrona. Las procesiones de im\u00e1genes, tambi\u00e9n mayor\u00eda de Virgenes, se suceden a diario en las calles de nuestros pueblos y ciudades, teniendo su apoteosis en la Semana Santa. Todos estos rituales suelen ir presididos por los representantes de la sociedad civil, cargos p\u00fablicos elegidos para regir la administraci\u00f3n del Estado \u201caconfesional\u201d.<\/p>\n<p>El fen\u00f3meno de la Semana Santa tiene una consideraci\u00f3n muy peculiar en Andaluc\u00eda, al presentarse como \u201c<strong>religiosidad popular\u201d,<\/strong> reflejo de la <strong>\u201cidentidad\u201d del pueblo andaluz<\/strong> y otras lindezas por el estilo. Seg\u00fan el profesor Cesar Rino Sim\u00f3n, en su obra <em>Religiosidad popular, espect\u00e1culo e identidad<\/em>, estas fiestas responden a impulsos del romanticismo y se incrementan y desarrollan en el siglo XX, con intencionalidad y uso pol\u00edticos, diferenci\u00e1ndose tres momentos:<\/p>\n<ul>\n<li>Los a\u00f1os 20, como expresi\u00f3n del regionalismo.<\/li>\n<li>La postguerra franquista, como elemento de apoyo para el r\u00e9gimen.<\/li>\n<li>La Transici\u00f3n y el proceso auton\u00f3mico andaluz, cuando se convierten estos rituales en baluartes identitarios.<\/li>\n<\/ul>\n<p class=\"sumari\"><strong>Como fen\u00f3meno \u201ctradicional\u201d<\/strong>, <strong>considerado como una expresi\u00f3n art\u00edstica, la Semana Santa se recrea en muchos centros educativos por alumnado infantil, en horario lectivo.<\/strong> En una ciudad como C\u00f3rdoba se contabilizan casi 200 procesiones al margen de la Semana Santa<\/p>\n<p><strong>Otra \u201ctradici\u00f3n\u201d confesional es la instalaci\u00f3n de belenes en espacios p\u00fablicos<\/strong> (ayuntamientos, centros educativos\u2026) en celebraci\u00f3n de las fiestas navide\u00f1as. O la profusi\u00f3n de Reyes Magos, que visitan centros escolares, ocupan las calles y avenidas en cabalgatas llevando regalos a ni\u00f1os y ni\u00f1as sin importar si profesan o no religi\u00f3n alguna.<\/p>\n<p>En cuanto al<strong> expolio de las inmatriculaciones<\/strong>, el acto por el que los obispos sin presentar m\u00e1s titulo de propiedad que su palabra, han puesto a su nombre miles de inmuebles, desde las catedrales, parroquias, ermitas, casas parroquiales hasta fincas r\u00fasticas, olivares, parcelas industriales, parkings, garajes, locales comerciales, plazas, solares destinados a uso escolar o incluso cementerios, Andaluc\u00eda ocupa uno de los primeros puestos con unos 10.000 casos estimados.<\/p>\n<p class=\"sumari\"><strong>A esto hay que sumar los privilegios econ\u00f3micos que la Junta de Andaluc\u00eda y cientos de ayuntamientos conceden a la Iglesia Cat\u00f3lica<\/strong>, desde exenciones m\u00faltiples de impuestos hasta subvenciones directas y reparaciones y mantenimiento del patrimonio expoliado<\/p>\n<p>A esto hay que sumar los privilegios econ\u00f3micos que la Junta de Andaluc\u00eda y cientos de ayuntamientos conceden a la Iglesia Cat\u00f3lica, desde <strong>exenciones m\u00faltiples de impuestos hasta subvenciones directas y reparaciones y mantenimiento del patrimonio expoliado.<\/strong><\/p>\n<p>Tambi\u00e9n estamos a la<strong> cabeza de las autonom\u00edas con m\u00e1s porcentaje de centros educativos religiosos concertados<\/strong>, es decir pagados con dinero p\u00fablico; afectan a una tercera parte larga del alumnado de la regi\u00f3n, con predominio en las grandes ciudades.<\/p>\n<p>Ante este cuadro, podr\u00edamos afirmar que Andaluc\u00eda es ostensiblemente una Autonom\u00eda Confesional, cuya identidad nacional es el catolicismo.<\/p>\n<p>Sin embargo, seg\u00fan el CIS, en 2022 <strong>s\u00f3lo se declaran practicantes el 22 % de los andaluces,<\/strong> <strong>frente al 33 % de no creyentes y un 40 % que se considera cat\u00f3lico no practicante.<\/strong><\/p>\n<p>El n\u00famero de no creyentes es mayor entre las personas m\u00e1s j\u00f3venes. De las bodas celebradas en Andalucia en 2022,<strong> s\u00f3lo el 27 % se celebraron por la Iglesia,<\/strong> sin contar las m\u00e1s de 8.000 parejas de hecho y las miles de parejas que conviven sin ning\u00fan tipo de tr\u00e1mite administrativo. Y la mitad de las personas que nacen en Andaluc\u00eda no se bautizan.<\/p>\n<p class=\"sumari\">Podr\u00edamos concluir que hoy la inmensa mayor\u00eda de la poblaci\u00f3n andaluza no se rige por los principios o la moral cat\u00f3lica, pero vive imbuida en el \u201ctradicionalismo cat\u00f3lico\u201d o lo que algunos antrop\u00f3logos llaman \u201creligiosidad popular\u201d en pleno siglo XX<\/p>\n<p>Podr\u00edamos concluir que hoy la inmensa mayor\u00eda de la poblaci\u00f3n andaluza no se rige por los principios o la moral cat\u00f3lica, pero vive imbuida en el \u201ctradicionalismo cat\u00f3lico\u201d o lo que algunos antrop\u00f3logos llaman \u201creligiosidad popular\u201d en pleno siglo XXI. Lo que Gonzalo Puente Ojea denominaba \u201ccriptoconfesionalismo\u201d es muy evidente en nuestra regi\u00f3n.<\/p>\n<p>Parodiando la frase de Adolfo Su\u00e1rez, <strong>\u00bfno es hora ya de \u201celevar a la categor\u00eda pol\u00edtica de normal lo que a nivel de calle es plenamente normal\u201d,<\/strong> de que las administraciones y las autoridades<strong> act\u00faen como Estado aconfesional, de acuerdo a la pluralidad de la sociedad y respetando la libertad de conciencia de cada cual?<\/strong><\/p>\n<p>Eso supone dejar de subvencionar desde el gobierno andaluz en sus distintos niveles a la Iglesia cat\u00f3lica, cumpliendo con los acuerdos con la Santa Sede, que hace 45 a\u00f1os compromet\u00eda a la Iglesia a autofinanciarse. Dejar de pagar con dinero p\u00fablico actividades enmascaradas en tradiciones, que implican adoctrinamiento e imposici\u00f3n ideol\u00f3gica a una mayor\u00eda<\/p>\n<p>Normalizar la neutralidad institucional respecto a las creencias de cada ciudadano o ciudadana y velar por que los espacios p\u00fablicos sean lugares de tolerancia y convivencia y no sean privatizados y utilizados como particulares de una determinada religi\u00f3n. Y, sobre todo, que la mayor\u00eda secularizada de la sociedad empiece a comportarse como laica, siendo coherente con sus principios, sin dejarse llevar por rituales y h\u00e1bitos enmascarados como actos festivos pero con claras connotaciones ideol\u00f3gicas.<\/p>\n<div class=\"divdest\">Si no actuamos as\u00ed y no somos vigilantes en mantener la laicidad como fundamento de la democracia, estaremos permitiendo el desarrollo de elementos fundamentalistas, ultracat\u00f3licos y de ultraderecha, que de manera organizada est\u00e1n instrumentalizando esas actividades consideradas tradicionales para provocar la involuci\u00f3n democr\u00e1tica.<\/div>\n<\/div>\n<\/div>\n<\/div>\n","protected":false},"excerpt":{"rendered":"<p>Con motivo del D\u00eda Internacional del Laicismo y la Libertad de Conciencia, que se conmemor\u00f3&#8230;<\/p>\n","protected":false},"author":1,"featured_media":65701,"comment_status":"closed","ping_status":"closed","sticky":false,"template":"","format":"standard","meta":{"_coblocks_attr":"","_coblocks_dimensions":"","_coblocks_responsive_height":"","_coblocks_accordion_ie_support":"","jetpack_post_was_ever_published":false,"_jetpack_newsletter_access":"","_jetpack_dont_email_post_to_subs":false,"_jetpack_newsletter_tier_id":0,"_jetpack_memberships_contains_paywalled_content":false,"_jetpack_memberships_contains_paid_content":false,"footnotes":"","jetpack_publicize_message":"","jetpack_publicize_feature_enabled":true,"jetpack_social_post_already_shared":true,"jetpack_social_options":{"image_generator_settings":{"template":"highway","default_image_id":0,"enabled":false},"version":2}},"categories":[1161,44,7671,6937],"tags":[],"class_list":["post-65700","post","type-post","status-publish","format-standard","has-post-thumbnail","hentry","category-ciudadania","category-noticias-de-hoy","category-politica","category-sociedad"],"jetpack_publicize_connections":[],"jetpack_featured_media_url":"https:\/\/i0.wp.com\/miradordeatarfe.es\/wp-content\/uploads\/2023\/12\/morenopatrona.jpg?fit=750%2C501&ssl=1","jetpack_likes_enabled":true,"jetpack_sharing_enabled":true,"_links":{"self":[{"href":"https:\/\/miradordeatarfe.es\/index.php?rest_route=\/wp\/v2\/posts\/65700","targetHints":{"allow":["GET"]}}],"collection":[{"href":"https:\/\/miradordeatarfe.es\/index.php?rest_route=\/wp\/v2\/posts"}],"about":[{"href":"https:\/\/miradordeatarfe.es\/index.php?rest_route=\/wp\/v2\/types\/post"}],"author":[{"embeddable":true,"href":"https:\/\/miradordeatarfe.es\/index.php?rest_route=\/wp\/v2\/users\/1"}],"replies":[{"embeddable":true,"href":"https:\/\/miradordeatarfe.es\/index.php?rest_route=%2Fwp%2Fv2%2Fcomments&post=65700"}],"version-history":[{"count":2,"href":"https:\/\/miradordeatarfe.es\/index.php?rest_route=\/wp\/v2\/posts\/65700\/revisions"}],"predecessor-version":[{"id":65791,"href":"https:\/\/miradordeatarfe.es\/index.php?rest_route=\/wp\/v2\/posts\/65700\/revisions\/65791"}],"wp:featuredmedia":[{"embeddable":true,"href":"https:\/\/miradordeatarfe.es\/index.php?rest_route=\/wp\/v2\/media\/65701"}],"wp:attachment":[{"href":"https:\/\/miradordeatarfe.es\/index.php?rest_route=%2Fwp%2Fv2%2Fmedia&parent=65700"}],"wp:term":[{"taxonomy":"category","embeddable":true,"href":"https:\/\/miradordeatarfe.es\/index.php?rest_route=%2Fwp%2Fv2%2Fcategories&post=65700"},{"taxonomy":"post_tag","embeddable":true,"href":"https:\/\/miradordeatarfe.es\/index.php?rest_route=%2Fwp%2Fv2%2Ftags&post=65700"}],"curies":[{"name":"wp","href":"https:\/\/api.w.org\/{rel}","templated":true}]}}