{"id":65703,"date":"2023-12-15T08:04:40","date_gmt":"2023-12-15T07:04:40","guid":{"rendered":"https:\/\/miradordeatarfe.es\/?p=65703"},"modified":"2023-12-12T21:46:19","modified_gmt":"2023-12-12T20:46:19","slug":"la-condonacion-de-la-deuda-a-las-autonomias-beneficiaria-mas-a-andalucia-que-a-cataluna","status":"publish","type":"post","link":"https:\/\/miradordeatarfe.es\/?p=65703","title":{"rendered":"La condonaci\u00f3n de la deuda a las autonom\u00edas beneficiar\u00eda m\u00e1s a Andaluc\u00eda que a Catalu\u00f1a"},"content":{"rendered":"<div class=\"cols2-2\">\n<div class=\"colA\">\n<h3 class=\"entrad\" style=\"text-align: justify;\">Un estudio de la Fundaci\u00f3n de Estudios de Econom\u00eda Aplicada, FEDEA, revela que Andaluc\u00eda ser\u00eda la gran beneficiada, entre las comunidades auton\u00f3micas, por la condonaci\u00f3n de la deuda a Catalu\u00f1a, tras el pacto de investidura del PSOE con ERC. Te informamos.<\/h3>\n<div class=\"cuerpo\">\n<p style=\"text-align: justify;\">A pesar de las furibundas cr\u00edticas del presidente de la Junta, Juan Manuel Moreno Bonilla, y de todo el PP, al pacto del PSOE con los partidos independentistas catalanes que posibilit\u00f3 la investidura de Pedro S\u00e1nchez, m\u00e1s all\u00e1 de la Ley de Amnist\u00eda, el punto sobre la condonaci\u00f3n de la deuda a Catalu\u00f1a, de aplicarse con los mismos criterios al resto de comunidades aut\u00f3nomas, beneficiar\u00eda m\u00e1s a Andaluc\u00eda, que a la propia Catalu\u00f1a.<\/p>\n<p class=\"sumari\" style=\"text-align: justify;\">El informe de Fedea, arroja luz y cifran en 16.400 millones la quita que recibir\u00e1 Andaluc\u00eda, la m\u00e1s beneficiada por el acuerdo, y en 12.900 millones la de Madrid, las otras dos regiones m\u00e1s beneficiadas, gobernadas ambas, por el PP<\/p>\n<p style=\"text-align: justify;\">As\u00ed lo revela un estudio de la Fundaci\u00f3n de Estudios de Econom\u00eda Aplicada, FEDEA, nada sospechosa en respaldar al PSOE, firmado por su presidente, el economista \u00c1ngel de la Fuente, quien fue cient\u00edfico titular del Instituto de An\u00e1lisis Econ\u00f3mico del CSIC.<\/p>\n<p style=\"text-align: justify;\">El informe, muy cr\u00edtico con la medida, se\u00f1ala que ell Estado asumir\u00e1 casi 88.000 millones de deuda tras la condonaci\u00f3n parcial del pasivo de las comunidades de r\u00e9gimen com\u00fan, una medida a la que el PSOE se comprometi\u00f3 con ERC en la negociaci\u00f3n para la investidura.<\/p>\n<p style=\"text-align: justify;\">En las conversaciones, las dos formaciones pactaron la quita de 15.0000 millones de la deuda que Catalu\u00f1a mantiene con el fondo de financiaci\u00f3n de las autonom\u00edas y Hacienda asumi\u00f3 medidas similares para el resto de las regiones, aunque sin concretarse ninguna cantidad. El informe de Fedea, arroja luz y cifran en 16.400 millones la quita que recibir\u00e1 Andaluc\u00eda, la m\u00e1s beneficiada por el acuerdo, y en 12.900 millones la de Madrid, las otras dos regiones m\u00e1s beneficiadas, gobernadas ambas, por el PP.<\/p>\n<h3 class=\"sumari\" style=\"text-align: justify;\">\u00abEsto generar\u00eda un coste total de casi 88.000 millones, de los que 16.400 corresponder\u00edan a Andaluc\u00eda, 12.900 a Madrid y 9.750 a la Comunidad Valenciana\u201d<\/h3>\n<p style=\"text-align: justify;\">\u201cEl acuerdo con ERC incluye la condonaci\u00f3n parcial de la deuda de la Generalitat con el Estado, con una quita de 15.000 millones de euros que supondr\u00eda en torno al 20% de la deuda total de la comunidad o 1.980 euros por habitante ajustado (de 2021)\u201d, explica el informe de Fedea, que su presidente titula <em>El contenido econ\u00f3mico de los pactos de investidura<\/em>.<\/p>\n<p style=\"text-align: justify;\">\u201cEl texto justifica la condonaci\u00f3n en base al impacto negativo del ciclo econ\u00f3mico sobre las cuentas auton\u00f3micas. Se alude, en particular, a los efectos de la crisis financiera de 2008 ante la (supuestamente) \u201cinsuficiente respuesta europea y del Estado\u201d (ERC, p. 10), pero no se detalla c\u00f3mo habr\u00eda que calcular las quitas de las dem\u00e1s comunidades aut\u00f3nomas\u201d.<\/p>\n<p style=\"text-align: justify;\">\u201cPuesto que el criterio parece haberse elegido porque (a diferencia de otros posibles, como la infrafinanciaci\u00f3n acumulada) permite la generalizaci\u00f3n de las quitas, y dado que adem\u00e1s todas las CCAA se vieron afectadas de manera similar por la Gran Recesi\u00f3n, la forma seguramente m\u00e1s razonable de extender la medida a otros territorios ser\u00eda perdonar a cada comunidad la misma cantidad por habitante ajustado. Esto generar\u00eda un coste total de casi 88.000 millones, de los que <strong>16.400 corresponder\u00edan a Andaluc\u00eda, 12.900 a Madrid y 9.750 a la Comunidad Valenciana<\/strong>\u201d.<\/p>\n<p style=\"text-align: justify;\">Seg\u00fan Fedea, \u201cla condonaci\u00f3n incondicionada de deuda recogida en el acuerdo con ERC es una p\u00e9sima idea porque agravar\u00e1 los serios problemas de incentivos que ya sufre\u201d el sistema de financiaci\u00f3n de las comunidades y \u201ccualquier quita no sujeta a condiciones estrictas de ajuste tender\u00e1 a confirmar la percepci\u00f3n que ya tienen las CCAA de que pueden gastar sistem\u00e1ticamente m\u00e1s de lo que ingresan porque al final el Estado las rescatar\u00e1 de una forma u otra sin coste alguno para ellas y constituye, por tanto, una invitaci\u00f3n a la indisciplina fiscal\u201d.<\/p>\n<p style=\"text-align: justify;\">EL INDEPENDIENTE DE GRANADA<\/p>\n<div class=\"firma\" style=\"text-align: justify;\">FOTO:\u00a0 Junta de Andaluc\u00eda Moreno, en el Senado.<\/div>\n<div>\u00a0<\/div>\n<div>https:\/\/www.elindependientedegranada.es\/economia\/condonacion-deuda-autonomias-beneficiaria-mas-andalucia-que-cataluna<\/div>\n<\/div>\n<\/div>\n<\/div>\n","protected":false},"excerpt":{"rendered":"<p>Un estudio de la Fundaci\u00f3n de Estudios de Econom\u00eda Aplicada, FEDEA, revela que Andaluc\u00eda ser\u00eda&#8230;<\/p>\n","protected":false},"author":1,"featured_media":65704,"comment_status":"closed","ping_status":"closed","sticky":false,"template":"","format":"standard","meta":{"_coblocks_attr":"","_coblocks_dimensions":"","_coblocks_responsive_height":"","_coblocks_accordion_ie_support":"","jetpack_post_was_ever_published":false,"_jetpack_newsletter_access":"","_jetpack_dont_email_post_to_subs":false,"_jetpack_newsletter_tier_id":0,"_jetpack_memberships_contains_paywalled_content":false,"_jetpack_memberships_contains_paid_content":false,"footnotes":"","jetpack_publicize_message":"","jetpack_publicize_feature_enabled":true,"jetpack_social_post_already_shared":true,"jetpack_social_options":{"image_generator_settings":{"template":"highway","default_image_id":0,"enabled":false},"version":2}},"categories":[10791,1161,44],"tags":[],"class_list":["post-65703","post","type-post","status-publish","format-standard","has-post-thumbnail","hentry","category-andalucia","category-ciudadania","category-noticias-de-hoy"],"jetpack_publicize_connections":[],"jetpack_featured_media_url":"https:\/\/i0.wp.com\/miradordeatarfe.es\/wp-content\/uploads\/2023\/12\/juanma.jpg?fit=650%2C383&ssl=1","jetpack_likes_enabled":true,"jetpack_sharing_enabled":true,"_links":{"self":[{"href":"https:\/\/miradordeatarfe.es\/index.php?rest_route=\/wp\/v2\/posts\/65703","targetHints":{"allow":["GET"]}}],"collection":[{"href":"https:\/\/miradordeatarfe.es\/index.php?rest_route=\/wp\/v2\/posts"}],"about":[{"href":"https:\/\/miradordeatarfe.es\/index.php?rest_route=\/wp\/v2\/types\/post"}],"author":[{"embeddable":true,"href":"https:\/\/miradordeatarfe.es\/index.php?rest_route=\/wp\/v2\/users\/1"}],"replies":[{"embeddable":true,"href":"https:\/\/miradordeatarfe.es\/index.php?rest_route=%2Fwp%2Fv2%2Fcomments&post=65703"}],"version-history":[{"count":2,"href":"https:\/\/miradordeatarfe.es\/index.php?rest_route=\/wp\/v2\/posts\/65703\/revisions"}],"predecessor-version":[{"id":65706,"href":"https:\/\/miradordeatarfe.es\/index.php?rest_route=\/wp\/v2\/posts\/65703\/revisions\/65706"}],"wp:featuredmedia":[{"embeddable":true,"href":"https:\/\/miradordeatarfe.es\/index.php?rest_route=\/wp\/v2\/media\/65704"}],"wp:attachment":[{"href":"https:\/\/miradordeatarfe.es\/index.php?rest_route=%2Fwp%2Fv2%2Fmedia&parent=65703"}],"wp:term":[{"taxonomy":"category","embeddable":true,"href":"https:\/\/miradordeatarfe.es\/index.php?rest_route=%2Fwp%2Fv2%2Fcategories&post=65703"},{"taxonomy":"post_tag","embeddable":true,"href":"https:\/\/miradordeatarfe.es\/index.php?rest_route=%2Fwp%2Fv2%2Ftags&post=65703"}],"curies":[{"name":"wp","href":"https:\/\/api.w.org\/{rel}","templated":true}]}}