{"id":65707,"date":"2023-12-18T09:25:03","date_gmt":"2023-12-18T08:25:03","guid":{"rendered":"https:\/\/miradordeatarfe.es\/?p=65707"},"modified":"2023-12-18T10:16:05","modified_gmt":"2023-12-18T09:16:05","slug":"personas-que-nunca-tienen-la-culpa-de-nada-por-joan-carles-march","status":"publish","type":"post","link":"https:\/\/miradordeatarfe.es\/?p=65707","title":{"rendered":"\u00abPersonas que nunca tienen la culpa de nada\u00bb por Joan Carles March"},"content":{"rendered":"<div class=\"single-new-img\">\u00a0<\/div>\n<h3 style=\"text-align: justify;\">Hay personas que no tiene nunca la culpa de nada. Hay personas que siempre echan balones fuera y que, pase lo que pase, nunca tienen la culpa de nada. Siempre evitan condenar sus actos cuando acarrean consecuencias negativas y acusan a los dem\u00e1s como responsables.<\/h3>\n<p style=\"text-align: justify;\">Estas personas que siempre echan balones fuera son personas que no asumen su propia responsabilidad y se consideran siempre inocentes, sin influencia en los acontecimientos. Es un estilo basado en no comprometerse e implicarse, probablemente, por miedo a tener que asumir las consecuencias de los propios actos.<\/p>\n<p style=\"text-align: justify;\">Vivimos en una sociedad egoc\u00e9ntrica donde nos hemos transformado, cada vez m\u00e1s, en seres que se enfocan plenamente en sus propias necesidades, deseos y miedos.<ins id=\"revive-0-1\" data-revive-zoneid=\"19\" data-revive-id=\"3675e576db6d1cc6cb6554b6e5954dc7\" data-revive-seq=\"1\" data-revive-loaded=\"1\"><\/ins><\/p>\n<p style=\"text-align: justify;\">Existen elementos que pueden situarse como desencadenantes de estos comportamientos y actitudes yo\u00edstas como la omnipresencia de las nuevas tecnolog\u00edas, aunque hay quienes piensan que la sociedad ya estaba ba\u00f1ada de egocentrismo antes y ahora solo se ha potenciado. Nos nutrimos de aprobaciones y elogios digitales que inflan nuestro ego.<\/p>\n<p style=\"text-align: justify;\">Responder por nuestros actos y hacernos cargo de las consecuencias se ha vuelvo algo infrecuente.<\/p>\n<p style=\"text-align: justify;\">Adem\u00e1s, se las puede reconocer porque siempre buscan culpabilizar a otro de sus propios errores. Son desafiantes, no atienden a razones, no reconocen defectos y, adem\u00e1s, son una fuente inagotable de argumentos que respaldan sus puntos de vista. Hablan de uno\/a a sus espaldas, son muy dogm\u00e1ticas y casi siempre est\u00e1n envueltos en alg\u00fan drama. Con ellos es dif\u00edcil mantener un di\u00e1logo que no acabe en la confrontaci\u00f3n.<\/p>\n<p style=\"text-align: justify;\">Pensamos que nuestra propia percepci\u00f3n de la realidad es la m\u00e1s valiosa y, por extensi\u00f3n, que no tenemos responsabilidad en las situaciones de las que formamos parte. Comprometernos, responder por nuestros actos y hacernos cargo de las consecuencias de estos se ha vuelvo algo infrecuente.<\/p>\n<p style=\"text-align: justify;\">Algunas de las estrategias para evadir responsabilidades son por ejemplo la proyecci\u00f3n que es una de las m\u00e1s frecuentes: atribuir a las dem\u00e1s personas nuestros propios sentimientos, motivaciones y deseos para no reconocerlos como propios. Se proyectan sobre otras, a quienes se culpa cuando hay un sentimiento de enfado, frustraci\u00f3n o tristeza. Tambi\u00e9n se puede hacer uso del ataque para evadir un compromiso. En este caso, la persona tiene conciencia de haber cometido un error, pero decide atacar antes de que se le reclamen responsabilidades.<\/p>\n<p style=\"text-align: justify;\">Junto a la proyecci\u00f3n, est\u00e1 la evitaci\u00f3n que es otro mecanismo frecuente, donde se da una huida o escape de la situaci\u00f3n cuando intentamos que alguien cumpla un acuerdo.<\/p>\n<p style=\"text-align: justify;\">Tambi\u00e9n se puede optar por la negaci\u00f3n, donde la persona se ha comprometido a algo y se lo recordamos, lo negar\u00e1.<\/p>\n<p style=\"text-align: justify;\">El desgaste tambi\u00e9n se emplea como recurso ante este tipo de situaciones. Consiste en centrarse en un detalle m\u00ednimo y argumentar sobre ello prolongadamente. De este modo, la persona no se centrar\u00e1 en el problema o en las consecuencias de sus actos, sino que redirige la atenci\u00f3n hacia otro punto alejado de la cuesti\u00f3n central.<\/p>\n<p style=\"text-align: justify;\">En otro punto, hay quienes optan por la intimidaci\u00f3n: recurrir a vejaciones, desprecios o burlas para echar balones fuera y no asumir la propia culpa.<\/p>\n<p style=\"text-align: justify;\">Tienen serios problemas a la hora de gestionar sus emociones y por eso no son capaces de sentir empat\u00eda y remordimiento. Ambas habilidades requieren preocuparse por los dem\u00e1s. El sentir remordimiento y empat\u00eda por los otros hace que nos lo pensemos antes de enga\u00f1ar, mentir y manipular a otras personas. Si no lo sentimos, dif\u00edcilmente dejaremos de repetir estas conductas. Al final, son seres da\u00f1ados que da\u00f1an.<\/p>\n<p style=\"text-align: justify;\">Nos movemos a diario en esa danza que oscila entre el interior, lo \u00edntimo, y lo exterior, lo colectivo, lo social. Necesitamos buscar los pasos esenciales precisamente para recuperar algo vital: ver que no somos las \u00fanicas, que hay otras personas a las que podemos hacer da\u00f1o. Lo cierto es que hay que ver al resto y encontrar la manera de no perder el equilibrio entre lo propio y lo ajeno.<\/p>\n<p style=\"text-align: justify;\">Consejos pr\u00e1cticos para convivir con una persona que no tiene la culpa de nada. Ante todo, mucha calma. Perder la paciencia y gritarles es darles motivos para reafirmarse en sus puntos de vista.<\/p>\n<p style=\"text-align: justify;\">Evitar la confrontaci\u00f3n directa: Son personas que necesitan entrenar su flexibilidad y salirse de su egocentrismo para darse cuenta de que hay otros puntos de vista para explicar la realidad y tambi\u00e9n para darse cuenta de que ellos tienen influencia en su vida y en la de otros, que ellos est\u00e1n presentes, que la vida no es el mundo contra ellos.<\/p>\n<p style=\"text-align: justify;\">Analizar nuestra relaci\u00f3n con ellos: Es importante analizar si la relaci\u00f3n es muy intensa y hay mucha negaci\u00f3n de la propia responsabilidad y mucho victimismo o bien es algo m\u00e1s superficial y acaban admiti\u00e9ndolo.<\/p>\n<p style=\"text-align: justify;\">No lo dejemos pasar: si es alguien que nos importa no debemos dejar pasar este tipo de conductas siempre, porque no es bueno para la persona pero, sobre todo, porque se puede volver en nuestra contra y que acabemos siendo c\u00f3mplices o comport\u00e1ndonos del mismo modo. Es importante practicar la asertividad y tratar de evitar, con cari\u00f1o, que esa persona alimente esa especie de fantas\u00eda narcisista (yo soy bueno, los dem\u00e1s son malos) en la que est\u00e1 metido.<\/p>\n<p style=\"text-align: justify;\">Por tanto, cuando la din\u00e1mica de echar la culpa a los dem\u00e1s va dejando demasiados destrozos en la propia biograf\u00eda de los implicados o en sus relaciones, se hace necesario examinar m\u00e1s de cerca qu\u00e9 est\u00e1 pasando junto a un profesional.<\/p>\n<p style=\"text-align: justify;\">Para concluir, quienes caminan por el mundo eludiendo responsabilidades y desconfiando adem\u00e1s de las acciones ajenas, no solo envenena ambientes y los contaminan de malestar y sufrimiento. Tambi\u00e9n ellos lo pasan mal; al fin y al cabo, con sus conductas lo \u00fanico que consiguen es elevar la incomodidad y la contradicci\u00f3n<strong>.<\/strong><\/p>\n<p><strong>Joan Carles March<\/strong><\/p>\n<div class=\"single-new-img\">\n<figure><figcaption class=\"caption wp-caption-text\">FOTO:Responder por nuestros actos y hacernos cargo de las consecuencias se ha vuelvo algo infrecuente | Foto: Remitida<\/figcaption><\/figure>\n<\/div>\n<div class=\"row single-new-content\">\n<div class=\"col-md-8 content-left\">\n<div class=\"single-new-header-meta text-muted\">https:\/\/www.granadadigital.es\/opinion-gd-personas-nunca-tienen-culpa-nada\/<\/div>\n<\/div>\n<\/div>\n<div class=\"addtoany_share_save_container addtoany_content addtoany_content_top\">\n<div class=\"a2a_kit a2a_kit_size_32 addtoany_list\" data-a2a-url=\"https:\/\/www.granadadigital.es\/opinion-gd-personas-nunca-tienen-culpa-nada\/\" data-a2a-title=\"Personas que nunca tienen la culpa de nada\">\u00a0<\/div>\n<\/div>\n","protected":false},"excerpt":{"rendered":"<p>\u00a0 Hay personas que no tiene nunca la culpa de nada. Hay personas que siempre&#8230;<\/p>\n","protected":false},"author":1,"featured_media":65708,"comment_status":"closed","ping_status":"closed","sticky":false,"template":"","format":"standard","meta":{"_coblocks_attr":"","_coblocks_dimensions":"","_coblocks_responsive_height":"","_coblocks_accordion_ie_support":"","jetpack_post_was_ever_published":false,"_jetpack_newsletter_access":"","_jetpack_dont_email_post_to_subs":false,"_jetpack_newsletter_tier_id":0,"_jetpack_memberships_contains_paywalled_content":false,"_jetpack_memberships_contains_paid_content":false,"footnotes":"","jetpack_publicize_message":"","jetpack_publicize_feature_enabled":true,"jetpack_social_post_already_shared":false,"jetpack_social_options":{"image_generator_settings":{"template":"highway","default_image_id":0,"enabled":false},"version":2}},"categories":[1161,44,6937],"tags":[],"class_list":["post-65707","post","type-post","status-publish","format-standard","has-post-thumbnail","hentry","category-ciudadania","category-noticias-de-hoy","category-sociedad"],"jetpack_publicize_connections":[],"jetpack_featured_media_url":"https:\/\/i0.wp.com\/miradordeatarfe.es\/wp-content\/uploads\/2023\/12\/IMG_1517-1010x713-1.jpeg?fit=1010%2C713&ssl=1","jetpack_likes_enabled":true,"jetpack_sharing_enabled":true,"_links":{"self":[{"href":"https:\/\/miradordeatarfe.es\/index.php?rest_route=\/wp\/v2\/posts\/65707","targetHints":{"allow":["GET"]}}],"collection":[{"href":"https:\/\/miradordeatarfe.es\/index.php?rest_route=\/wp\/v2\/posts"}],"about":[{"href":"https:\/\/miradordeatarfe.es\/index.php?rest_route=\/wp\/v2\/types\/post"}],"author":[{"embeddable":true,"href":"https:\/\/miradordeatarfe.es\/index.php?rest_route=\/wp\/v2\/users\/1"}],"replies":[{"embeddable":true,"href":"https:\/\/miradordeatarfe.es\/index.php?rest_route=%2Fwp%2Fv2%2Fcomments&post=65707"}],"version-history":[{"count":1,"href":"https:\/\/miradordeatarfe.es\/index.php?rest_route=\/wp\/v2\/posts\/65707\/revisions"}],"predecessor-version":[{"id":65709,"href":"https:\/\/miradordeatarfe.es\/index.php?rest_route=\/wp\/v2\/posts\/65707\/revisions\/65709"}],"wp:featuredmedia":[{"embeddable":true,"href":"https:\/\/miradordeatarfe.es\/index.php?rest_route=\/wp\/v2\/media\/65708"}],"wp:attachment":[{"href":"https:\/\/miradordeatarfe.es\/index.php?rest_route=%2Fwp%2Fv2%2Fmedia&parent=65707"}],"wp:term":[{"taxonomy":"category","embeddable":true,"href":"https:\/\/miradordeatarfe.es\/index.php?rest_route=%2Fwp%2Fv2%2Fcategories&post=65707"},{"taxonomy":"post_tag","embeddable":true,"href":"https:\/\/miradordeatarfe.es\/index.php?rest_route=%2Fwp%2Fv2%2Ftags&post=65707"}],"curies":[{"name":"wp","href":"https:\/\/api.w.org\/{rel}","templated":true}]}}