{"id":65713,"date":"2023-12-14T09:30:32","date_gmt":"2023-12-14T08:30:32","guid":{"rendered":"https:\/\/miradordeatarfe.es\/?p=65713"},"modified":"2023-12-14T09:53:12","modified_gmt":"2023-12-14T08:53:12","slug":"violencia-vicaria-golpear-donde-mas-duele-de-sonia-vaccaro","status":"publish","type":"post","link":"https:\/\/miradordeatarfe.es\/?p=65713","title":{"rendered":"\u201cViolencia vicaria. Golpear donde m\u00e1s duele\u201d de Sonia Vaccaro"},"content":{"rendered":"<h3 style=\"text-align: justify;\">La Asociaci\u00f3n de Mujeres Psicolog\u00eda Feminista tiene el placer de invitarle a la\u00a0presentaci\u00f3n del libro<span style=\"color: #800000;\"><i> <b>\u201cViolencia vicaria. Golpear donde m\u00e1s duele\u201d<\/b> <\/i>de Sonia Vaccaro<\/span>. Que tendr\u00e1 lugar el <b>s\u00e1bado 16 de diciembre de 2023 a las 11.30 horas en el Palacio de los Condes de Gabia<\/b>, ubicado en la Plaza de los Girones, 1 (centro de Granada)<\/h3>\n<p style=\"text-align: justify;\">El libro ha sido escrito por la profesional que ha acu\u00f1ado el t\u00e9rmino <i>Violencia Vicaria<\/i>, se trata de un libro contempor\u00e1neo para comprender esta forma de violencia contra las mujeres que hoy se nombra en todo el mundo. La Violencia Vicaria es otra forma de violencia contra la mujer, donde el hombre violento utiliza a las hijas e hijos para da\u00f1ar a la madre.<\/p>\n<p style=\"text-align: justify;\">En dicha presentaci\u00f3n contaremos con <b>Sonia Vaccaro<\/b> (autora) y con la compa\u00f1\u00eda de <b>Teresa Peramato Mart\u00edn<\/b> (Fiscal de sala contra la Violencia sobre la Mujer. Fiscal\u00eda General del Estado) y <b>Flor de Torres Porras <\/b>(Fiscal Delegada de Violencia a la Mujer de la Comunidad Aut\u00f3noma\u00a0de\u00a0Andaluc\u00eda).<\/p>\n<div class=\"\" data-mesh-id=\"comp-jrne2hne3inlineContent\" data-testid=\"inline-content\">\n<div data-mesh-id=\"comp-jrne2hne3inlineContent-gridContainer\" data-testid=\"mesh-container-content\">\n<div id=\"comp-jrne2hne4\" class=\"BaOVQ8 tz5f0K comp-jrne2hne4 wixui-rich-text\" style=\"text-align: justify;\" data-testid=\"richTextElement\">\n<h3 class=\"font_6 wixui-rich-text__text\"><span class=\"color_15 wixui-rich-text__text\"><span class=\"wixui-rich-text__text\">\u00bfQU\u00c9 ES LA VIOLENCIA VICARIA?<\/span><\/span><\/h3>\n<\/div>\n<div id=\"comp-jrne2hne5\" class=\"BaOVQ8 tz5f0K comp-jrne2hne5 wixui-rich-text\" data-testid=\"richTextElement\">\n<p class=\"font_9 wixui-rich-text__text\" style=\"text-align: justify;\"><span class=\"color_15 wixui-rich-text__text\">Todos los d\u00edas vemos c\u00f3mo hombres que durante el matrimonio no se preocuparon ni interesaron por sus hijas\/os, al momento del divorcio, solicitan la custodia compartida, un r\u00e9gimen de visitas amplio y algunos solicitan la custodia plena, s\u00f3lo por su af\u00e1n de continuar en contacto con la mujer y continuar el maltrato, ahora a trav\u00e9s de los hijos y las hijas. A este fen\u00f3meno, lo he denominado \u201cviolencia vicaria\u201d: aquella violencia que se ejerce sobre los hijos para herir a la mujer. Es una violencia secundaria a la v\u00edctima principal, que es la mujer. Es a la mujer a la que se quiere da\u00f1ar y el da\u00f1o se hace a trav\u00e9s de terceros, por interp\u00f3sita persona. El maltratador sabe que da\u00f1ar, asesinar a los hijos\/hijas, es asegurarse de que la mujer no se recuperar\u00e1 jam\u00e1s. Es el da\u00f1o extremo.<\/span><\/p>\n<p style=\"text-align: justify;\">En las \u00faltimas d\u00e9cadas, se ha tomado conciencia de la importancia de atender un delito que ocurr\u00eda en la intimidad de una relaci\u00f3n, en el interior de una casa o de una familia y que, por lo mismo, se lo consideraba <i>privado<\/i>: <strong>la violencia contra las mujeres en el marco de las relaciones de pareja.<\/strong><\/p>\n<p style=\"text-align: justify;\">En este sentido, los pa\u00edses han considerado importante adecuar sus leyes, dise\u00f1ar protocolos de actuaci\u00f3n e intervenciones, en la direcci\u00f3n de proteger a las mujeres de su agresor: se han impuesto \u00f3rdenes de alejamiento, sanciones y privaci\u00f3n de la libertad, pero a la luz de las estad\u00edsticas, estas medidas contin\u00faan siendo insuficientes. Las mujeres contin\u00faan siendo asesinadas a manos de hombres violentos que no aceptan ser dejados o contrariados en su af\u00e1n de controlarlas y someterlas. No aceptan que se cuestione su poder de <i>pater familias<\/i>, sitio de privilegio que el patriarcado reserv\u00f3 para los hombres y para ser ejercido sobre toda su prole, tal como se establec\u00eda en el Derecho Romano.<\/p>\n<p style=\"text-align: justify;\">A medida que se generaban nuevas leyes, \u00f3rdenes de protecci\u00f3n y dispositivos que cubriesen la brecha en la desigualdad entre hombres y mujeres, los hombres violentos han ido modificando y generando nuevas formas de continuar ejerciendo violencia con el objetivo de dominar a quienes consideraban de su propiedad: a las mujeres, a las ni\u00f1as y a los ni\u00f1os.<\/p>\n<p style=\"text-align: justify;\">Estos hombres violentos, frente a los obst\u00e1culos que las leyes y la justicia oponen a su af\u00e1n de ejercer la violencia sobre la que consideran su <i>propiedad privada<\/i>, han encontrado el modo de continuar ejerci\u00e9ndola a trav\u00e9s de la parte m\u00e1s vulnerable para las mujeres: sus hijas\/os. Todos los d\u00edas vemos c\u00f3mo hombres que durante el matrimonio no se preocuparon ni interesaron por sus hijas\/os, en el momento del divorcio, solicitan la custodia compartida y algunos solicitan la custodia plena, s\u00f3lo por su af\u00e1n de continuar en contacto con la mujer para mantener el control y seguir ejerciendo todo su poder, ahora a trav\u00e9s de los hijos\/as.<\/p>\n<p style=\"text-align: justify;\">La Violencia Vicaria es, como su nombre lo indica, una violencia secundaria a la v\u00edctima principal, que es la mujer. Es a la mujer a la que se quiere da\u00f1ar y el da\u00f1o se hace a trav\u00e9s de terceros, por interp\u00f3sita persona. El maltratador sabe que <em>da\u00f1ar a los hijos\/hijas, es asegurarse que el da\u00f1o llega a la mujer del modo m\u00e1s cruel, sin posibilidad de control por parte de ella<\/em>.<\/p>\n<h3 style=\"text-align: justify;\">Si deseas ampliar tu informaci\u00f3n el <b>s\u00e1bado 16 de diciembre de 2023 a las 11.30 horas en el Palacio de los Condes de Gabia<\/b>, ubicado en la Plaza de los Girones, 1 (centro de Granada) Sonia Vaccaro presenta el libro que nos\u00a0 expone esta situaci\u00f3n<\/h3>\n<\/div>\n<\/div>\n<\/div>\n","protected":false},"excerpt":{"rendered":"<p>La Asociaci\u00f3n de Mujeres Psicolog\u00eda Feminista tiene el placer de invitarle a la\u00a0presentaci\u00f3n del libro&#8230;<\/p>\n","protected":false},"author":1,"featured_media":65714,"comment_status":"closed","ping_status":"closed","sticky":false,"template":"","format":"standard","meta":{"_coblocks_attr":"","_coblocks_dimensions":"","_coblocks_responsive_height":"","_coblocks_accordion_ie_support":"","jetpack_post_was_ever_published":false,"_jetpack_newsletter_access":"","_jetpack_dont_email_post_to_subs":false,"_jetpack_newsletter_tier_id":0,"_jetpack_memberships_contains_paywalled_content":false,"_jetpack_memberships_contains_paid_content":false,"footnotes":"","jetpack_publicize_message":"","jetpack_publicize_feature_enabled":true,"jetpack_social_post_already_shared":false,"jetpack_social_options":{"image_generator_settings":{"template":"highway","default_image_id":0,"enabled":false},"version":2}},"categories":[1161,10781,44],"tags":[],"class_list":["post-65713","post","type-post","status-publish","format-standard","has-post-thumbnail","hentry","category-ciudadania","category-granada","category-noticias-de-hoy"],"jetpack_publicize_connections":[],"jetpack_featured_media_url":"https:\/\/i0.wp.com\/miradordeatarfe.es\/wp-content\/uploads\/2023\/12\/Screenshot-2023-12-12-at-14-08-50-VIOLENCIA-VICARIA-Un-golpe-irreversible-contra-las-madres.png?fit=681%2C341&ssl=1","jetpack_likes_enabled":true,"jetpack_sharing_enabled":true,"_links":{"self":[{"href":"https:\/\/miradordeatarfe.es\/index.php?rest_route=\/wp\/v2\/posts\/65713","targetHints":{"allow":["GET"]}}],"collection":[{"href":"https:\/\/miradordeatarfe.es\/index.php?rest_route=\/wp\/v2\/posts"}],"about":[{"href":"https:\/\/miradordeatarfe.es\/index.php?rest_route=\/wp\/v2\/types\/post"}],"author":[{"embeddable":true,"href":"https:\/\/miradordeatarfe.es\/index.php?rest_route=\/wp\/v2\/users\/1"}],"replies":[{"embeddable":true,"href":"https:\/\/miradordeatarfe.es\/index.php?rest_route=%2Fwp%2Fv2%2Fcomments&post=65713"}],"version-history":[{"count":1,"href":"https:\/\/miradordeatarfe.es\/index.php?rest_route=\/wp\/v2\/posts\/65713\/revisions"}],"predecessor-version":[{"id":65715,"href":"https:\/\/miradordeatarfe.es\/index.php?rest_route=\/wp\/v2\/posts\/65713\/revisions\/65715"}],"wp:featuredmedia":[{"embeddable":true,"href":"https:\/\/miradordeatarfe.es\/index.php?rest_route=\/wp\/v2\/media\/65714"}],"wp:attachment":[{"href":"https:\/\/miradordeatarfe.es\/index.php?rest_route=%2Fwp%2Fv2%2Fmedia&parent=65713"}],"wp:term":[{"taxonomy":"category","embeddable":true,"href":"https:\/\/miradordeatarfe.es\/index.php?rest_route=%2Fwp%2Fv2%2Fcategories&post=65713"},{"taxonomy":"post_tag","embeddable":true,"href":"https:\/\/miradordeatarfe.es\/index.php?rest_route=%2Fwp%2Fv2%2Ftags&post=65713"}],"curies":[{"name":"wp","href":"https:\/\/api.w.org\/{rel}","templated":true}]}}