{"id":65717,"date":"2023-12-14T11:12:11","date_gmt":"2023-12-14T10:12:11","guid":{"rendered":"https:\/\/miradordeatarfe.es\/?p=65717"},"modified":"2023-12-12T21:25:50","modified_gmt":"2023-12-12T20:25:50","slug":"noticias-del-ayuntamiento-de-atarfe-2","status":"publish","type":"post","link":"https:\/\/miradordeatarfe.es\/?p=65717","title":{"rendered":"NOTICIAS DEL AYUNTAMIENTO DE ATARFE"},"content":{"rendered":"<h3 style=\"text-align: justify;\">\u00abHAKUNA MATATA \u00a1Vive lo m\u00e1s vital!\u00bb<\/h3>\n<p style=\"text-align: justify;\">El 16 de diciembre de 2023 a las 5 de\u00a0 la tarde llega al CENTRO CULTURAL MEDINA ELVIRA el espect\u00e1culo Hakuna Matata \u00a1Vive lo m\u00e1s vital!.\u00a0<\/p>\n<p style=\"text-align: justify;\">Un musical que recoge todos los personajes de Disney cuyas historias est\u00e1n inspiradas en la naturaleza: rey leon, libro de la selva, tarzan, pocahontas, sirenita, entre otros. Un gran elenco de voces en directo y espectaculares coreograf\u00edas acrob\u00e1ticas.<\/p>\n<p class=\"mce\" style=\"text-align: justify;\">Hakuna Matata&#8217; es un show creado con mucho cari\u00f1o por la compa\u00f1\u00eda Teatropia XXI y pensado para que los m\u00e1s peque\u00f1os de casa disfruten mientras cantan las canciones del cl\u00e1sico de la pel\u00edcula de animaci\u00f3n. La trama se desarrolla en la sabana africana, donde reina la paz con la infancia de Simba. Guiado por su padre en las ense\u00f1anzas m\u00e1s tempranas, <strong class=\"mce\">Simba<\/strong> se ve envuelto en una trama oscura liderada por Scar, el temido hermano de Mufasa. El plan de Scar para convertirse en rey culmina con la muerte de Mufasa y la culpa injusta recae sobre Simba.<\/p>\n<p class=\"mce\" style=\"text-align: justify;\">A partir de este punto, comienza el viaje sin destino aparente de Simba. Sin embargo, encuentra compa\u00f1\u00eda en dos amigos leales y muy divertidos, <strong class=\"mce\">Pumba y Tim\u00f3n<\/strong>, quienes lo guiar\u00e1n en su crecimiento hasta convertirse en un adulto capaz de reclamar su derecho al reino. El espect\u00e1culo ofrece una mezcla \u00fanica de comedia, drama y \u00e9pica, con coreograf\u00edas acrob\u00e1ticas espectaculares y voces en directo que cautivar\u00e1n a grandes y peque\u00f1os.<\/p>\n<p style=\"text-align: justify;\">Adentrate en la naturaleza m\u00e1s Disney<\/p>\n<div class=\"x11i5rnm xat24cr x1mh8g0r x1vvkbs xtlvy1s x126k92a\" style=\"text-align: justify;\">\n<div dir=\"auto\">NO TE OLVIDES este s\u00e1bado 16 de diciembre, prep\u00e1rate para vivir momentos m\u00e1gicos con \u00abHAKUNA MATATA \u00a1Vive lo m\u00e1s vital!\u00bb\u00a0<\/div>\n<div dir=\"auto\">\u00a0<\/div>\n<\/div>\n<div class=\"x11i5rnm xat24cr x1mh8g0r x1vvkbs xtlvy1s x126k92a\" style=\"text-align: justify;\">\n<div dir=\"auto\"><strong>Fecha: S\u00e1bado 16 de Diciembre<\/strong><\/div>\n<div dir=\"auto\"><strong>Hora: 17:00<\/strong><\/div>\n<div dir=\"auto\"><strong>Lugar: Centro Cultural Medina Elvira<\/strong><\/div>\n<\/div>\n<div class=\"x11i5rnm xat24cr x1mh8g0r x1vvkbs xtlvy1s x126k92a\" style=\"text-align: justify;\">\n<div dir=\"auto\">\u00a0<\/div>\n<div dir=\"auto\">Una experiencia inolvidable para los peque\u00f1os de la casa y para los no tan peque\u00f1os.\u00a0<\/div>\n<div dir=\"auto\">\u00a0<\/div>\n<\/div>\n<div class=\"x11i5rnm xat24cr x1mh8g0r x1vvkbs xtlvy1s x126k92a\" style=\"text-align: justify;\">\n<div dir=\"auto\">\u00a0No te quedes sin tu entrada. La puedes conseguir en el siguiente enlace: <a class=\"x1i10hfl xjbqb8w x6umtig x1b1mbwd xaqea5y xav7gou x9f619 x1ypdohk xt0psk2 xe8uvvx xdj266r x11i5rnm xat24cr x1mh8g0r xexx8yu x4uap5 x18d9i69 xkhd6sd x16tdsg8 x1hl2dhg xggy1nq x1a2a7pz xt0b8zv x1fey0fg\" tabindex=\"0\" role=\"link\" href=\"https:\/\/www.giglon.com\/todos?idEvent=hakuna-matata-vive-lo-mas-vital---atarfe&amp;fbclid=IwAR3aBy7nc5JSjOdH7oRnYMYuvxbfzlZGD9CCZPi9RbHslZAOFVIZfR2mqPo\" target=\"_blank\" rel=\"nofollow noopener noreferrer\">https:\/\/www.giglon.com\/todos&#8230;<\/a><\/div>\n<\/div>\n<div class=\"x11i5rnm xat24cr x1mh8g0r x1vvkbs xtlvy1s x126k92a\" style=\"text-align: justify;\">\n<div dir=\"auto\">\u00a1Disfruta la magia de la Navidad!\u00a0<\/div>\n<\/div>\n<div dir=\"auto\" style=\"text-align: justify;\"><a href=\"https:\/\/i0.wp.com\/miradordeatarfe.es\/wp-content\/uploads\/2023\/12\/409687784_731311102379741_5336967997459321089_n.jpg?ssl=1\"><img data-recalc-dims=\"1\" loading=\"lazy\" decoding=\"async\" class=\"alignnone wp-image-65719 size-full\" src=\"https:\/\/i0.wp.com\/miradordeatarfe.es\/wp-content\/uploads\/2023\/12\/409687784_731311102379741_5336967997459321089_n.jpg?resize=526%2C526&#038;ssl=1\" alt=\"\" width=\"526\" height=\"526\" srcset=\"https:\/\/i0.wp.com\/miradordeatarfe.es\/wp-content\/uploads\/2023\/12\/409687784_731311102379741_5336967997459321089_n.jpg?w=526&amp;ssl=1 526w, https:\/\/i0.wp.com\/miradordeatarfe.es\/wp-content\/uploads\/2023\/12\/409687784_731311102379741_5336967997459321089_n.jpg?resize=300%2C300&amp;ssl=1 300w, https:\/\/i0.wp.com\/miradordeatarfe.es\/wp-content\/uploads\/2023\/12\/409687784_731311102379741_5336967997459321089_n.jpg?resize=150%2C150&amp;ssl=1 150w\" sizes=\"auto, (max-width: 526px) 100vw, 526px\" \/><\/a><\/div>\n<div dir=\"auto\" style=\"text-align: justify;\">\n<div class=\"xdj266r x11i5rnm xat24cr x1mh8g0r x1vvkbs x126k92a\">\n<h2 dir=\"auto\">Atarfe se enorgullece de Jos\u00e9 Manuel L\u00f3pez Molina<\/h2>\n<\/div>\n<div class=\"x11i5rnm xat24cr x1mh8g0r x1vvkbs xtlvy1s x126k92a\">\n<div dir=\"auto\">\u00a0Celebramos el reconocimiento merecido de Jos\u00e9 Manuel L\u00f3pez Molina, quien ha recibido la Medalla de Plata al M\u00e9rito de Protecci\u00f3n Civil de Andaluc\u00eda. Su dedicaci\u00f3n inquebrantable en la Agrupaci\u00f3n de Protecci\u00f3n Civil de Atarfe ha marcado la diferencia.<\/div>\n<div dir=\"auto\">\u00a0<\/div>\n<div dir=\"auto\">Todos los Atarfe\u00f1os y Atarfe\u00f1as conocemos a Manuel y su labor y entrega a su pueblo. En este d\u00eda especial, nuestra Alcaldesa Yolanda Fern\u00e1ndez y el Concejal de Seguridad Francisco Javier P\u00e9rez lo acompa\u00f1aron en el emotivo acto en Sevilla, donde tambi\u00e9n estuvieron presentes sus compa\u00f1eros de Protecci\u00f3n Civil de Atarfe.<\/div>\n<div dir=\"auto\">\u00a0<\/div>\n<\/div>\n<div class=\"x11i5rnm xat24cr x1mh8g0r x1vvkbs xtlvy1s x126k92a\">\n<div dir=\"auto\">\u00a1Gracias, Manuel, por tu servicio desinteresado y por hacer que Atarfe sea cada d\u00eda mejor!<\/div>\n<div dir=\"auto\">\u00a0<\/div>\n<\/div>\n<div dir=\"auto\"><a href=\"https:\/\/i0.wp.com\/miradordeatarfe.es\/wp-content\/uploads\/2023\/12\/408807554_731398712370980_2274573511449015775_n.jpg?ssl=1\"><img data-recalc-dims=\"1\" loading=\"lazy\" decoding=\"async\" class=\"alignnone wp-image-65718 size-full\" src=\"https:\/\/i0.wp.com\/miradordeatarfe.es\/wp-content\/uploads\/2023\/12\/408807554_731398712370980_2274573511449015775_n.jpg?resize=640%2C476&#038;ssl=1\" alt=\"\" width=\"640\" height=\"476\" srcset=\"https:\/\/i0.wp.com\/miradordeatarfe.es\/wp-content\/uploads\/2023\/12\/408807554_731398712370980_2274573511449015775_n.jpg?w=720&amp;ssl=1 720w, https:\/\/i0.wp.com\/miradordeatarfe.es\/wp-content\/uploads\/2023\/12\/408807554_731398712370980_2274573511449015775_n.jpg?resize=300%2C223&amp;ssl=1 300w\" sizes=\"auto, (max-width: 640px) 100vw, 640px\" \/><\/a><\/div>\n<\/div>\n<div dir=\"auto\" style=\"text-align: justify;\">\u00a0<\/div>\n<div dir=\"auto\" style=\"text-align: justify;\">\u00a0<\/div>\n<div dir=\"auto\">\n<div class=\"xdj266r x11i5rnm xat24cr x1mh8g0r x1vvkbs x126k92a\" style=\"text-align: justify;\">\n<h2 dir=\"auto\">Esta Navidad, disfruta el Patinaje sobre Hielo en Atarfe!\u00a0<\/h2>\n<\/div>\n<div class=\"x11i5rnm xat24cr x1mh8g0r x1vvkbs xtlvy1s x126k92a\" style=\"text-align: justify;\">\n<div dir=\"auto\">Ven a nuestra espectacular pista instalada junto al Espacio Joven.\u00a0<\/div>\n<\/div>\n<div class=\"x11i5rnm xat24cr x1mh8g0r x1vvkbs xtlvy1s x126k92a\" style=\"text-align: justify;\">\n<div dir=\"auto\">\u00a0<\/div>\n<div dir=\"auto\">Hasta el 22 de Diciembre De Lunes a Viernes: 16:00 a 21:00<\/div>\n<\/div>\n<div class=\"x11i5rnm xat24cr x1mh8g0r x1vvkbs xtlvy1s x126k92a\" style=\"text-align: justify;\">\n<div dir=\"auto\">S\u00e1bado, Domingo y Festivos: 11:00 a 21:00<\/div>\n<\/div>\n<div class=\"x11i5rnm xat24cr x1mh8g0r x1vvkbs xtlvy1s x126k92a\" style=\"text-align: justify;\">\n<div dir=\"auto\">\u00a0<\/div>\n<div dir=\"auto\">\u00a0Del 23 de Diciembre al 7 de Enero<\/div>\n<\/div>\n<div class=\"x11i5rnm xat24cr x1mh8g0r x1vvkbs xtlvy1s x126k92a\" style=\"text-align: justify;\">\n<div dir=\"auto\">De Lunes a Domingo: 11:00 a 21:00<\/div>\n<\/div>\n<div class=\"x11i5rnm xat24cr x1mh8g0r x1vvkbs xtlvy1s x126k92a\" style=\"text-align: justify;\">\n<div dir=\"auto\">\u00a0<\/div>\n<div dir=\"auto\"><strong>Tarifas:<\/strong><\/div>\n<div dir=\"auto\">Entrada <strong>General: 4\u20ac<\/strong><\/div>\n<div dir=\"auto\"><strong>Bono de 10 sesiones: 35\u20ac<\/strong><\/div>\n<div dir=\"auto\">\u00a0<\/div>\n<\/div>\n<div dir=\"auto\" style=\"text-align: justify;\"><a href=\"https:\/\/i0.wp.com\/miradordeatarfe.es\/wp-content\/uploads\/2023\/12\/410264534_730977839079734_4360023649000092504_n.jpg?ssl=1\"><img data-recalc-dims=\"1\" loading=\"lazy\" decoding=\"async\" class=\"alignnone wp-image-65720 size-full\" src=\"https:\/\/i0.wp.com\/miradordeatarfe.es\/wp-content\/uploads\/2023\/12\/410264534_730977839079734_4360023649000092504_n.jpg?resize=526%2C526&#038;ssl=1\" alt=\"\" width=\"526\" height=\"526\" srcset=\"https:\/\/i0.wp.com\/miradordeatarfe.es\/wp-content\/uploads\/2023\/12\/410264534_730977839079734_4360023649000092504_n.jpg?w=526&amp;ssl=1 526w, https:\/\/i0.wp.com\/miradordeatarfe.es\/wp-content\/uploads\/2023\/12\/410264534_730977839079734_4360023649000092504_n.jpg?resize=300%2C300&amp;ssl=1 300w, https:\/\/i0.wp.com\/miradordeatarfe.es\/wp-content\/uploads\/2023\/12\/410264534_730977839079734_4360023649000092504_n.jpg?resize=150%2C150&amp;ssl=1 150w\" sizes=\"auto, (max-width: 526px) 100vw, 526px\" \/><\/a><\/div>\n<\/div>\n","protected":false},"excerpt":{"rendered":"<p>\u00abHAKUNA MATATA \u00a1Vive lo m\u00e1s vital!\u00bb El 16 de diciembre de 2023 a las 5&#8230;<\/p>\n","protected":false},"author":1,"featured_media":65352,"comment_status":"closed","ping_status":"closed","sticky":false,"template":"","format":"standard","meta":{"_coblocks_attr":"","_coblocks_dimensions":"","_coblocks_responsive_height":"","_coblocks_accordion_ie_support":"","jetpack_post_was_ever_published":false,"_jetpack_newsletter_access":"","_jetpack_dont_email_post_to_subs":false,"_jetpack_newsletter_tier_id":0,"_jetpack_memberships_contains_paywalled_content":false,"_jetpack_memberships_contains_paid_content":false,"footnotes":"","jetpack_publicize_message":"","jetpack_publicize_feature_enabled":true,"jetpack_social_post_already_shared":true,"jetpack_social_options":{"image_generator_settings":{"template":"highway","default_image_id":0,"enabled":false},"version":2}},"categories":[6916,186,44],"tags":[],"class_list":["post-65717","post","type-post","status-publish","format-standard","has-post-thumbnail","hentry","category-ayuntamiento-de-atarfe","category-instituciones","category-noticias-de-hoy"],"jetpack_publicize_connections":[],"jetpack_featured_media_url":"https:\/\/i0.wp.com\/miradordeatarfe.es\/wp-content\/uploads\/2023\/11\/Captura20231129121032.png?fit=340%2C281&ssl=1","jetpack_likes_enabled":true,"jetpack_sharing_enabled":true,"_links":{"self":[{"href":"https:\/\/miradordeatarfe.es\/index.php?rest_route=\/wp\/v2\/posts\/65717","targetHints":{"allow":["GET"]}}],"collection":[{"href":"https:\/\/miradordeatarfe.es\/index.php?rest_route=\/wp\/v2\/posts"}],"about":[{"href":"https:\/\/miradordeatarfe.es\/index.php?rest_route=\/wp\/v2\/types\/post"}],"author":[{"embeddable":true,"href":"https:\/\/miradordeatarfe.es\/index.php?rest_route=\/wp\/v2\/users\/1"}],"replies":[{"embeddable":true,"href":"https:\/\/miradordeatarfe.es\/index.php?rest_route=%2Fwp%2Fv2%2Fcomments&post=65717"}],"version-history":[{"count":2,"href":"https:\/\/miradordeatarfe.es\/index.php?rest_route=\/wp\/v2\/posts\/65717\/revisions"}],"predecessor-version":[{"id":65722,"href":"https:\/\/miradordeatarfe.es\/index.php?rest_route=\/wp\/v2\/posts\/65717\/revisions\/65722"}],"wp:featuredmedia":[{"embeddable":true,"href":"https:\/\/miradordeatarfe.es\/index.php?rest_route=\/wp\/v2\/media\/65352"}],"wp:attachment":[{"href":"https:\/\/miradordeatarfe.es\/index.php?rest_route=%2Fwp%2Fv2%2Fmedia&parent=65717"}],"wp:term":[{"taxonomy":"category","embeddable":true,"href":"https:\/\/miradordeatarfe.es\/index.php?rest_route=%2Fwp%2Fv2%2Fcategories&post=65717"},{"taxonomy":"post_tag","embeddable":true,"href":"https:\/\/miradordeatarfe.es\/index.php?rest_route=%2Fwp%2Fv2%2Ftags&post=65717"}],"curies":[{"name":"wp","href":"https:\/\/api.w.org\/{rel}","templated":true}]}}