{"id":65728,"date":"2023-12-14T10:55:58","date_gmt":"2023-12-14T09:55:58","guid":{"rendered":"https:\/\/miradordeatarfe.es\/?p=65728"},"modified":"2023-12-14T10:56:38","modified_gmt":"2023-12-14T09:56:38","slug":"atarfe-se-mueve-para-ayudar-a-sergio-garcia-bolivar","status":"publish","type":"post","link":"https:\/\/miradordeatarfe.es\/?p=65728","title":{"rendered":"\u201c ATARFE SE MUEVE PARA AYUDAR A SERGIO GARC\u00cdA BOL\u00cdVAR\u201d"},"content":{"rendered":"<h3 style=\"text-align: justify;\">La familia, la vecindad y sus amistades junto con representantes de asociaciones y el propio Ayuntamiento de Atarfe se movilizan para ayudar al joven con 32 a\u00f1os, Sergio Garc\u00eda Bol\u00edvar, afectado en un 96 % con discapacidad por da\u00f1o cerebral, con la circunstancia de la p\u00e9rdida de su padre en un tr\u00e1gico accidente de tr\u00e1fico el pasado 27 de noviembre.<\/h3>\n<p style=\"text-align: justify;\">Se convoca una reuni\u00f3n para organizar actos ben\u00e9ficos que puedan ayudar a la familia de Sergio en estos duros momentos, han sido ya varias las iniciativas de la familia y amistades, el apoyo de la Concejal\u00eda Servicios Sociales del Ayuntamiento de Atarfe, pero dada la situaci\u00f3n de emergencia se quiere establecer una coordinaci\u00f3n para aumentar la ayuda.<\/p>\n<p style=\"text-align: justify;\">Se tendr\u00e1 una reuni\u00f3n<strong> hoy Jueves 14 de diciembre, a las 7 de la tarde en el local del Centro Ocupacional-APIEMA, en calle Escuelas de Atarfe<\/strong> en la que podr\u00e1n participar todas aquellas personas o entidades que quieren contribuir a la organizaci\u00f3n de eventos ben\u00e9ficos.<\/p>\n<p style=\"text-align: justify;\">La <strong>solidaridad<\/strong> es en principio un sentimiento de apoyo a otros, especialmente cuando se encuentran en situaci\u00f3n de vulnerabilidad, que se manifiesta en actos y palabras. Ser solidario es uno de los principales rasgos psicol\u00f3gicos y sociol\u00f3gicos de la humanidad.<\/p>\n<div class=\"code-block code-block-1\" style=\"text-align: justify;\">\n<div id=\"div-gpt-ad-content-adapt-1\">\n<div id=\"ssm_container-237675260\" class=\"ssm_adunit_container aU-10768\">Junto a la honestidad, la justicia o la amistad, la solidaridad es un valor humano de gran importancia, porque nos hace entender que m\u00e1s all\u00e1 de los lazos de sangre, de las diferencias sociales, pol\u00edticas, religiosas y culturales, somos parte de un todo: la humanidad.<\/div>\n<\/div>\n<\/div>\n<div style=\"text-align: justify;\">\u00a0<\/div>\n<div>\u00a0<\/div>\n","protected":false},"excerpt":{"rendered":"<p>La familia, la vecindad y sus amistades junto con representantes de asociaciones y el propio&#8230;<\/p>\n","protected":false},"author":1,"featured_media":65729,"comment_status":"closed","ping_status":"closed","sticky":false,"template":"","format":"standard","meta":{"_coblocks_attr":"","_coblocks_dimensions":"","_coblocks_responsive_height":"","_coblocks_accordion_ie_support":"","jetpack_post_was_ever_published":false,"_jetpack_newsletter_access":"","_jetpack_dont_email_post_to_subs":false,"_jetpack_newsletter_tier_id":0,"_jetpack_memberships_contains_paywalled_content":false,"_jetpack_memberships_contains_paid_content":false,"footnotes":"","jetpack_publicize_message":"","jetpack_publicize_feature_enabled":true,"jetpack_social_post_already_shared":true,"jetpack_social_options":{"image_generator_settings":{"template":"highway","default_image_id":0,"enabled":false},"version":2}},"categories":[2,1161,44],"tags":[],"class_list":["post-65728","post","type-post","status-publish","format-standard","has-post-thumbnail","hentry","category-atarfe","category-ciudadania","category-noticias-de-hoy"],"jetpack_publicize_connections":[],"jetpack_featured_media_url":"https:\/\/i0.wp.com\/miradordeatarfe.es\/wp-content\/uploads\/2023\/12\/AyudaAsergio.jpg?fit=554%2C279&ssl=1","jetpack_likes_enabled":true,"jetpack_sharing_enabled":true,"_links":{"self":[{"href":"https:\/\/miradordeatarfe.es\/index.php?rest_route=\/wp\/v2\/posts\/65728","targetHints":{"allow":["GET"]}}],"collection":[{"href":"https:\/\/miradordeatarfe.es\/index.php?rest_route=\/wp\/v2\/posts"}],"about":[{"href":"https:\/\/miradordeatarfe.es\/index.php?rest_route=\/wp\/v2\/types\/post"}],"author":[{"embeddable":true,"href":"https:\/\/miradordeatarfe.es\/index.php?rest_route=\/wp\/v2\/users\/1"}],"replies":[{"embeddable":true,"href":"https:\/\/miradordeatarfe.es\/index.php?rest_route=%2Fwp%2Fv2%2Fcomments&post=65728"}],"version-history":[{"count":3,"href":"https:\/\/miradordeatarfe.es\/index.php?rest_route=\/wp\/v2\/posts\/65728\/revisions"}],"predecessor-version":[{"id":65732,"href":"https:\/\/miradordeatarfe.es\/index.php?rest_route=\/wp\/v2\/posts\/65728\/revisions\/65732"}],"wp:featuredmedia":[{"embeddable":true,"href":"https:\/\/miradordeatarfe.es\/index.php?rest_route=\/wp\/v2\/media\/65729"}],"wp:attachment":[{"href":"https:\/\/miradordeatarfe.es\/index.php?rest_route=%2Fwp%2Fv2%2Fmedia&parent=65728"}],"wp:term":[{"taxonomy":"category","embeddable":true,"href":"https:\/\/miradordeatarfe.es\/index.php?rest_route=%2Fwp%2Fv2%2Fcategories&post=65728"},{"taxonomy":"post_tag","embeddable":true,"href":"https:\/\/miradordeatarfe.es\/index.php?rest_route=%2Fwp%2Fv2%2Ftags&post=65728"}],"curies":[{"name":"wp","href":"https:\/\/api.w.org\/{rel}","templated":true}]}}