{"id":65733,"date":"2023-12-16T09:17:29","date_gmt":"2023-12-16T08:17:29","guid":{"rendered":"https:\/\/miradordeatarfe.es\/?p=65733"},"modified":"2024-01-12T16:19:06","modified_gmt":"2024-01-12T15:19:06","slug":"parece-mentira-por-juan-de-dios-villanueva-roa","status":"publish","type":"post","link":"https:\/\/miradordeatarfe.es\/?p=65733","title":{"rendered":"\u00abParece mentira\u00bb por Juan de Dios Villanueva Roa"},"content":{"rendered":"<h3 style=\"text-align: justify;\">Parece mentira, pero el invierno se acerca entre bocado y bocado. Las calles de Granada, de Ja\u00e9n, de Almer\u00eda est\u00e1n repletas de gentes que caminan con la barbilla levantada, buscando ver algo nuevo, paseantes de festivos, de puentes y de espect\u00e1culos.<\/h3>\n<p style=\"text-align: justify;\">La pandemia nos cambi\u00f3, nos hizo aprovechar el instante o que pudi\u00e9semos ir donde fuera, pero fuera. Comida tras comida, reuni\u00f3n tras reuni\u00f3n nos iremos aproximando a una Navidad que ya ha puesto el cartel de completo en restaurantes y espect\u00e1culos.<\/p>\n<p style=\"text-align: justify;\">Parece que sobra gente, parece que estamos muchos, sin embargo somos los mismos, los de entonces, que ya no podemos quedarnos quietos, que nos sentimos arrastrados por la necesidad de consumir, de ver para despu\u00e9s contar. No eres nadie si no tienes una experiencia nueva que contarle a tus conocidos. Y todos buscamos ser alguien, y capturar todos los momentos y paisajes que solo vemos a trav\u00e9s de la pantalla del m\u00f3vil, y subirlos a la nube.<\/p>\n<p style=\"text-align: justify;\">As\u00ed, si alg\u00fan d\u00eda llueve, solo caer\u00e1n gotas de paseos, de fachadas, de gentes deambulando o brindando. Ya no caer\u00e1 agua, porque la nube la habremos llenado de esas instant\u00e1neas que recogen lugares y ambientes que no hemos vivido ni visto, pero que hemos retratado en mil im\u00e1genes que luego nuestros ni\u00f1os pasar\u00e1n con sus deditos de uno o dos a\u00f1os cuando juegan con nuestro m\u00f3vil mientras nosotros descansamos de tanta agitaci\u00f3n, comidas, discurrir entre miles de personas que van donde va la marea, que hacen colas para comprar un caf\u00e9 y despu\u00e9s contar que estuvieron all\u00ed, que estuvimos all\u00ed, y todo el mundo buscando esta nueva felicidad que pasa por sentirnos muy acompa\u00f1ados.<\/p>\n<p>FOTO: \u00a0<a class=\"cursor-pointer text-blue-primary hover:text-red-80 hover:underline\" href=\"https:\/\/www.alamy.com\/stock-photo\/?name=Miguel+\u00c1ngel+RM&amp;pseudoid=9F836CDB-BF71-4E8D-8D31-05974E6A69AB\">Miguel \u00c1ngel RM<\/a><\/p>\n","protected":false},"excerpt":{"rendered":"<p>Parece mentira, pero el invierno se acerca entre bocado y bocado. Las calles de Granada,&#8230;<\/p>\n","protected":false},"author":1,"featured_media":65734,"comment_status":"closed","ping_status":"closed","sticky":false,"template":"","format":"standard","meta":{"_coblocks_attr":"","_coblocks_dimensions":"","_coblocks_responsive_height":"","_coblocks_accordion_ie_support":"","jetpack_post_was_ever_published":false,"_jetpack_newsletter_access":"","_jetpack_dont_email_post_to_subs":false,"_jetpack_newsletter_tier_id":0,"_jetpack_memberships_contains_paywalled_content":false,"_jetpack_memberships_contains_paid_content":false,"footnotes":"","jetpack_publicize_message":"","jetpack_publicize_feature_enabled":true,"jetpack_social_post_already_shared":false,"jetpack_social_options":{"image_generator_settings":{"template":"highway","default_image_id":0,"enabled":false},"version":2}},"categories":[1161,9772,44,6937],"tags":[],"class_list":["post-65733","post","type-post","status-publish","format-standard","has-post-thumbnail","hentry","category-ciudadania","category-opinion-de-juan-de-dios-villanueva","category-noticias-de-hoy","category-sociedad"],"jetpack_publicize_connections":[],"jetpack_featured_media_url":"https:\/\/i0.wp.com\/miradordeatarfe.es\/wp-content\/uploads\/2023\/12\/Screenshot-2023-12-14-at-11-18-42-Many-people-with-masks-walking-through-the-Carrera-de-la-Virgen-in-Granada-Spain-a-beautiful-park-in-the-center-of-the-city-surrounded-by-trees-Stock-Photo-Alamy.png?fit=487%2C482&ssl=1","jetpack_likes_enabled":true,"jetpack_sharing_enabled":true,"_links":{"self":[{"href":"https:\/\/miradordeatarfe.es\/index.php?rest_route=\/wp\/v2\/posts\/65733","targetHints":{"allow":["GET"]}}],"collection":[{"href":"https:\/\/miradordeatarfe.es\/index.php?rest_route=\/wp\/v2\/posts"}],"about":[{"href":"https:\/\/miradordeatarfe.es\/index.php?rest_route=\/wp\/v2\/types\/post"}],"author":[{"embeddable":true,"href":"https:\/\/miradordeatarfe.es\/index.php?rest_route=\/wp\/v2\/users\/1"}],"replies":[{"embeddable":true,"href":"https:\/\/miradordeatarfe.es\/index.php?rest_route=%2Fwp%2Fv2%2Fcomments&post=65733"}],"version-history":[{"count":1,"href":"https:\/\/miradordeatarfe.es\/index.php?rest_route=\/wp\/v2\/posts\/65733\/revisions"}],"predecessor-version":[{"id":65735,"href":"https:\/\/miradordeatarfe.es\/index.php?rest_route=\/wp\/v2\/posts\/65733\/revisions\/65735"}],"wp:featuredmedia":[{"embeddable":true,"href":"https:\/\/miradordeatarfe.es\/index.php?rest_route=\/wp\/v2\/media\/65734"}],"wp:attachment":[{"href":"https:\/\/miradordeatarfe.es\/index.php?rest_route=%2Fwp%2Fv2%2Fmedia&parent=65733"}],"wp:term":[{"taxonomy":"category","embeddable":true,"href":"https:\/\/miradordeatarfe.es\/index.php?rest_route=%2Fwp%2Fv2%2Fcategories&post=65733"},{"taxonomy":"post_tag","embeddable":true,"href":"https:\/\/miradordeatarfe.es\/index.php?rest_route=%2Fwp%2Fv2%2Ftags&post=65733"}],"curies":[{"name":"wp","href":"https:\/\/api.w.org\/{rel}","templated":true}]}}