{"id":65744,"date":"2023-12-17T09:03:47","date_gmt":"2023-12-17T08:03:47","guid":{"rendered":"https:\/\/miradordeatarfe.es\/?p=65744"},"modified":"2023-12-14T12:10:03","modified_gmt":"2023-12-14T11:10:03","slug":"el-triangulo-de-oro-de-la-educacion-en-espana-aqui-todo-el-mundo-tiene-claro-que-o-estudias-o-no-tienes-futuro","status":"publish","type":"post","link":"https:\/\/miradordeatarfe.es\/?p=65744","title":{"rendered":"El tri\u00e1ngulo de oro de la educaci\u00f3n en Espa\u00f1a: \u201cAqu\u00ed todo el mundo tiene claro que o estudias o no tienes futuro\u201d"},"content":{"rendered":"<h3 class=\"a_st\" style=\"text-align: justify;\">Castilla y L\u00e9on, Asturias y Cantabria obtienen los mejores resultados en PISA. Tienen en com\u00fan mucha educaci\u00f3n p\u00fablica, mucha escuela rural, una larga tradici\u00f3n educativa y pol\u00edticas estables<\/h3>\n<p style=\"text-align: justify;\">Amanda tiene 17 a\u00f1os y dice que los ex\u00e1menes del informe PISA, la evaluaci\u00f3n internacional que el martes dej\u00f3 a la vista <a href=\"https:\/\/elpais.com\/educacion\/2023-12-05\/informe-pisa-espana-obtiene-su-peor-resultado-pero-resiste-el-batacazo-educativo-global-mejor-que-su-entorno.html\" target=\"_blank\" rel=\"noopener\" data-link-track-dtm=\"\" data-mrf-link=\"https:\/\/elpais.com\/educacion\/2023-12-05\/informe-pisa-espana-obtiene-su-peor-resultado-pero-resiste-el-batacazo-educativo-global-mejor-que-su-entorno.html\">el gran socav\u00f3n educativo<\/a> abierto por la pandemia en medio mundo, no le parecieron dif\u00edciles. \u201cSe ajustaban bastante a lo que hab\u00edamos dado durante el curso\u201d, afirma apoyada en una mesa de La Er\u00eda, el instituto p\u00fablico al que asiste en Oviedo. Su comunidad, Asturias, forma con Castilla y Le\u00f3n y Cantabria el tri\u00e1ngulo de oro de la educaci\u00f3n espa\u00f1ola; <a href=\"https:\/\/elpais.com\/educacion\/2023-12-05\/informe-pisa-por-comunidades-autonomas-cataluna-se-hunde-castilla-y-leon-sobresale-y-madrid-se-recupera.html#?rel=mas_sumario\" target=\"_blank\" rel=\"noopener\" data-link-track-dtm=\"\" data-mrf-link=\"https:\/\/elpais.com\/educacion\/2023-12-05\/informe-pisa-por-comunidades-autonomas-cataluna-se-hunde-castilla-y-leon-sobresale-y-madrid-se-recupera.html\">la zona del norte, que encabeza los resultados del pa\u00eds<\/a> en una prueba, organizada por la OCDE, que ha medido las competencias de los chavales en matem\u00e1ticas, comprensi\u00f3n lectura y ciencias al t\u00e9rmino de la educaci\u00f3n obligatoria, con 15 o 16 a\u00f1os, en 81 pa\u00edses. Los ex\u00e1menes tuvieron lugar en abril de 2022. Las puntuaciones obtenidas por Amanda y sus compa\u00f1eros de las tres comunidades situar\u00edan a dichos territorios, si fueran pa\u00edses, entre los puestos siete y nueve de la clasificaci\u00f3n global, entre Suiza, Canad\u00e1 y Pa\u00edses Bajos. Y los colocan 20 puntos por encima de la media espa\u00f1ola en todos los ex\u00e1menes, lo que equivale \u2015como m\u00ednimo, porque el c\u00e1lculo no es oficial ni pac\u00edfico\u2015 a medio curso acad\u00e9mico de diferencia.<\/p>\n<p style=\"text-align: justify;\">Los resultados educativos de un territorio en una evaluaci\u00f3n como PISA <a href=\"https:\/\/elpais.com\/educacion\/2023-12-07\/pisa-y-las-condiciones-de-educabilidad.html\" target=\"_blank\" rel=\"noopener\" data-link-track-dtm=\"\" data-mrf-link=\"https:\/\/elpais.com\/educacion\/2023-12-07\/pisa-y-las-condiciones-de-educabilidad.html\">siempre son producto de m\u00faltiples factores<\/a>, anclados en gran medida al contexto socioecon\u00f3mico. Amanda, que ahora est\u00e1 en segundo de bachillerato y quiere estudiar un doble grado en ADE y Traducci\u00f3n e Interpretaci\u00f3n, menciona una de las razones que, con unas u otras palabras, plantean todos los entrevistados en este reportaje a la hora de explicar las puntuaciones de las tres comunidades con mayor \u00e9xito: una amplia conciencia social sobre la importancia de la educaci\u00f3n y unas elevadas expectativas familiares, reforzadas por la escasez de alternativas laborales poco cualificadas \u2015como el turismo o la hosteler\u00eda\u2015 que abundan en otras regiones, como las del Mediterr\u00e1neo. \u201cAqu\u00ed casi todo el mundo quiere estudiar. Despu\u00e9s en cada casa se puede discutir si es mejor ir a la universidad o hacer una FP, pero todo el mundo tiene claro que sin eso no vas a tener un futuro\u201d, dice Amanda.<\/p>\n<p class=\"\" style=\"text-align: justify;\">Las tres comunidades que encabezan PISA en Espa\u00f1a tienen bastantes cosas en com\u00fan. Una renta per c\u00e1pita solo un poco por debajo de la media espa\u00f1ola. Poblaciones escolares peque\u00f1as y, en el caso de Castilla y Le\u00f3n y Asturias, especialmente menguantes. Una buena financiaci\u00f3n per c\u00e1pita por parte del Estado, que las sit\u00faa por encima de la media de las comunidades en recepci\u00f3n de fondos, seg\u00fan el c\u00e1lculo de la Fundaci\u00f3n de Estudios de Econom\u00eda Aplicada (Fedea). Una inversi\u00f3n p\u00fablica por alumno superior al promedio auton\u00f3mico. Un importante peso de la ense\u00f1anza p\u00fablica y la escuela rural y, en parte, por ello, una ratio de alumnos por clase inferior a la media del pa\u00eds. Porcentajes relativamente bajos de alumnado inmigrante. Y un capital educativo que viene de lejos \u2015<a href=\"https:\/\/agendapublica.elpais.com\/noticia\/15589\/pisa-hace-siglo-medio\" target=\"_blank\" rel=\"noopener\" data-link-track-dtm=\"\" data-mrf-link=\"https:\/\/agendapublica.elpais.com\/noticia\/15589\/pisa-hace-siglo-medio\">se aprecia ya en las estad\u00edsticas de alfabetizaci\u00f3n del siglo XIX<\/a>\u2015 y es clave, porque como muestran numerosas investigaciones, el nivel formativo tambi\u00e9n tiende a heredarse.<\/p>\n<p class=\"\" style=\"text-align: justify;\">Castilla y Le\u00f3n lleva casi desde el inicio de PISA \u2015que empez\u00f3 a realizarse en el a\u00f1o 2000 y en esta octava edici\u00f3n ha examinado a 690.00 alumnos, 30.800 de ellos espa\u00f1oles\u2015 <a href=\"https:\/\/elpais.com\/politica\/2016\/12\/07\/actualidad\/1481143115_972547.html\" target=\"_blank\" rel=\"noopener\" data-link-track-dtm=\"\" data-mrf-link=\"https:\/\/elpais.com\/politica\/2016\/12\/07\/actualidad\/1481143115_972547.html\">en los puestos de cabeza auton\u00f3micos<\/a>. Esta vez lidera todas las pruebas. Asturias y Cantabria (segunda y tercera este a\u00f1o) nunca han ido mal, pero se han ido consolidando en los primeros lugares m\u00e1s recientemente. En mayo, el alumnado asturiano de primaria se situ\u00f3, adem\u00e1s, <a href=\"https:\/\/elpais.com\/educacion\/2023-05-19\/madrid-andalucia-castilla-y-leon-y-cataluna-evitan-publicar-sus-resultados-en-la-evaluacion-internacional-de-lectura.html\" target=\"_blank\" rel=\"noopener\" data-link-track-dtm=\"\" data-mrf-link=\"https:\/\/elpais.com\/educacion\/2023-05-19\/madrid-andalucia-castilla-y-leon-y-cataluna-evitan-publicar-sus-resultados-en-la-evaluacion-internacional-de-lectura.html\">como el mejor de Espa\u00f1a en PIRLS<\/a>, otra evaluaci\u00f3n internacional que mide la comprensi\u00f3n lectora de los ni\u00f1os de 9 y 10 a\u00f1os. Con 550 puntos, quedaron 29 por delante del promedio estatal y 22 del de la UE.<\/p>\n<p class=\"\" style=\"text-align: justify;\">El instituto La Er\u00eda est\u00e1 situado en un barrio de clase media de la capital asturiana. En la escalera de la entrada una placa y un peque\u00f1o jard\u00edn vertical recuerdan a Erika Yunga Alvarado, la adolescente de 14 a\u00f1os, alumna del centro, que fue asesinada por Igor Postolache, un vecino de su edificio con antecedentes por agresi\u00f3n sexual, d\u00edas antes de que se realizaran los ex\u00e1menes de PISA. El instituto llevaba a\u00f1os trabajando la coeducaci\u00f3n, pero desde entonces presta a\u00fan m\u00e1s atenci\u00f3n a la prevenci\u00f3n de la violencia contra las mujeres y la promoci\u00f3n de la igualdad de g\u00e9nero, afirma el jefe de estudios, Jos\u00e9 Antonio Garc\u00eda, mientras se\u00f1ala los trabajos sobre la materia elaborados por el alumnado que decoran los pasillos del centro.<\/p>\n<figure class=\"a_m a_m-h \" style=\"text-align: justify;\"><span class=\"_db a_m_w _pr lb_btn\"><img data-recalc-dims=\"1\" loading=\"lazy\" decoding=\"async\" class=\"_re lazyload a_m-h alignleft\" src=\"https:\/\/i0.wp.com\/imagenes.elpais.com\/resizer\/yzQofs3rqinLa8rt4Ysd4NQEBUU%3D\/414x0\/cloudfront-eu-central-1.images.arcpublishing.com\/prisa\/5EHLJYPKIBC2JNUWLSG32MX7OU.jpg?resize=414%2C311&#038;ssl=1\" sizes=\"auto, (min-width:1199px) 1155px,(min-width:1001px) calc(100vw - 44px),(min-width:768px) 767px, 100vw\" srcset=\"https:\/\/imagenes.elpais.com\/resizer\/yzQofs3rqinLa8rt4Ysd4NQEBUU=\/414x0\/cloudfront-eu-central-1.images.arcpublishing.com\/prisa\/5EHLJYPKIBC2JNUWLSG32MX7OU.jpg 414w,https:\/\/imagenes.elpais.com\/resizer\/MDPOrDJ0JIJYlDrFHTm32iGFCPk=\/828x0\/cloudfront-eu-central-1.images.arcpublishing.com\/prisa\/5EHLJYPKIBC2JNUWLSG32MX7OU.jpg 640w,https:\/\/imagenes.elpais.com\/resizer\/7Vztt7_Y5Bnl9VA18ICQYzqBwqQ=\/980x0\/cloudfront-eu-central-1.images.arcpublishing.com\/prisa\/5EHLJYPKIBC2JNUWLSG32MX7OU.jpg 1000w,https:\/\/imagenes.elpais.com\/resizer\/t6_B1UChAyYUMZlpKcaIick-Bws=\/1960x0\/cloudfront-eu-central-1.images.arcpublishing.com\/prisa\/5EHLJYPKIBC2JNUWLSG32MX7OU.jpg 1960w\" alt=\"Alumnas del instituto p\u00fablico La Er\u00eda, en Oviedo, presentan a la consejera de Educaci\u00f3n de Asturias (de rojo), Lydia Espina, uno de los carteles preparados con motivo del D\u00eda Internacional de la Eliminaci\u00f3n de la Violencia contra las Mujeres, el pasado mes de noviembre.\" width=\"414\" height=\"311\" \/><\/span><figcaption class=\"a_m_p\">Alumnas del instituto p\u00fablico La Er\u00eda, en Oviedo, presentan a la consejera de Educaci\u00f3n de Asturias (de rojo), Lydia Espina, uno de los carteles preparados con motivo del D\u00eda Internacional de la Eliminaci\u00f3n de la Violencia contra las Mujeres, el pasado mes de noviembre.<span class=\"a_m_m\">CONSEJER\u00cdA DE EDUCACI\u00d3N DE ASTURIAS<\/span><\/figcaption><\/figure>\n<p class=\"\" style=\"text-align: justify;\">Garc\u00eda es profesor de Biolog\u00eda desde hace 27 a\u00f1os, ahora da clases en la FP B\u00e1sica, un itinerario ideado para intentar que los chavales que van mal terminen la ESO, y describe su instituto como un buen lugar para ense\u00f1ar. \u201cEn las clases de la ESO tenemos entre 23 y 25 alumnos, que se comportan en general con respeto y son muy participativos. Y creo que estamos bien dotados econ\u00f3micamente. En alg\u00fan momento echas en falta alg\u00fan docente m\u00e1s, pero las bajas se cubren de forma relativamente eficaz y nuestro presupuesto nos permite hacer reformas o poner en marcha cosas, como nuestra huerta\u201d.<\/p>\n<p class=\"\" style=\"text-align: justify;\">La Er\u00eda tiene 1.100 estudiantes, lo que lo convierte en uno de los institutos m\u00e1s grandes de Asturias. Pero, seg\u00fan Garc\u00eda, las cosas no son muy distintas en el resto de centros educativos de la comunidad aut\u00f3noma: \u201cHe pasado por muchos y puede haber alguna variaci\u00f3n, alg\u00fan centro un poco m\u00e1s complejo, pero no hay mucha diferencia ni en la calidad de la educaci\u00f3n ni en el alumnado\u201d.<\/p>\n<p class=\"\" style=\"text-align: justify;\">La consejera asturiana de Educaci\u00f3n, Lydia Espina, a\u00f1ade, por su parte, citando en su despacho los resultados de PISA y PIRLS: \u201cDa igual que un centro est\u00e9 en Ibias (un peque\u00f1o concejo de 1.152 habitantes) y tenga cuatro alumnos, que en el centro de Gij\u00f3n y tenga 500. Tienen resultados muy parecidos y eso significa que tienen las mismas oportunidades\u201d. Las tres comunidades mejor puntuadas en PISA tienen en com\u00fan ese car\u00e1cter homog\u00e9neo, y destacan por tener muy pocos \u2015menos del 1% en el caso de la prueba de lectura\u2015 alumnos en el nivel m\u00e1s bajo de rendimiento educativo.<\/p>\n<h3 class=\"\" style=\"text-align: justify;\">La ventaja de la ratio<\/h3>\n<p class=\"\" style=\"text-align: justify;\">Despu\u00e9s de una vida dedicada a la ense\u00f1anza, sobre todo en la provincia de Palencia, Ramiro Curieses, que ha sido maestro de infantil y primaria, docente y director en secundaria, y profesor asociado en la Universidad de Valladolid, est\u00e1 convencido de que una de las claves del buen resultado de las tres comunidades <a href=\"https:\/\/elpais.com\/politica\/2016\/12\/23\/actualidad\/1482497924_655323.html\" target=\"_blank\" rel=\"noopener\" data-link-track-dtm=\"\" data-mrf-link=\"https:\/\/elpais.com\/politica\/2016\/12\/23\/actualidad\/1482497924_655323.html\">es la escuela rural<\/a>, que las administraciones auton\u00f3micas y los ayuntamientos protegen pese a su coste para intentar frenar la despoblaci\u00f3n. \u201cNo es un h\u00e1ndicap, al rev\u00e9s, constituye una gran ventaja, porque la ratio de alumnos en clase es un componente fundamental del \u00e9xito escolar y en la escuela rural es muy reducida. En ella s\u00ed se puede dar una educaci\u00f3n personalizada. Se puede bajar exactamente a las necesidades del alumnado. Y eso ocurre en Castilla y Le\u00f3n, en Asturias y en Cantabria\u201d. Los colegios rurales asturianos se mantienen abiertos a partir de tres alumnos. Y el instituto p\u00fablico c\u00e1ntabro de Corvera de Toranzo, en los Valles Pasiegos, tiene este curso, por ejemplo, una media de 17 alumnos por aula en la ESO.<\/p>\n<p class=\"\" style=\"text-align: justify;\">\u201cLas relaciones que se generan entre el profesorado y las familias en la escuela rural son muy estrechas, y eso tiene unas consecuencias muy potentes para el desarrollo educativo de los chicos y las chicas\u201d, afirma Alonso Guti\u00e9rrez, responsable del Gabinete de Estudios de la Federaci\u00f3n de Ense\u00f1anza de CC OO y profesor de Geograf\u00eda e Historia en Cantabria. La educaci\u00f3n rural se ha convertido, adem\u00e1s, prosigue el docente, en una inesperada punta de lanza de innovaci\u00f3n educativa adaptada al contexto, con ejemplos como la educaci\u00f3n internivel, en el que alumnos de distintas edades aprenden en la misma clase.<\/p>\n<p class=\"\" style=\"text-align: justify;\">La ense\u00f1anza en las tres comunidades, cree Guti\u00e9rrez, tambi\u00e9n se ha beneficiado del hecho de tener pol\u00edticas educativas estables. En Castilla y Le\u00f3n ha sucedido porque siempre ha gobernado el PP. En Asturias, porque casi siempre lo ha hecho el PSOE. Y en Cantabria porque, pese a que populares, PSOE y regionalistas del PRC se han alternado al frente de la Consejer\u00eda de Educaci\u00f3n en las \u00faltimas legislaturas, de momento han respetado el acuerdo de 111 medidas que en 2016 alcanz\u00f3 el Consejo Escolar auton\u00f3mico, asumido entonces por los tres partidos. \u201cCada uno puede introducir los detalles que considere, pero el rumbo del sistema educativo no cambia\u201d, dice.<\/p>\n<h3 class=\"\" style=\"text-align: justify;\">Dominar el idioma<\/h3>\n<p class=\"\" style=\"text-align: justify;\">El peso de lo que PISA define como alumnado inmigrante (que engloba tanto a los estudiantes nacidos fuera de Espa\u00f1a, como a los que lo han hecho en el pa\u00eds, pero cuyos dos progenitores proceden del extranjero) es bajo en las tres autonom\u00edas. En Castilla y Le\u00f3n y Asturias representan el 8%, y en Cantabria, el 9%, frente a una media espa\u00f1ola del 15% y un 24% en Catalu\u00f1a, la comunidad donde m\u00e1s han ca\u00eddo los resultados en PISA. Y eso, afirma Francisco Gonzalo, presidente de la asociaci\u00f3n de centros de secundaria p\u00fablicos de Castilla y Le\u00f3n, y director del instituto de Tordesillas (Valladolid), se nota. \u201cQue no se me malinterprete: yo creo que la inmigraci\u00f3n nos enriquece enormemente. Pero a la hora de evaluar a la poblaci\u00f3n escolar, no es lo mismo hacerlo aqu\u00ed que en lugares con un mayor porcentaje de alumnado que desconoce el idioma o no lo domina\u201d. PISA estima que los estudiantes inmigrantes obtienen en Espa\u00f1a de media 33 puntos menos que los aut\u00f3ctonos.<\/p>\n<p style=\"text-align: justify;\"><a class=\"a_md_a_n\" title=\"Ver todas las noticias de Ignacio Zafra\" href=\"https:\/\/elpais.com\/autor\/ignacio-zafra\/#?rel=author_top\" data-mrf-link=\"https:\/\/elpais.com\/autor\/ignacio-zafra\/\"><strong>Ignacio Zafra<\/strong><\/a><\/p>\n<header class=\"a_e _g _g-xs\">\n<div class=\"a_e_m\">\n<figure class=\"a_m a_m-h \"><figcaption class=\"a_m_p\">FOTO:Estudiantes del instituto p\u00fablico Alejandr\u00eda, en Tordesillas (Valladolid), el martes 5 de diciembre.<span class=\"a_m_m\">Emilio Fraile<\/span><\/figcaption><\/figure>\n<\/div>\n<\/header>\n<div class=\"a_md _g _g-xs \">\n<figure class=\"a_md_i a_m-h c_m--nf\"><span class=\"a_m_w _db\">\u00a0<\/span><\/figure>\n<div class=\"a_md_txt\">\n<div class=\"a_md_a\" data-dtm-region=\"articulo_firma\">\u00a0<\/div>\n<\/div>\n<\/div>\n","protected":false},"excerpt":{"rendered":"<p>Castilla y L\u00e9on, Asturias y Cantabria obtienen los mejores resultados en PISA. Tienen en com\u00fan&#8230;<\/p>\n","protected":false},"author":1,"featured_media":65745,"comment_status":"closed","ping_status":"closed","sticky":false,"template":"","format":"standard","meta":{"_coblocks_attr":"","_coblocks_dimensions":"","_coblocks_responsive_height":"","_coblocks_accordion_ie_support":"","jetpack_post_was_ever_published":false,"_jetpack_newsletter_access":"","_jetpack_dont_email_post_to_subs":false,"_jetpack_newsletter_tier_id":0,"_jetpack_memberships_contains_paywalled_content":false,"_jetpack_memberships_contains_paid_content":false,"footnotes":"","jetpack_publicize_message":"","jetpack_publicize_feature_enabled":true,"jetpack_social_post_already_shared":true,"jetpack_social_options":{"image_generator_settings":{"template":"highway","default_image_id":0,"enabled":false},"version":2}},"categories":[187,44,6937],"tags":[],"class_list":["post-65744","post","type-post","status-publish","format-standard","has-post-thumbnail","hentry","category-centros-educativos","category-noticias-de-hoy","category-sociedad"],"jetpack_publicize_connections":[],"jetpack_featured_media_url":"https:\/\/i0.wp.com\/miradordeatarfe.es\/wp-content\/uploads\/2023\/12\/Screenshot-2023-12-14-at-12-04-17-El-triangulo-de-oro-de-la-educacion-en-Espana-Aqui-todo-el-mundo-tiene-claro-que-o-estudias-o-no-tienes-futuro.png?fit=644%2C490&ssl=1","jetpack_likes_enabled":true,"jetpack_sharing_enabled":true,"_links":{"self":[{"href":"https:\/\/miradordeatarfe.es\/index.php?rest_route=\/wp\/v2\/posts\/65744","targetHints":{"allow":["GET"]}}],"collection":[{"href":"https:\/\/miradordeatarfe.es\/index.php?rest_route=\/wp\/v2\/posts"}],"about":[{"href":"https:\/\/miradordeatarfe.es\/index.php?rest_route=\/wp\/v2\/types\/post"}],"author":[{"embeddable":true,"href":"https:\/\/miradordeatarfe.es\/index.php?rest_route=\/wp\/v2\/users\/1"}],"replies":[{"embeddable":true,"href":"https:\/\/miradordeatarfe.es\/index.php?rest_route=%2Fwp%2Fv2%2Fcomments&post=65744"}],"version-history":[{"count":1,"href":"https:\/\/miradordeatarfe.es\/index.php?rest_route=\/wp\/v2\/posts\/65744\/revisions"}],"predecessor-version":[{"id":65746,"href":"https:\/\/miradordeatarfe.es\/index.php?rest_route=\/wp\/v2\/posts\/65744\/revisions\/65746"}],"wp:featuredmedia":[{"embeddable":true,"href":"https:\/\/miradordeatarfe.es\/index.php?rest_route=\/wp\/v2\/media\/65745"}],"wp:attachment":[{"href":"https:\/\/miradordeatarfe.es\/index.php?rest_route=%2Fwp%2Fv2%2Fmedia&parent=65744"}],"wp:term":[{"taxonomy":"category","embeddable":true,"href":"https:\/\/miradordeatarfe.es\/index.php?rest_route=%2Fwp%2Fv2%2Fcategories&post=65744"},{"taxonomy":"post_tag","embeddable":true,"href":"https:\/\/miradordeatarfe.es\/index.php?rest_route=%2Fwp%2Fv2%2Ftags&post=65744"}],"curies":[{"name":"wp","href":"https:\/\/api.w.org\/{rel}","templated":true}]}}