{"id":65747,"date":"2023-12-15T11:11:17","date_gmt":"2023-12-15T10:11:17","guid":{"rendered":"https:\/\/miradordeatarfe.es\/?p=65747"},"modified":"2023-12-14T12:57:45","modified_gmt":"2023-12-14T11:57:45","slug":"presentacion-del-libro-el-lugar-de-la-caracola-de-susi-campos","status":"publish","type":"post","link":"https:\/\/miradordeatarfe.es\/?p=65747","title":{"rendered":"Presentaci\u00f3n del libro : \u00abEl lugar de la caracola\u00bb de Susi Campos"},"content":{"rendered":"<h3 style=\"text-align: justify;\"><strong>El 13 de diciembre en el Centro Cultural Medina Elvira se present\u00f3,\u00a0 ante un p\u00fablico entregado, el libro de Susi Campos<br \/>\n<\/strong><\/h3>\n<p style=\"text-align: justify;\">En primer lugar, desde Editorial Nazar\u00ed queremos agradecer a <strong>Susi Campos<\/strong> la confianza que deposit\u00f3 en nuestro trabajo y buen hacer para ser soporte f\u00edsico de su creatividad literaria. Tambi\u00e9n agradecer al escritor y poeta <strong>Alejandro Pedregosa<\/strong> todo el apoyo que brind\u00f3 a Susi con su primera publicaci\u00f3n, con su experiencia en el mundo editorial y su exquisito trato de la palabra y el verso. Y no nos gustar\u00eda olvidar las colaboraciones de <strong>Marga Blanco<\/strong>, que escribi\u00f3 el pr\u00f3logo que abre el libro, y del pintor<strong> Paco Herrera<\/strong>, que cedi\u00f3 encantando la imagen de la caracola que hemos usado para componer la cubierta.<\/p>\n<p><a href=\"https:\/\/i0.wp.com\/miradordeatarfe.es\/wp-content\/uploads\/2023\/12\/IMG20231213211149-scaled.jpg?ssl=1\"><img data-recalc-dims=\"1\" loading=\"lazy\" decoding=\"async\" class=\"wp-image-65755 size-large alignleft\" src=\"https:\/\/i0.wp.com\/miradordeatarfe.es\/wp-content\/uploads\/2023\/12\/IMG20231213211149.jpg?resize=640%2C850&#038;ssl=1\" alt=\"\" width=\"640\" height=\"850\" srcset=\"https:\/\/i0.wp.com\/miradordeatarfe.es\/wp-content\/uploads\/2023\/12\/IMG20231213211149-scaled.jpg?resize=771%2C1024&amp;ssl=1 771w, https:\/\/i0.wp.com\/miradordeatarfe.es\/wp-content\/uploads\/2023\/12\/IMG20231213211149-scaled.jpg?resize=226%2C300&amp;ssl=1 226w, https:\/\/i0.wp.com\/miradordeatarfe.es\/wp-content\/uploads\/2023\/12\/IMG20231213211149-scaled.jpg?resize=768%2C1020&amp;ssl=1 768w, https:\/\/i0.wp.com\/miradordeatarfe.es\/wp-content\/uploads\/2023\/12\/IMG20231213211149-scaled.jpg?resize=1157%2C1536&amp;ssl=1 1157w, https:\/\/i0.wp.com\/miradordeatarfe.es\/wp-content\/uploads\/2023\/12\/IMG20231213211149-scaled.jpg?resize=1542%2C2048&amp;ssl=1 1542w, https:\/\/i0.wp.com\/miradordeatarfe.es\/wp-content\/uploads\/2023\/12\/IMG20231213211149-scaled.jpg?resize=1024%2C1360&amp;ssl=1 1024w, https:\/\/i0.wp.com\/miradordeatarfe.es\/wp-content\/uploads\/2023\/12\/IMG20231213211149-scaled.jpg?resize=1320%2C1753&amp;ssl=1 1320w, https:\/\/i0.wp.com\/miradordeatarfe.es\/wp-content\/uploads\/2023\/12\/IMG20231213211149-scaled.jpg?w=1928&amp;ssl=1 1928w\" sizes=\"auto, (max-width: 640px) 100vw, 640px\" \/><\/a><\/p>\n<p style=\"text-align: justify;\"><strong><em><i>El lugar de la caracola<\/i><\/em><\/strong>\u00a0es un poemario de lenguaje claro, sencillo, directo y de rimas suaves. Es una poes\u00eda fresca; no abusa de t\u00f3picos y tampoco de fuegos de artificio, lo que se agradece en la medida en que encontramos una lectura diferente a ese vac\u00edo que proponen desde algunas supuestas est\u00e9ticas algunos\/as poetas.<\/p>\n<p style=\"text-align: justify;\">Las rimas buscadas, arromanzadas, o finales, le conceden una m\u00fasica especial al poemario, lo convierten en canto, que siempre es agradable para quienes esperan que \u201cla poes\u00eda rime\u201d, no siendo necesario en otras ocasiones: la poeta ejemplifica los dos polos, manejando ambos con soltura.<\/p>\n<p style=\"text-align: justify;\">El contraste potente entre la voz l\u00edrica y el mundo es un dato llamativo; como la memoria y su uso, la infancia y la familia, el desapego a otro tipo de elementos en la vida actual, pero no del recuerdo, que es asidero que procura paz y desarrollo interno a esa voz.<\/p>\n<p style=\"text-align: justify;\">La sensatez y la verdad de la autora parecen aflorar cuando recuerda su ni\u00f1ez: ya sabemos que todo es ficci\u00f3n, pero en casos como este, las ideas comunicadas vibran, por el lenguaje tan directo, la brevedad de lo comunicado y la esencialidad de lo dicho.<\/p>\n<p style=\"text-align: justify;\">La primera parte, tras el poema introductorio, nos coloca a la caracola varada <em>en la orilla<\/em>, contemplando, sin demasiado movimiento: en la memoria agradable del pasado. La caracola var\u00eda su lugar para <em>estar en la ola,<\/em> en la segunda parte, y ya comienza la edad adulta, con sus variaciones, movimientos y negociados. Muy buen contraste, atractivo y entretenido. Y la tercera parte abre <em>v\u00edas de exploraci\u00f3n a otros estados,<\/em> como la muerte, el deseo y la pulsi\u00f3n de desear un entendimiento mediante la escritura de ciertas cosas que nos duelen, bloquean o juzgan. Vuelve la memoria y ahora el recuerdo funciona como llave para abrir lo que podr\u00e1 llegar en un futuro y atemperar la\/s quiebra\/s personales y mentales que seguro sobrevendr\u00e1n.<\/p>\n<p style=\"text-align: justify;\">En definitiva, creemos que <em><i>El lugar de la caracola<\/i><\/em>\u00a0es muy interesante, equilibrado y con una estructura <em><i>in crescendo<\/i><\/em>, utilizando de manera efectiva la met\u00e1fora del mar, el s\u00edmbolo de la caracola y la voz po\u00e9tica y dejando a la imaginaci\u00f3n esos ecos de la concha, ese molusco y su naturaleza \u2014desaparecido ya\u2014 y c\u00f3mo no, la certeza de que la manera de comunicar siempre ser\u00e1 la palabra.<\/p>\n<p style=\"text-align: justify;\"><strong>Alejandro Santiago<\/strong><\/p>\n<h3><strong>\u00bfDonde puedo comprar el libro?<\/strong><\/h3>\n<p><em>EN ATARFE:\u00a0<\/em><\/p>\n<p><strong>Kiosko de prensa<\/strong> \u00abdel cachas\u00bb junto al bar Chicote ,\u00a0 en la <strong>librer\u00eda Anabel<\/strong> y en la <strong>librer\u00eda Virgina<\/strong><\/p>\n<p><em>EN INTERNET:<\/em><\/p>\n<p>y a trav\u00e9s de la web de la<strong> editorial Nazar\u00ed:<\/strong><a href=\"https:\/\/www.editorialnazari.com\/libro\/el-lugar-de-la-caracola\/\"> https:\/\/www.editorialnazari.com\/libro\/el-lugar-de-la-caracola\/<\/a><\/p>\n<p><strong>en Amazon<\/strong>: <a href=\"https:\/\/www.amazon.es\/El-lugar-caracola-80-Daraxa\/dp\/8419427489\/ref=sr_1_1?__mk_es_ES=%C3%85M%C3%85%C5%BD%C3%95%C3%91&amp;crid=HW4JYPPEC4LH&amp;keywords=el-lugar-de-la-caracola%2F&amp;qid=1702553919&amp;sprefix=el-lugar-de-la-caracola+%2Caps%2C83&amp;sr=8-1\">https:\/\/www.amazon.es\/El-lugar-caracola-80-Daraxa\/dp\/8419427489\/ref=sr_1_1?__mk_es_ES=%C3%85M%C3%85%C5%BD%C3%95%C3%91&amp;crid=HW4JYPPEC4LH&amp;keywords=el-lugar-de-la-caracola%2F&amp;qid=1702553919&amp;sprefix=el-lugar-de-la-caracola+%2Caps%2C83&amp;sr=8-1<\/a><\/p>\n<div class=\"tiled-gallery type-rectangular tiled-gallery-unresized\" data-original-width=\"640\" data-carousel-extra='null' itemscope itemtype=\"http:\/\/schema.org\/ImageGallery\" > <div class=\"gallery-row\" style=\"width: 640px; height: 323px;\" data-original-width=\"640\" data-original-height=\"323\" > <div class=\"gallery-group images-1\" style=\"width: 427px; height: 323px;\" data-original-width=\"427\" data-original-height=\"323\" > <div class=\"tiled-gallery-item tiled-gallery-item-large\" itemprop=\"associatedMedia\" itemscope itemtype=\"http:\/\/schema.org\/ImageObject\"> <a href=\"https:\/\/miradordeatarfe.es\/?attachment_id=65749\" border=\"0\" itemprop=\"url\"> <meta itemprop=\"width\" content=\"423\"> <meta itemprop=\"height\" content=\"319\"> <img decoding=\"async\" class=\"\" data-attachment-id=\"65749\" data-orig-file=\"https:\/\/miradordeatarfe.es\/wp-content\/uploads\/2023\/12\/IMG20231213201400-scaled.jpg\" data-orig-size=\"2560,1928\" data-comments-opened=\"\" data-image-meta=\"{&quot;aperture&quot;:&quot;0&quot;,&quot;credit&quot;:&quot;&quot;,&quot;camera&quot;:&quot;&quot;,&quot;caption&quot;:&quot;&quot;,&quot;created_timestamp&quot;:&quot;0&quot;,&quot;copyright&quot;:&quot;&quot;,&quot;focal_length&quot;:&quot;0&quot;,&quot;iso&quot;:&quot;0&quot;,&quot;shutter_speed&quot;:&quot;0&quot;,&quot;title&quot;:&quot;&quot;,&quot;orientation&quot;:&quot;0&quot;}\" data-image-title=\"IMG20231213201400\" data-image-description=\"\" data-medium-file=\"https:\/\/i0.wp.com\/miradordeatarfe.es\/wp-content\/uploads\/2023\/12\/IMG20231213201400-scaled.jpg?fit=300%2C226&#038;ssl=1\" data-large-file=\"https:\/\/i0.wp.com\/miradordeatarfe.es\/wp-content\/uploads\/2023\/12\/IMG20231213201400-scaled.jpg?fit=640%2C482&#038;ssl=1\" src=\"https:\/\/i0.wp.com\/miradordeatarfe.es\/wp-content\/uploads\/2023\/12\/IMG20231213201400-scaled.jpg?w=423&#038;h=319&#038;ssl=1\" srcset=\"https:\/\/i0.wp.com\/miradordeatarfe.es\/wp-content\/uploads\/2023\/12\/IMG20231213201400-scaled.jpg?w=2560&amp;ssl=1 2560w, https:\/\/i0.wp.com\/miradordeatarfe.es\/wp-content\/uploads\/2023\/12\/IMG20231213201400-scaled.jpg?resize=300%2C226&amp;ssl=1 300w, https:\/\/i0.wp.com\/miradordeatarfe.es\/wp-content\/uploads\/2023\/12\/IMG20231213201400-scaled.jpg?resize=1024%2C771&amp;ssl=1 1024w, https:\/\/i0.wp.com\/miradordeatarfe.es\/wp-content\/uploads\/2023\/12\/IMG20231213201400-scaled.jpg?resize=768%2C578&amp;ssl=1 768w, https:\/\/i0.wp.com\/miradordeatarfe.es\/wp-content\/uploads\/2023\/12\/IMG20231213201400-scaled.jpg?resize=1536%2C1157&amp;ssl=1 1536w, https:\/\/i0.wp.com\/miradordeatarfe.es\/wp-content\/uploads\/2023\/12\/IMG20231213201400-scaled.jpg?resize=2048%2C1542&amp;ssl=1 2048w, https:\/\/i0.wp.com\/miradordeatarfe.es\/wp-content\/uploads\/2023\/12\/IMG20231213201400-scaled.jpg?resize=1320%2C994&amp;ssl=1 1320w, https:\/\/i0.wp.com\/miradordeatarfe.es\/wp-content\/uploads\/2023\/12\/IMG20231213201400-scaled.jpg?w=1920&amp;ssl=1 1920w\" width=\"423\" height=\"319\" loading=\"lazy\" data-original-width=\"423\" data-original-height=\"319\" itemprop=\"http:\/\/schema.org\/image\" title=\"IMG20231213201400\" alt=\"IMG20231213201400\" style=\"width: 423px; height: 319px;\" \/> <\/a> <\/div> <\/div> <!-- close group --> <div class=\"gallery-group images-2\" style=\"width: 213px; height: 323px;\" data-original-width=\"213\" data-original-height=\"323\" > <div class=\"tiled-gallery-item tiled-gallery-item-small\" itemprop=\"associatedMedia\" itemscope itemtype=\"http:\/\/schema.org\/ImageObject\"> <a href=\"https:\/\/miradordeatarfe.es\/?attachment_id=65750\" border=\"0\" itemprop=\"url\"> <meta itemprop=\"width\" content=\"209\"> <meta itemprop=\"height\" content=\"158\"> <img decoding=\"async\" class=\"\" data-attachment-id=\"65750\" data-orig-file=\"https:\/\/miradordeatarfe.es\/wp-content\/uploads\/2023\/12\/IMG20231213201415-scaled.jpg\" data-orig-size=\"2560,1928\" data-comments-opened=\"\" data-image-meta=\"{&quot;aperture&quot;:&quot;0&quot;,&quot;credit&quot;:&quot;&quot;,&quot;camera&quot;:&quot;&quot;,&quot;caption&quot;:&quot;&quot;,&quot;created_timestamp&quot;:&quot;0&quot;,&quot;copyright&quot;:&quot;&quot;,&quot;focal_length&quot;:&quot;0&quot;,&quot;iso&quot;:&quot;0&quot;,&quot;shutter_speed&quot;:&quot;0&quot;,&quot;title&quot;:&quot;&quot;,&quot;orientation&quot;:&quot;0&quot;}\" data-image-title=\"IMG20231213201415\" data-image-description=\"\" data-medium-file=\"https:\/\/i0.wp.com\/miradordeatarfe.es\/wp-content\/uploads\/2023\/12\/IMG20231213201415-scaled.jpg?fit=300%2C226&#038;ssl=1\" data-large-file=\"https:\/\/i0.wp.com\/miradordeatarfe.es\/wp-content\/uploads\/2023\/12\/IMG20231213201415-scaled.jpg?fit=640%2C482&#038;ssl=1\" src=\"https:\/\/i0.wp.com\/miradordeatarfe.es\/wp-content\/uploads\/2023\/12\/IMG20231213201415-scaled.jpg?w=209&#038;h=158&#038;ssl=1\" srcset=\"https:\/\/i0.wp.com\/miradordeatarfe.es\/wp-content\/uploads\/2023\/12\/IMG20231213201415-scaled.jpg?w=2560&amp;ssl=1 2560w, https:\/\/i0.wp.com\/miradordeatarfe.es\/wp-content\/uploads\/2023\/12\/IMG20231213201415-scaled.jpg?resize=300%2C226&amp;ssl=1 300w, https:\/\/i0.wp.com\/miradordeatarfe.es\/wp-content\/uploads\/2023\/12\/IMG20231213201415-scaled.jpg?resize=1024%2C771&amp;ssl=1 1024w, https:\/\/i0.wp.com\/miradordeatarfe.es\/wp-content\/uploads\/2023\/12\/IMG20231213201415-scaled.jpg?resize=768%2C578&amp;ssl=1 768w, https:\/\/i0.wp.com\/miradordeatarfe.es\/wp-content\/uploads\/2023\/12\/IMG20231213201415-scaled.jpg?resize=1536%2C1157&amp;ssl=1 1536w, https:\/\/i0.wp.com\/miradordeatarfe.es\/wp-content\/uploads\/2023\/12\/IMG20231213201415-scaled.jpg?resize=2048%2C1542&amp;ssl=1 2048w, https:\/\/i0.wp.com\/miradordeatarfe.es\/wp-content\/uploads\/2023\/12\/IMG20231213201415-scaled.jpg?resize=1320%2C994&amp;ssl=1 1320w, https:\/\/i0.wp.com\/miradordeatarfe.es\/wp-content\/uploads\/2023\/12\/IMG20231213201415-scaled.jpg?w=1920&amp;ssl=1 1920w\" width=\"209\" height=\"158\" loading=\"lazy\" data-original-width=\"209\" data-original-height=\"158\" itemprop=\"http:\/\/schema.org\/image\" title=\"IMG20231213201415\" alt=\"IMG20231213201415\" style=\"width: 209px; height: 158px;\" \/> <\/a> <\/div> <div class=\"tiled-gallery-item tiled-gallery-item-small\" itemprop=\"associatedMedia\" itemscope itemtype=\"http:\/\/schema.org\/ImageObject\"> <a href=\"https:\/\/miradordeatarfe.es\/?attachment_id=65751\" border=\"0\" itemprop=\"url\"> <meta itemprop=\"width\" content=\"209\"> <meta itemprop=\"height\" content=\"157\"> <img decoding=\"async\" class=\"\" data-attachment-id=\"65751\" data-orig-file=\"https:\/\/miradordeatarfe.es\/wp-content\/uploads\/2023\/12\/IMG20231213201421-scaled.jpg\" data-orig-size=\"2560,1928\" data-comments-opened=\"\" data-image-meta=\"{&quot;aperture&quot;:&quot;0&quot;,&quot;credit&quot;:&quot;&quot;,&quot;camera&quot;:&quot;&quot;,&quot;caption&quot;:&quot;&quot;,&quot;created_timestamp&quot;:&quot;0&quot;,&quot;copyright&quot;:&quot;&quot;,&quot;focal_length&quot;:&quot;0&quot;,&quot;iso&quot;:&quot;0&quot;,&quot;shutter_speed&quot;:&quot;0&quot;,&quot;title&quot;:&quot;&quot;,&quot;orientation&quot;:&quot;0&quot;}\" data-image-title=\"IMG20231213201421\" data-image-description=\"\" data-medium-file=\"https:\/\/i0.wp.com\/miradordeatarfe.es\/wp-content\/uploads\/2023\/12\/IMG20231213201421-scaled.jpg?fit=300%2C226&#038;ssl=1\" data-large-file=\"https:\/\/i0.wp.com\/miradordeatarfe.es\/wp-content\/uploads\/2023\/12\/IMG20231213201421-scaled.jpg?fit=640%2C482&#038;ssl=1\" src=\"https:\/\/i0.wp.com\/miradordeatarfe.es\/wp-content\/uploads\/2023\/12\/IMG20231213201421-scaled.jpg?w=209&#038;h=157&#038;ssl=1\" srcset=\"https:\/\/i0.wp.com\/miradordeatarfe.es\/wp-content\/uploads\/2023\/12\/IMG20231213201421-scaled.jpg?w=2560&amp;ssl=1 2560w, https:\/\/i0.wp.com\/miradordeatarfe.es\/wp-content\/uploads\/2023\/12\/IMG20231213201421-scaled.jpg?resize=300%2C226&amp;ssl=1 300w, https:\/\/i0.wp.com\/miradordeatarfe.es\/wp-content\/uploads\/2023\/12\/IMG20231213201421-scaled.jpg?resize=1024%2C771&amp;ssl=1 1024w, https:\/\/i0.wp.com\/miradordeatarfe.es\/wp-content\/uploads\/2023\/12\/IMG20231213201421-scaled.jpg?resize=768%2C578&amp;ssl=1 768w, https:\/\/i0.wp.com\/miradordeatarfe.es\/wp-content\/uploads\/2023\/12\/IMG20231213201421-scaled.jpg?resize=1536%2C1157&amp;ssl=1 1536w, https:\/\/i0.wp.com\/miradordeatarfe.es\/wp-content\/uploads\/2023\/12\/IMG20231213201421-scaled.jpg?resize=2048%2C1542&amp;ssl=1 2048w, https:\/\/i0.wp.com\/miradordeatarfe.es\/wp-content\/uploads\/2023\/12\/IMG20231213201421-scaled.jpg?resize=1320%2C994&amp;ssl=1 1320w, https:\/\/i0.wp.com\/miradordeatarfe.es\/wp-content\/uploads\/2023\/12\/IMG20231213201421-scaled.jpg?w=1920&amp;ssl=1 1920w\" width=\"209\" height=\"157\" loading=\"lazy\" data-original-width=\"209\" data-original-height=\"157\" itemprop=\"http:\/\/schema.org\/image\" title=\"IMG20231213201421\" alt=\"IMG20231213201421\" style=\"width: 209px; height: 157px;\" \/> <\/a> <\/div> <\/div> <!-- close group --> <\/div> <!-- close row --> <div class=\"gallery-row\" style=\"width: 640px; height: 162px;\" data-original-width=\"640\" data-original-height=\"162\" > <div class=\"gallery-group images-1\" style=\"width: 214px; height: 162px;\" data-original-width=\"214\" data-original-height=\"162\" > <div class=\"tiled-gallery-item tiled-gallery-item-small\" itemprop=\"associatedMedia\" itemscope itemtype=\"http:\/\/schema.org\/ImageObject\"> <a href=\"https:\/\/miradordeatarfe.es\/?attachment_id=65752\" border=\"0\" itemprop=\"url\"> <meta itemprop=\"width\" content=\"210\"> <meta itemprop=\"height\" content=\"158\"> <img decoding=\"async\" class=\"\" data-attachment-id=\"65752\" data-orig-file=\"https:\/\/miradordeatarfe.es\/wp-content\/uploads\/2023\/12\/IMG20231213201435-scaled.jpg\" data-orig-size=\"2560,1928\" data-comments-opened=\"\" data-image-meta=\"{&quot;aperture&quot;:&quot;0&quot;,&quot;credit&quot;:&quot;&quot;,&quot;camera&quot;:&quot;&quot;,&quot;caption&quot;:&quot;&quot;,&quot;created_timestamp&quot;:&quot;0&quot;,&quot;copyright&quot;:&quot;&quot;,&quot;focal_length&quot;:&quot;0&quot;,&quot;iso&quot;:&quot;0&quot;,&quot;shutter_speed&quot;:&quot;0&quot;,&quot;title&quot;:&quot;&quot;,&quot;orientation&quot;:&quot;0&quot;}\" data-image-title=\"IMG20231213201435\" data-image-description=\"\" data-medium-file=\"https:\/\/i0.wp.com\/miradordeatarfe.es\/wp-content\/uploads\/2023\/12\/IMG20231213201435-scaled.jpg?fit=300%2C226&#038;ssl=1\" data-large-file=\"https:\/\/i0.wp.com\/miradordeatarfe.es\/wp-content\/uploads\/2023\/12\/IMG20231213201435-scaled.jpg?fit=640%2C482&#038;ssl=1\" src=\"https:\/\/i0.wp.com\/miradordeatarfe.es\/wp-content\/uploads\/2023\/12\/IMG20231213201435-scaled.jpg?w=210&#038;h=158&#038;ssl=1\" srcset=\"https:\/\/i0.wp.com\/miradordeatarfe.es\/wp-content\/uploads\/2023\/12\/IMG20231213201435-scaled.jpg?w=2560&amp;ssl=1 2560w, https:\/\/i0.wp.com\/miradordeatarfe.es\/wp-content\/uploads\/2023\/12\/IMG20231213201435-scaled.jpg?resize=300%2C226&amp;ssl=1 300w, https:\/\/i0.wp.com\/miradordeatarfe.es\/wp-content\/uploads\/2023\/12\/IMG20231213201435-scaled.jpg?resize=1024%2C771&amp;ssl=1 1024w, https:\/\/i0.wp.com\/miradordeatarfe.es\/wp-content\/uploads\/2023\/12\/IMG20231213201435-scaled.jpg?resize=768%2C578&amp;ssl=1 768w, https:\/\/i0.wp.com\/miradordeatarfe.es\/wp-content\/uploads\/2023\/12\/IMG20231213201435-scaled.jpg?resize=1536%2C1157&amp;ssl=1 1536w, https:\/\/i0.wp.com\/miradordeatarfe.es\/wp-content\/uploads\/2023\/12\/IMG20231213201435-scaled.jpg?resize=2048%2C1542&amp;ssl=1 2048w, https:\/\/i0.wp.com\/miradordeatarfe.es\/wp-content\/uploads\/2023\/12\/IMG20231213201435-scaled.jpg?resize=1320%2C994&amp;ssl=1 1320w, https:\/\/i0.wp.com\/miradordeatarfe.es\/wp-content\/uploads\/2023\/12\/IMG20231213201435-scaled.jpg?w=1920&amp;ssl=1 1920w\" width=\"210\" height=\"158\" loading=\"lazy\" data-original-width=\"210\" data-original-height=\"158\" itemprop=\"http:\/\/schema.org\/image\" title=\"IMG20231213201435\" alt=\"IMG20231213201435\" style=\"width: 210px; height: 158px;\" \/> <\/a> <\/div> <\/div> <!-- close group --> <div class=\"gallery-group images-1\" style=\"width: 213px; height: 162px;\" data-original-width=\"213\" data-original-height=\"162\" > <div class=\"tiled-gallery-item tiled-gallery-item-small\" itemprop=\"associatedMedia\" itemscope itemtype=\"http:\/\/schema.org\/ImageObject\"> <a href=\"https:\/\/miradordeatarfe.es\/?attachment_id=65753\" border=\"0\" itemprop=\"url\"> <meta itemprop=\"width\" content=\"209\"> <meta itemprop=\"height\" content=\"158\"> <img decoding=\"async\" class=\"\" data-attachment-id=\"65753\" data-orig-file=\"https:\/\/miradordeatarfe.es\/wp-content\/uploads\/2023\/12\/IMG20231213203416-scaled.jpg\" data-orig-size=\"2560,1928\" data-comments-opened=\"\" data-image-meta=\"{&quot;aperture&quot;:&quot;0&quot;,&quot;credit&quot;:&quot;&quot;,&quot;camera&quot;:&quot;&quot;,&quot;caption&quot;:&quot;&quot;,&quot;created_timestamp&quot;:&quot;0&quot;,&quot;copyright&quot;:&quot;&quot;,&quot;focal_length&quot;:&quot;0&quot;,&quot;iso&quot;:&quot;0&quot;,&quot;shutter_speed&quot;:&quot;0&quot;,&quot;title&quot;:&quot;&quot;,&quot;orientation&quot;:&quot;0&quot;}\" data-image-title=\"IMG20231213203416\" data-image-description=\"\" data-medium-file=\"https:\/\/i0.wp.com\/miradordeatarfe.es\/wp-content\/uploads\/2023\/12\/IMG20231213203416-scaled.jpg?fit=300%2C226&#038;ssl=1\" data-large-file=\"https:\/\/i0.wp.com\/miradordeatarfe.es\/wp-content\/uploads\/2023\/12\/IMG20231213203416-scaled.jpg?fit=640%2C482&#038;ssl=1\" src=\"https:\/\/i0.wp.com\/miradordeatarfe.es\/wp-content\/uploads\/2023\/12\/IMG20231213203416-scaled.jpg?w=209&#038;h=158&#038;ssl=1\" srcset=\"https:\/\/i0.wp.com\/miradordeatarfe.es\/wp-content\/uploads\/2023\/12\/IMG20231213203416-scaled.jpg?w=2560&amp;ssl=1 2560w, https:\/\/i0.wp.com\/miradordeatarfe.es\/wp-content\/uploads\/2023\/12\/IMG20231213203416-scaled.jpg?resize=300%2C226&amp;ssl=1 300w, https:\/\/i0.wp.com\/miradordeatarfe.es\/wp-content\/uploads\/2023\/12\/IMG20231213203416-scaled.jpg?resize=1024%2C771&amp;ssl=1 1024w, https:\/\/i0.wp.com\/miradordeatarfe.es\/wp-content\/uploads\/2023\/12\/IMG20231213203416-scaled.jpg?resize=768%2C578&amp;ssl=1 768w, https:\/\/i0.wp.com\/miradordeatarfe.es\/wp-content\/uploads\/2023\/12\/IMG20231213203416-scaled.jpg?resize=1536%2C1157&amp;ssl=1 1536w, https:\/\/i0.wp.com\/miradordeatarfe.es\/wp-content\/uploads\/2023\/12\/IMG20231213203416-scaled.jpg?resize=2048%2C1542&amp;ssl=1 2048w, https:\/\/i0.wp.com\/miradordeatarfe.es\/wp-content\/uploads\/2023\/12\/IMG20231213203416-scaled.jpg?resize=1320%2C994&amp;ssl=1 1320w, https:\/\/i0.wp.com\/miradordeatarfe.es\/wp-content\/uploads\/2023\/12\/IMG20231213203416-scaled.jpg?w=1920&amp;ssl=1 1920w\" width=\"209\" height=\"158\" loading=\"lazy\" data-original-width=\"209\" data-original-height=\"158\" itemprop=\"http:\/\/schema.org\/image\" title=\"IMG20231213203416\" alt=\"IMG20231213203416\" style=\"width: 209px; height: 158px;\" \/> <\/a> <\/div> <\/div> <!-- close group --> <div class=\"gallery-group images-1\" style=\"width: 213px; height: 162px;\" data-original-width=\"213\" data-original-height=\"162\" > <div class=\"tiled-gallery-item tiled-gallery-item-small\" itemprop=\"associatedMedia\" itemscope itemtype=\"http:\/\/schema.org\/ImageObject\"> <a href=\"https:\/\/miradordeatarfe.es\/?attachment_id=65754\" border=\"0\" itemprop=\"url\"> <meta itemprop=\"width\" content=\"209\"> <meta itemprop=\"height\" content=\"158\"> <img decoding=\"async\" class=\"\" data-attachment-id=\"65754\" data-orig-file=\"https:\/\/miradordeatarfe.es\/wp-content\/uploads\/2023\/12\/IMG20231213203436-scaled.jpg\" data-orig-size=\"2560,1928\" data-comments-opened=\"\" data-image-meta=\"{&quot;aperture&quot;:&quot;0&quot;,&quot;credit&quot;:&quot;&quot;,&quot;camera&quot;:&quot;&quot;,&quot;caption&quot;:&quot;&quot;,&quot;created_timestamp&quot;:&quot;0&quot;,&quot;copyright&quot;:&quot;&quot;,&quot;focal_length&quot;:&quot;0&quot;,&quot;iso&quot;:&quot;0&quot;,&quot;shutter_speed&quot;:&quot;0&quot;,&quot;title&quot;:&quot;&quot;,&quot;orientation&quot;:&quot;0&quot;}\" data-image-title=\"IMG20231213203436\" data-image-description=\"\" data-medium-file=\"https:\/\/i0.wp.com\/miradordeatarfe.es\/wp-content\/uploads\/2023\/12\/IMG20231213203436-scaled.jpg?fit=300%2C226&#038;ssl=1\" data-large-file=\"https:\/\/i0.wp.com\/miradordeatarfe.es\/wp-content\/uploads\/2023\/12\/IMG20231213203436-scaled.jpg?fit=640%2C482&#038;ssl=1\" src=\"https:\/\/i0.wp.com\/miradordeatarfe.es\/wp-content\/uploads\/2023\/12\/IMG20231213203436-scaled.jpg?w=209&#038;h=158&#038;ssl=1\" srcset=\"https:\/\/i0.wp.com\/miradordeatarfe.es\/wp-content\/uploads\/2023\/12\/IMG20231213203436-scaled.jpg?w=2560&amp;ssl=1 2560w, https:\/\/i0.wp.com\/miradordeatarfe.es\/wp-content\/uploads\/2023\/12\/IMG20231213203436-scaled.jpg?resize=300%2C226&amp;ssl=1 300w, https:\/\/i0.wp.com\/miradordeatarfe.es\/wp-content\/uploads\/2023\/12\/IMG20231213203436-scaled.jpg?resize=1024%2C771&amp;ssl=1 1024w, https:\/\/i0.wp.com\/miradordeatarfe.es\/wp-content\/uploads\/2023\/12\/IMG20231213203436-scaled.jpg?resize=768%2C578&amp;ssl=1 768w, https:\/\/i0.wp.com\/miradordeatarfe.es\/wp-content\/uploads\/2023\/12\/IMG20231213203436-scaled.jpg?resize=1536%2C1157&amp;ssl=1 1536w, https:\/\/i0.wp.com\/miradordeatarfe.es\/wp-content\/uploads\/2023\/12\/IMG20231213203436-scaled.jpg?resize=2048%2C1542&amp;ssl=1 2048w, https:\/\/i0.wp.com\/miradordeatarfe.es\/wp-content\/uploads\/2023\/12\/IMG20231213203436-scaled.jpg?resize=1320%2C994&amp;ssl=1 1320w, https:\/\/i0.wp.com\/miradordeatarfe.es\/wp-content\/uploads\/2023\/12\/IMG20231213203436-scaled.jpg?w=1920&amp;ssl=1 1920w\" width=\"209\" height=\"158\" loading=\"lazy\" data-original-width=\"209\" data-original-height=\"158\" itemprop=\"http:\/\/schema.org\/image\" title=\"IMG20231213203436\" alt=\"IMG20231213203436\" style=\"width: 209px; height: 158px;\" \/> <\/a> <\/div> <\/div> <!-- close group --> <\/div> <!-- close row --> <div class=\"gallery-row\" style=\"width: 640px; height: 121px;\" data-original-width=\"640\" data-original-height=\"121\" > <div class=\"gallery-group images-1\" style=\"width: 160px; height: 121px;\" data-original-width=\"160\" data-original-height=\"121\" > <div class=\"tiled-gallery-item tiled-gallery-item-small\" itemprop=\"associatedMedia\" itemscope itemtype=\"http:\/\/schema.org\/ImageObject\"> <a href=\"https:\/\/miradordeatarfe.es\/?attachment_id=65756\" border=\"0\" itemprop=\"url\"> <meta itemprop=\"width\" content=\"156\"> <meta itemprop=\"height\" content=\"117\"> <img decoding=\"async\" class=\"\" data-attachment-id=\"65756\" data-orig-file=\"https:\/\/miradordeatarfe.es\/wp-content\/uploads\/2023\/12\/IMG20231213211323-scaled.jpg\" data-orig-size=\"2560,1928\" data-comments-opened=\"\" data-image-meta=\"{&quot;aperture&quot;:&quot;0&quot;,&quot;credit&quot;:&quot;&quot;,&quot;camera&quot;:&quot;&quot;,&quot;caption&quot;:&quot;&quot;,&quot;created_timestamp&quot;:&quot;0&quot;,&quot;copyright&quot;:&quot;&quot;,&quot;focal_length&quot;:&quot;0&quot;,&quot;iso&quot;:&quot;0&quot;,&quot;shutter_speed&quot;:&quot;0&quot;,&quot;title&quot;:&quot;&quot;,&quot;orientation&quot;:&quot;0&quot;}\" data-image-title=\"IMG20231213211323\" data-image-description=\"\" data-medium-file=\"https:\/\/i0.wp.com\/miradordeatarfe.es\/wp-content\/uploads\/2023\/12\/IMG20231213211323-scaled.jpg?fit=300%2C226&#038;ssl=1\" data-large-file=\"https:\/\/i0.wp.com\/miradordeatarfe.es\/wp-content\/uploads\/2023\/12\/IMG20231213211323-scaled.jpg?fit=640%2C482&#038;ssl=1\" src=\"https:\/\/i0.wp.com\/miradordeatarfe.es\/wp-content\/uploads\/2023\/12\/IMG20231213211323-scaled.jpg?w=156&#038;h=117&#038;ssl=1\" srcset=\"https:\/\/i0.wp.com\/miradordeatarfe.es\/wp-content\/uploads\/2023\/12\/IMG20231213211323-scaled.jpg?w=2560&amp;ssl=1 2560w, https:\/\/i0.wp.com\/miradordeatarfe.es\/wp-content\/uploads\/2023\/12\/IMG20231213211323-scaled.jpg?resize=300%2C226&amp;ssl=1 300w, https:\/\/i0.wp.com\/miradordeatarfe.es\/wp-content\/uploads\/2023\/12\/IMG20231213211323-scaled.jpg?resize=1024%2C771&amp;ssl=1 1024w, https:\/\/i0.wp.com\/miradordeatarfe.es\/wp-content\/uploads\/2023\/12\/IMG20231213211323-scaled.jpg?resize=768%2C578&amp;ssl=1 768w, https:\/\/i0.wp.com\/miradordeatarfe.es\/wp-content\/uploads\/2023\/12\/IMG20231213211323-scaled.jpg?resize=1536%2C1157&amp;ssl=1 1536w, https:\/\/i0.wp.com\/miradordeatarfe.es\/wp-content\/uploads\/2023\/12\/IMG20231213211323-scaled.jpg?resize=2048%2C1542&amp;ssl=1 2048w, https:\/\/i0.wp.com\/miradordeatarfe.es\/wp-content\/uploads\/2023\/12\/IMG20231213211323-scaled.jpg?resize=1320%2C994&amp;ssl=1 1320w, https:\/\/i0.wp.com\/miradordeatarfe.es\/wp-content\/uploads\/2023\/12\/IMG20231213211323-scaled.jpg?w=1920&amp;ssl=1 1920w\" width=\"156\" height=\"117\" loading=\"lazy\" data-original-width=\"156\" data-original-height=\"117\" itemprop=\"http:\/\/schema.org\/image\" title=\"IMG20231213211323\" alt=\"IMG20231213211323\" style=\"width: 156px; height: 117px;\" \/> <\/a> <\/div> <\/div> <!-- close group --> <div class=\"gallery-group images-1\" style=\"width: 160px; height: 121px;\" data-original-width=\"160\" data-original-height=\"121\" > <div class=\"tiled-gallery-item tiled-gallery-item-small\" itemprop=\"associatedMedia\" itemscope itemtype=\"http:\/\/schema.org\/ImageObject\"> <a href=\"https:\/\/miradordeatarfe.es\/?attachment_id=65757\" border=\"0\" itemprop=\"url\"> <meta itemprop=\"width\" content=\"156\"> <meta itemprop=\"height\" content=\"117\"> <img decoding=\"async\" class=\"\" data-attachment-id=\"65757\" data-orig-file=\"https:\/\/miradordeatarfe.es\/wp-content\/uploads\/2023\/12\/IMG20231213211513-scaled.jpg\" data-orig-size=\"2560,1928\" data-comments-opened=\"\" data-image-meta=\"{&quot;aperture&quot;:&quot;0&quot;,&quot;credit&quot;:&quot;&quot;,&quot;camera&quot;:&quot;&quot;,&quot;caption&quot;:&quot;&quot;,&quot;created_timestamp&quot;:&quot;0&quot;,&quot;copyright&quot;:&quot;&quot;,&quot;focal_length&quot;:&quot;0&quot;,&quot;iso&quot;:&quot;0&quot;,&quot;shutter_speed&quot;:&quot;0&quot;,&quot;title&quot;:&quot;&quot;,&quot;orientation&quot;:&quot;0&quot;}\" data-image-title=\"IMG20231213211513\" data-image-description=\"\" data-medium-file=\"https:\/\/i0.wp.com\/miradordeatarfe.es\/wp-content\/uploads\/2023\/12\/IMG20231213211513-scaled.jpg?fit=300%2C226&#038;ssl=1\" data-large-file=\"https:\/\/i0.wp.com\/miradordeatarfe.es\/wp-content\/uploads\/2023\/12\/IMG20231213211513-scaled.jpg?fit=640%2C482&#038;ssl=1\" src=\"https:\/\/i0.wp.com\/miradordeatarfe.es\/wp-content\/uploads\/2023\/12\/IMG20231213211513-scaled.jpg?w=156&#038;h=117&#038;ssl=1\" srcset=\"https:\/\/i0.wp.com\/miradordeatarfe.es\/wp-content\/uploads\/2023\/12\/IMG20231213211513-scaled.jpg?w=2560&amp;ssl=1 2560w, https:\/\/i0.wp.com\/miradordeatarfe.es\/wp-content\/uploads\/2023\/12\/IMG20231213211513-scaled.jpg?resize=300%2C226&amp;ssl=1 300w, https:\/\/i0.wp.com\/miradordeatarfe.es\/wp-content\/uploads\/2023\/12\/IMG20231213211513-scaled.jpg?resize=1024%2C771&amp;ssl=1 1024w, https:\/\/i0.wp.com\/miradordeatarfe.es\/wp-content\/uploads\/2023\/12\/IMG20231213211513-scaled.jpg?resize=768%2C578&amp;ssl=1 768w, https:\/\/i0.wp.com\/miradordeatarfe.es\/wp-content\/uploads\/2023\/12\/IMG20231213211513-scaled.jpg?resize=1536%2C1157&amp;ssl=1 1536w, https:\/\/i0.wp.com\/miradordeatarfe.es\/wp-content\/uploads\/2023\/12\/IMG20231213211513-scaled.jpg?resize=2048%2C1542&amp;ssl=1 2048w, https:\/\/i0.wp.com\/miradordeatarfe.es\/wp-content\/uploads\/2023\/12\/IMG20231213211513-scaled.jpg?resize=1320%2C994&amp;ssl=1 1320w, https:\/\/i0.wp.com\/miradordeatarfe.es\/wp-content\/uploads\/2023\/12\/IMG20231213211513-scaled.jpg?w=1920&amp;ssl=1 1920w\" width=\"156\" height=\"117\" loading=\"lazy\" data-original-width=\"156\" data-original-height=\"117\" itemprop=\"http:\/\/schema.org\/image\" title=\"IMG20231213211513\" alt=\"IMG20231213211513\" style=\"width: 156px; height: 117px;\" \/> <\/a> <\/div> <\/div> <!-- close group --> <div class=\"gallery-group images-1\" style=\"width: 160px; height: 121px;\" data-original-width=\"160\" data-original-height=\"121\" > <div class=\"tiled-gallery-item tiled-gallery-item-small\" itemprop=\"associatedMedia\" itemscope itemtype=\"http:\/\/schema.org\/ImageObject\"> <a href=\"https:\/\/miradordeatarfe.es\/?attachment_id=65758\" border=\"0\" itemprop=\"url\"> <meta itemprop=\"width\" content=\"156\"> <meta itemprop=\"height\" content=\"117\"> <img decoding=\"async\" class=\"\" data-attachment-id=\"65758\" data-orig-file=\"https:\/\/miradordeatarfe.es\/wp-content\/uploads\/2023\/12\/IMG20231213211536-scaled.jpg\" data-orig-size=\"2560,1928\" data-comments-opened=\"\" data-image-meta=\"{&quot;aperture&quot;:&quot;0&quot;,&quot;credit&quot;:&quot;&quot;,&quot;camera&quot;:&quot;&quot;,&quot;caption&quot;:&quot;&quot;,&quot;created_timestamp&quot;:&quot;0&quot;,&quot;copyright&quot;:&quot;&quot;,&quot;focal_length&quot;:&quot;0&quot;,&quot;iso&quot;:&quot;0&quot;,&quot;shutter_speed&quot;:&quot;0&quot;,&quot;title&quot;:&quot;&quot;,&quot;orientation&quot;:&quot;0&quot;}\" data-image-title=\"IMG20231213211536\" data-image-description=\"\" data-medium-file=\"https:\/\/i0.wp.com\/miradordeatarfe.es\/wp-content\/uploads\/2023\/12\/IMG20231213211536-scaled.jpg?fit=300%2C226&#038;ssl=1\" data-large-file=\"https:\/\/i0.wp.com\/miradordeatarfe.es\/wp-content\/uploads\/2023\/12\/IMG20231213211536-scaled.jpg?fit=640%2C482&#038;ssl=1\" src=\"https:\/\/i0.wp.com\/miradordeatarfe.es\/wp-content\/uploads\/2023\/12\/IMG20231213211536-scaled.jpg?w=156&#038;h=117&#038;ssl=1\" srcset=\"https:\/\/i0.wp.com\/miradordeatarfe.es\/wp-content\/uploads\/2023\/12\/IMG20231213211536-scaled.jpg?w=2560&amp;ssl=1 2560w, https:\/\/i0.wp.com\/miradordeatarfe.es\/wp-content\/uploads\/2023\/12\/IMG20231213211536-scaled.jpg?resize=300%2C226&amp;ssl=1 300w, https:\/\/i0.wp.com\/miradordeatarfe.es\/wp-content\/uploads\/2023\/12\/IMG20231213211536-scaled.jpg?resize=1024%2C771&amp;ssl=1 1024w, https:\/\/i0.wp.com\/miradordeatarfe.es\/wp-content\/uploads\/2023\/12\/IMG20231213211536-scaled.jpg?resize=768%2C578&amp;ssl=1 768w, https:\/\/i0.wp.com\/miradordeatarfe.es\/wp-content\/uploads\/2023\/12\/IMG20231213211536-scaled.jpg?resize=1536%2C1157&amp;ssl=1 1536w, https:\/\/i0.wp.com\/miradordeatarfe.es\/wp-content\/uploads\/2023\/12\/IMG20231213211536-scaled.jpg?resize=2048%2C1542&amp;ssl=1 2048w, https:\/\/i0.wp.com\/miradordeatarfe.es\/wp-content\/uploads\/2023\/12\/IMG20231213211536-scaled.jpg?resize=1320%2C994&amp;ssl=1 1320w, https:\/\/i0.wp.com\/miradordeatarfe.es\/wp-content\/uploads\/2023\/12\/IMG20231213211536-scaled.jpg?w=1920&amp;ssl=1 1920w\" width=\"156\" height=\"117\" loading=\"lazy\" data-original-width=\"156\" data-original-height=\"117\" itemprop=\"http:\/\/schema.org\/image\" title=\"IMG20231213211536\" alt=\"IMG20231213211536\" style=\"width: 156px; height: 117px;\" \/> <\/a> <\/div> <\/div> <!-- close group --> <div class=\"gallery-group images-1\" style=\"width: 160px; height: 121px;\" data-original-width=\"160\" data-original-height=\"121\" > <div class=\"tiled-gallery-item tiled-gallery-item-small\" itemprop=\"associatedMedia\" itemscope itemtype=\"http:\/\/schema.org\/ImageObject\"> <a href=\"https:\/\/miradordeatarfe.es\/?attachment_id=65759\" border=\"0\" itemprop=\"url\"> <meta itemprop=\"width\" content=\"156\"> <meta itemprop=\"height\" content=\"117\"> <img decoding=\"async\" class=\"\" data-attachment-id=\"65759\" data-orig-file=\"https:\/\/miradordeatarfe.es\/wp-content\/uploads\/2023\/12\/IMG20231213211607-scaled.jpg\" data-orig-size=\"2560,1928\" data-comments-opened=\"\" data-image-meta=\"{&quot;aperture&quot;:&quot;0&quot;,&quot;credit&quot;:&quot;&quot;,&quot;camera&quot;:&quot;&quot;,&quot;caption&quot;:&quot;&quot;,&quot;created_timestamp&quot;:&quot;0&quot;,&quot;copyright&quot;:&quot;&quot;,&quot;focal_length&quot;:&quot;0&quot;,&quot;iso&quot;:&quot;0&quot;,&quot;shutter_speed&quot;:&quot;0&quot;,&quot;title&quot;:&quot;&quot;,&quot;orientation&quot;:&quot;0&quot;}\" data-image-title=\"IMG20231213211607\" data-image-description=\"\" data-medium-file=\"https:\/\/i0.wp.com\/miradordeatarfe.es\/wp-content\/uploads\/2023\/12\/IMG20231213211607-scaled.jpg?fit=300%2C226&#038;ssl=1\" data-large-file=\"https:\/\/i0.wp.com\/miradordeatarfe.es\/wp-content\/uploads\/2023\/12\/IMG20231213211607-scaled.jpg?fit=640%2C482&#038;ssl=1\" src=\"https:\/\/i0.wp.com\/miradordeatarfe.es\/wp-content\/uploads\/2023\/12\/IMG20231213211607-scaled.jpg?w=156&#038;h=117&#038;ssl=1\" srcset=\"https:\/\/i0.wp.com\/miradordeatarfe.es\/wp-content\/uploads\/2023\/12\/IMG20231213211607-scaled.jpg?w=2560&amp;ssl=1 2560w, https:\/\/i0.wp.com\/miradordeatarfe.es\/wp-content\/uploads\/2023\/12\/IMG20231213211607-scaled.jpg?resize=300%2C226&amp;ssl=1 300w, https:\/\/i0.wp.com\/miradordeatarfe.es\/wp-content\/uploads\/2023\/12\/IMG20231213211607-scaled.jpg?resize=1024%2C771&amp;ssl=1 1024w, https:\/\/i0.wp.com\/miradordeatarfe.es\/wp-content\/uploads\/2023\/12\/IMG20231213211607-scaled.jpg?resize=768%2C578&amp;ssl=1 768w, https:\/\/i0.wp.com\/miradordeatarfe.es\/wp-content\/uploads\/2023\/12\/IMG20231213211607-scaled.jpg?resize=1536%2C1157&amp;ssl=1 1536w, https:\/\/i0.wp.com\/miradordeatarfe.es\/wp-content\/uploads\/2023\/12\/IMG20231213211607-scaled.jpg?resize=2048%2C1542&amp;ssl=1 2048w, https:\/\/i0.wp.com\/miradordeatarfe.es\/wp-content\/uploads\/2023\/12\/IMG20231213211607-scaled.jpg?resize=1320%2C994&amp;ssl=1 1320w, https:\/\/i0.wp.com\/miradordeatarfe.es\/wp-content\/uploads\/2023\/12\/IMG20231213211607-scaled.jpg?w=1920&amp;ssl=1 1920w\" width=\"156\" height=\"117\" loading=\"lazy\" data-original-width=\"156\" data-original-height=\"117\" itemprop=\"http:\/\/schema.org\/image\" title=\"IMG20231213211607\" alt=\"IMG20231213211607\" style=\"width: 156px; height: 117px;\" \/> <\/a> <\/div> <\/div> <!-- close group --> <\/div> <!-- close row --> <\/div>\n","protected":false},"excerpt":{"rendered":"<p>El 13 de diciembre en el Centro Cultural Medina Elvira se present\u00f3,\u00a0 ante un p\u00fablico&#8230;<\/p>\n","protected":false},"author":1,"featured_media":65748,"comment_status":"closed","ping_status":"closed","sticky":false,"template":"","format":"image","meta":{"_coblocks_attr":"","_coblocks_dimensions":"","_coblocks_responsive_height":"","_coblocks_accordion_ie_support":"","jetpack_post_was_ever_published":false,"_jetpack_newsletter_access":"","_jetpack_dont_email_post_to_subs":false,"_jetpack_newsletter_tier_id":0,"_jetpack_memberships_contains_paywalled_content":false,"_jetpack_memberships_contains_paid_content":false,"footnotes":"","jetpack_publicize_message":"","jetpack_publicize_feature_enabled":true,"jetpack_social_post_already_shared":true,"jetpack_social_options":{"image_generator_settings":{"template":"highway","default_image_id":0,"enabled":false},"version":2}},"categories":[12,186,44,6539],"tags":[],"class_list":["post-65747","post","type-post","status-publish","format-image","has-post-thumbnail","hentry","category-cultura","category-instituciones","category-noticias-de-hoy","category-personajes-de-ataref","post_format-post-format-image"],"jetpack_publicize_connections":[],"jetpack_featured_media_url":"https:\/\/i0.wp.com\/miradordeatarfe.es\/wp-content\/uploads\/2023\/12\/401611930_10224655126509799_5072660312686576830_n.jpg?fit=720%2C540&ssl=1","jetpack_likes_enabled":true,"jetpack_sharing_enabled":true,"_links":{"self":[{"href":"https:\/\/miradordeatarfe.es\/index.php?rest_route=\/wp\/v2\/posts\/65747","targetHints":{"allow":["GET"]}}],"collection":[{"href":"https:\/\/miradordeatarfe.es\/index.php?rest_route=\/wp\/v2\/posts"}],"about":[{"href":"https:\/\/miradordeatarfe.es\/index.php?rest_route=\/wp\/v2\/types\/post"}],"author":[{"embeddable":true,"href":"https:\/\/miradordeatarfe.es\/index.php?rest_route=\/wp\/v2\/users\/1"}],"replies":[{"embeddable":true,"href":"https:\/\/miradordeatarfe.es\/index.php?rest_route=%2Fwp%2Fv2%2Fcomments&post=65747"}],"version-history":[{"count":2,"href":"https:\/\/miradordeatarfe.es\/index.php?rest_route=\/wp\/v2\/posts\/65747\/revisions"}],"predecessor-version":[{"id":65761,"href":"https:\/\/miradordeatarfe.es\/index.php?rest_route=\/wp\/v2\/posts\/65747\/revisions\/65761"}],"wp:featuredmedia":[{"embeddable":true,"href":"https:\/\/miradordeatarfe.es\/index.php?rest_route=\/wp\/v2\/media\/65748"}],"wp:attachment":[{"href":"https:\/\/miradordeatarfe.es\/index.php?rest_route=%2Fwp%2Fv2%2Fmedia&parent=65747"}],"wp:term":[{"taxonomy":"category","embeddable":true,"href":"https:\/\/miradordeatarfe.es\/index.php?rest_route=%2Fwp%2Fv2%2Fcategories&post=65747"},{"taxonomy":"post_tag","embeddable":true,"href":"https:\/\/miradordeatarfe.es\/index.php?rest_route=%2Fwp%2Fv2%2Ftags&post=65747"}],"curies":[{"name":"wp","href":"https:\/\/api.w.org\/{rel}","templated":true}]}}