{"id":65766,"date":"2023-12-15T10:47:16","date_gmt":"2023-12-15T09:47:16","guid":{"rendered":"https:\/\/miradordeatarfe.es\/?p=65766"},"modified":"2023-12-15T10:49:32","modified_gmt":"2023-12-15T09:49:32","slug":"atarfe-concierto-de-navidad-2","status":"publish","type":"post","link":"https:\/\/miradordeatarfe.es\/?p=65766","title":{"rendered":"ATARFE: CONCIERTO DE NAVIDAD"},"content":{"rendered":"<div class=\"x11i5rnm xat24cr x1mh8g0r x1vvkbs xtlvy1s x126k92a\">\n<h3 dir=\"auto\">Vuelve Big Band Atarfe y su Concierto Especial de Navidad titulado \u201cJAZZ VOCAL \u2013 LA NAVIDAD SE VISTE DE SWING\u201d.<\/h3>\n<div dir=\"auto\">\n<p style=\"text-align: justify;\" data-mrf-recirculation=\"Links P\u00e1rrafos\">Pero la Navidad tiene algo m\u00e1s que reunirnos con gente que hace un a\u00f1o que no vemos. Porque esa gente es parte de nosotros, cabe decir que no ser\u00edamos quienes somos sin ellos. Esa gente es gente a la que queremos. Y del mismo modo, esos villancicos que escuchamos una vez al a\u00f1o forman parte de nuestra vida. Cuando escucho un villancico pienso en que ya es navidad, pienso en que tengo que llamar a mi primo, que hace ya tiempo que no nos vemos, pienso que lo quiero y en lo mucho que nos re\u00edmos el a\u00f1o pasado cuando la abuela se puso a cantar&#8230;<\/p>\n<p style=\"text-align: justify;\" data-mrf-recirculation=\"Links P\u00e1rrafos\">Las cosas de siempre perduran. Los cl\u00e1sicos nunca mueren porque tienen algo que est\u00e1 por encima de las modas. Y si nos aburren los villancicos de siempre, podemos darles una vuelta. La banda sonora de las navidades puede ser elegante, fina, rica, bailonga, divertida. Y si no, que se lo pregunten a BIG BAND DE ATARFE\u00a0 que el pr\u00f3ximo domingo con las voces de Aretha Frankling, Ella Fitzgerald, Louis Armstrong, Nat King Cole , Ray Charles&#8230; nos va hacer disfrutar del comienzo de nuestra navidad atarfe\u00f1a.<\/p>\n<\/div>\n<div dir=\"auto\" style=\"text-align: justify;\">Bajo este t\u00edtulo, Big Band Atarfe va a ofrecer un espect\u00e1culo en el que se har\u00e1 un recorrido por la historia del Jazz Vocal, desde sus inicios hasta la actualidad. Podremos disfrutar de temas de: Aretha Frankling, Ella Fitzgerald, Louis Armstrong, Nat King Cole , Ray Charles\u2026 En definitiva, el espect\u00e1culo perfecto para cerrar el 2023.<\/div>\n<div dir=\"auto\">\n<p class=\"ue-c-article--first-letter-highlighted\" style=\"text-align: justify;\" data-mrf-recirculation=\"Links P\u00e1rrafos\">Un a\u00f1o m\u00e1s, una Navidad m\u00e1s. Otra vez las luces y los villancicos inundan\u00a0 nuestro Atarfe . La banda sonora propia del mes de diciembre, canciones cl\u00e1sicas que venimos escuchando desde que somos ni\u00f1os y que no nos permiten olvidar ni un solo momento que \u00a1ya es Navidad! Regalos, compromisos familiares, comilonas, quedadas con viejos amigos, villancicos, m\u00e1s villancicos&#8230; \u00a1Ya es Navidad!<\/p>\n<p style=\"text-align: justify;\" data-mrf-recirculation=\"Links P\u00e1rrafos\"><a href=\"https:\/\/i0.wp.com\/miradordeatarfe.es\/wp-content\/uploads\/2023\/12\/311296613_543811904413756_6464517031363546638_n.jpg?ssl=1\"><img data-recalc-dims=\"1\" loading=\"lazy\" decoding=\"async\" class=\"alignnone wp-image-65768 size-full\" src=\"https:\/\/i0.wp.com\/miradordeatarfe.es\/wp-content\/uploads\/2023\/12\/311296613_543811904413756_6464517031363546638_n.jpg?resize=640%2C375&#038;ssl=1\" alt=\"\" width=\"640\" height=\"375\" srcset=\"https:\/\/i0.wp.com\/miradordeatarfe.es\/wp-content\/uploads\/2023\/12\/311296613_543811904413756_6464517031363546638_n.jpg?w=960&amp;ssl=1 960w, https:\/\/i0.wp.com\/miradordeatarfe.es\/wp-content\/uploads\/2023\/12\/311296613_543811904413756_6464517031363546638_n.jpg?resize=300%2C176&amp;ssl=1 300w, https:\/\/i0.wp.com\/miradordeatarfe.es\/wp-content\/uploads\/2023\/12\/311296613_543811904413756_6464517031363546638_n.jpg?resize=768%2C450&amp;ssl=1 768w\" sizes=\"auto, (max-width: 640px) 100vw, 640px\" \/><\/a><\/p>\n<p data-mrf-recirculation=\"Links P\u00e1rrafos\">\u00a0<\/p>\n<\/div>\n<div dir=\"auto\">\u00a0<\/div>\n<\/div>\n<div class=\"x11i5rnm xat24cr x1mh8g0r x1vvkbs xtlvy1s x126k92a\">\n<div dir=\"auto\"><strong>Domingo 17 de Diciembre a las 20:00 en el Centro Cultural Medina Elvira.<\/strong><\/div>\n<\/div>\n<div class=\"x11i5rnm xat24cr x1mh8g0r x1vvkbs xtlvy1s x126k92a\">\n<div dir=\"auto\">\u00a0<\/div>\n<div dir=\"auto\">\u00a0Entrada-Donativo: 10\u20ac<\/div>\n<div dir=\"auto\">\u00a0<\/div>\n<div dir=\"auto\">\n<p>\u00a0Consigue tus entradas en: <a class=\"x1i10hfl xjbqb8w x6umtig x1b1mbwd xaqea5y xav7gou x9f619 x1ypdohk xt0psk2 xe8uvvx xdj266r x11i5rnm xat24cr x1mh8g0r xexx8yu x4uap5 x18d9i69 xkhd6sd x16tdsg8 x1hl2dhg xggy1nq x1a2a7pz xt0b8zv x1fey0fg\" tabindex=\"0\" role=\"link\" href=\"https:\/\/www.giglon.com\/todos?idEvent=big-band-atarfe--jazz-vocal-la-navidad-se-viste-de-swing&amp;fbclid=IwAR1oZ-zUQMsaQ7zVnQq524ldXqy6B5uUUl3TVrJIquOZ5PwvMUJMhsLTOYA\" target=\"_blank\" rel=\"nofollow noopener noreferrer\">https:\/\/www.giglon.com\/todos&#8230;<\/a><\/p>\n<div>\n<div id=\"0DE9E47C-871A-4F90-8440-B190C216800A_1\" class=\"mcafee_green\" tabindex=\"0\">\u00a0<\/div>\n<\/div>\n<\/div>\n<\/div>\n<div dir=\"auto\"><a href=\"https:\/\/i0.wp.com\/miradordeatarfe.es\/wp-content\/uploads\/2023\/12\/411237243_732960735548111_224867211225599229_n.jpg?ssl=1\"><img data-recalc-dims=\"1\" loading=\"lazy\" decoding=\"async\" class=\"alignnone wp-image-65767 \" src=\"https:\/\/i0.wp.com\/miradordeatarfe.es\/wp-content\/uploads\/2023\/12\/411237243_732960735548111_224867211225599229_n.jpg?resize=607%2C607&#038;ssl=1\" alt=\"\" width=\"607\" height=\"607\" srcset=\"https:\/\/i0.wp.com\/miradordeatarfe.es\/wp-content\/uploads\/2023\/12\/411237243_732960735548111_224867211225599229_n.jpg?w=526&amp;ssl=1 526w, https:\/\/i0.wp.com\/miradordeatarfe.es\/wp-content\/uploads\/2023\/12\/411237243_732960735548111_224867211225599229_n.jpg?resize=300%2C300&amp;ssl=1 300w, https:\/\/i0.wp.com\/miradordeatarfe.es\/wp-content\/uploads\/2023\/12\/411237243_732960735548111_224867211225599229_n.jpg?resize=150%2C150&amp;ssl=1 150w\" sizes=\"auto, (max-width: 607px) 100vw, 607px\" \/><\/a><\/div>\n","protected":false},"excerpt":{"rendered":"<p>Vuelve Big Band Atarfe y su Concierto Especial de Navidad titulado \u201cJAZZ VOCAL \u2013 LA&#8230;<\/p>\n","protected":false},"author":1,"featured_media":65769,"comment_status":"closed","ping_status":"closed","sticky":false,"template":"","format":"standard","meta":{"_coblocks_attr":"","_coblocks_dimensions":"","_coblocks_responsive_height":"","_coblocks_accordion_ie_support":"","jetpack_post_was_ever_published":false,"_jetpack_newsletter_access":"","_jetpack_dont_email_post_to_subs":false,"_jetpack_newsletter_tier_id":0,"_jetpack_memberships_contains_paywalled_content":false,"_jetpack_memberships_contains_paid_content":false,"footnotes":"","jetpack_publicize_message":"","jetpack_publicize_feature_enabled":true,"jetpack_social_post_already_shared":true,"jetpack_social_options":{"image_generator_settings":{"template":"highway","default_image_id":0,"enabled":false},"version":2}},"categories":[12,186,44],"tags":[],"class_list":["post-65766","post","type-post","status-publish","format-standard","has-post-thumbnail","hentry","category-cultura","category-instituciones","category-noticias-de-hoy"],"jetpack_publicize_connections":[],"jetpack_featured_media_url":"https:\/\/i0.wp.com\/miradordeatarfe.es\/wp-content\/uploads\/2023\/12\/Screenshot-2023-12-15-at-10-36-31-Navidad-a-Ritmo-de-Swing.png?fit=666%2C592&ssl=1","jetpack_likes_enabled":true,"jetpack_sharing_enabled":true,"_links":{"self":[{"href":"https:\/\/miradordeatarfe.es\/index.php?rest_route=\/wp\/v2\/posts\/65766","targetHints":{"allow":["GET"]}}],"collection":[{"href":"https:\/\/miradordeatarfe.es\/index.php?rest_route=\/wp\/v2\/posts"}],"about":[{"href":"https:\/\/miradordeatarfe.es\/index.php?rest_route=\/wp\/v2\/types\/post"}],"author":[{"embeddable":true,"href":"https:\/\/miradordeatarfe.es\/index.php?rest_route=\/wp\/v2\/users\/1"}],"replies":[{"embeddable":true,"href":"https:\/\/miradordeatarfe.es\/index.php?rest_route=%2Fwp%2Fv2%2Fcomments&post=65766"}],"version-history":[{"count":3,"href":"https:\/\/miradordeatarfe.es\/index.php?rest_route=\/wp\/v2\/posts\/65766\/revisions"}],"predecessor-version":[{"id":65771,"href":"https:\/\/miradordeatarfe.es\/index.php?rest_route=\/wp\/v2\/posts\/65766\/revisions\/65771"}],"wp:featuredmedia":[{"embeddable":true,"href":"https:\/\/miradordeatarfe.es\/index.php?rest_route=\/wp\/v2\/media\/65769"}],"wp:attachment":[{"href":"https:\/\/miradordeatarfe.es\/index.php?rest_route=%2Fwp%2Fv2%2Fmedia&parent=65766"}],"wp:term":[{"taxonomy":"category","embeddable":true,"href":"https:\/\/miradordeatarfe.es\/index.php?rest_route=%2Fwp%2Fv2%2Fcategories&post=65766"},{"taxonomy":"post_tag","embeddable":true,"href":"https:\/\/miradordeatarfe.es\/index.php?rest_route=%2Fwp%2Fv2%2Ftags&post=65766"}],"curies":[{"name":"wp","href":"https:\/\/api.w.org\/{rel}","templated":true}]}}