{"id":65773,"date":"2023-12-17T10:55:58","date_gmt":"2023-12-17T09:55:58","guid":{"rendered":"https:\/\/miradordeatarfe.es\/?p=65773"},"modified":"2023-12-15T11:00:41","modified_gmt":"2023-12-15T10:00:41","slug":"vuelve-a-granada-juveandalus-precios-y-horarios","status":"publish","type":"post","link":"https:\/\/miradordeatarfe.es\/?p=65773","title":{"rendered":"Vuelve a Granada Juve\u00e1ndalus: precios y horarios"},"content":{"rendered":"<h2 class=\"v-a-sub-t\" style=\"text-align: justify;\">Se celebra este a\u00f1o entre el 19 de diciembre y el 4 de enero<\/h2>\n<p class=\"v-p\" style=\"text-align: justify;\">La Navidad en Granada no se entiende sin el evento m\u00e1s familiar que organiza la Feria de Muestras de Armilla. Peque\u00f1os y grandes disfrutar\u00e1n en el recinto ferial de una tradici\u00f3n navide\u00f1a que no puede faltar en estas fechas: ir a Juve\u00e1ndalus. Y es que son tres generaciones de granadinos, as\u00ed como del resto de Andaluc\u00eda, las que han re\u00eddo, jugado y disfrutado de la feria m\u00e1s especial de Fermasa.<\/p>\n<p class=\"v-p\" style=\"text-align: justify;\">Este pr\u00f3ximo martes 19 de diciembre se inaugura la trig\u00e9simo s\u00e9ptima edici\u00f3n de este acontecimiento cargado de actividades e ilusi\u00f3n bajo el lema &#8216;La Magia de la Navidad&#8217;. La tem\u00e1tica estar\u00e1 presente en todas las actividades y permitir\u00e1 que los ni\u00f1os y los no tan ni\u00f1os descubran la magia a trav\u00e9s de los talleres y la decoraci\u00f3n de Juve\u00e1ndalus.<\/p>\n<p class=\"v-p\" style=\"text-align: justify;\">Todos los visitantes podr\u00e1n disfrutar de un d\u00eda inolvidable lleno de diversi\u00f3n y sorpresas en compa\u00f1\u00eda de amigos y familia, explorando los pabellones y el exterior de la feria. Desde talleres y actividades deportivas hasta atracciones que nunca decepcionan: pista de hielo, tirolina, caracterizaci\u00f3n, juegos populares, elaboraci\u00f3n de jabones y la oportunidad de capturar momentos m\u00e1gicos en escenarios llenos de fantas\u00eda.<\/p>\n<p class=\"v-p\" style=\"text-align: justify;\">Destaca este a\u00f1o, como novedad, el circuito de buggies, que viene a sumarse a la oferta de m\u00e1s de 100 actividades totalmente gratuitas, convirtiendo a Juve\u00e1ndalus en el escenario perfecto para que ni\u00f1os, j\u00f3venes y mayores vivan momentos inolvidables y celebren juntos la magia de la Navidad.<\/p>\n<p class=\"v-p\" style=\"text-align: justify;\">El Granada CF y el Fundaci\u00f3n CB Granada repiten experiencia en Juve\u00e1ndalus y tendr\u00e1n sus espacios dedicados al deporte. El club rojiblanco montar\u00e1 un taller de f\u00fatbol con monitores de la entidad que coordinar\u00e1n las actividades que se realicen. Por su parte, el Fundaci\u00f3n CB Granada montar\u00e1 canastas de baloncesto con varios entrenadores de las categor\u00edas inferiores de la entidad y acoger\u00e1 la visita de algunos de sus jugadores de la ACB. Este a\u00f1o, tambi\u00e9n estar\u00e1 presente el Club B\u00e1dminton Armilla, que organizar\u00e1 diversas actividades para acercar este deporte a todos los visitantes de Juve\u00e1ndalus.<\/p>\n<p class=\"v-p\" style=\"text-align: justify;\">Tan solo en los tres primeros d\u00edas se espera a m\u00e1s de 11.000 ni\u00f1os provenientes de colegios de diversos puntos de Andaluc\u00eda, que visitar\u00e1n una feria por la que pasan m\u00e1s de 60.000 personas cada a\u00f1o y que supone un gran volumen de negocio y beneficios para la econom\u00eda granadina. Destaca tambi\u00e9n su papel como generadora de empleo, ya que crea m\u00e1s de 200 nuevos empleos, siendo la empresa que m\u00e1s genera durante la campa\u00f1a navide\u00f1a en la provincia de Granada.<\/p>\n<div class=\"v-c-cmp v-n-mrg\" style=\"text-align: justify;\">\n<h3 class=\"v-cmp-suh\">Precios y horarios<\/h3>\n<\/div>\n<p class=\"v-p\" style=\"text-align: justify;\">Juve\u00e1ndalus se celebra este a\u00f1o entre el 19 de diciembre y el 4 de enero con los siguientes horarios:<\/p>\n<p class=\"v-p\" style=\"text-align: justify;\">&#8211; D\u00edas 19, 20 y 21 de diciembre de 10:00 a 16:00 horas.<\/p>\n<p class=\"v-p\" style=\"text-align: justify;\">&#8211; D\u00edas 23, 26, 27, 28, 29 y 30 de diciembre de 11:30 a 20:00 horas.<\/p>\n<p class=\"v-p\" style=\"text-align: justify;\">&#8211; D\u00edas 02, 03, y 04 de enero de 11:30 a 20:00 horas.<\/p>\n<p class=\"v-p\" style=\"text-align: justify;\">Los d\u00edas 22, 24, 25 y 31 de diciembre y el d\u00eda 1 de enero permanecer\u00e1 cerrado.<\/p>\n<p class=\"v-p\" style=\"text-align: justify;\">La entrada individual tendr\u00e1 un precio de 6 euros, sin incluir los columpios y de 8 euros con columpios. Adem\u00e1s, habr\u00e1 precios especiales para grupos como colegios y las AMPA, asociaciones, clubs deportivos, ayuntamientos o familias numerosas. Se pueden consultar en www.fermasa.org.<\/p>\n<p class=\"v-p\" style=\"text-align: justify;\">Fermasa cuenta un a\u00f1o m\u00e1s con la colaboraci\u00f3n de importantes entidades de la provincia como Covir\u00e1n, Grupo de hoteles Luna de Granada, Nanobytes y el patrocinio de la Diputaci\u00f3n Provincial de Granada.<\/p>\n","protected":false},"excerpt":{"rendered":"<p>Se celebra este a\u00f1o entre el 19 de diciembre y el 4 de enero La&#8230;<\/p>\n","protected":false},"author":1,"featured_media":65774,"comment_status":"closed","ping_status":"closed","sticky":false,"template":"","format":"standard","meta":{"_coblocks_attr":"","_coblocks_dimensions":"","_coblocks_responsive_height":"","_coblocks_accordion_ie_support":"","jetpack_post_was_ever_published":false,"_jetpack_newsletter_access":"","_jetpack_dont_email_post_to_subs":false,"_jetpack_newsletter_tier_id":0,"_jetpack_memberships_contains_paywalled_content":false,"_jetpack_memberships_contains_paid_content":false,"footnotes":"","jetpack_publicize_message":"","jetpack_publicize_feature_enabled":true,"jetpack_social_post_already_shared":true,"jetpack_social_options":{"image_generator_settings":{"template":"highway","default_image_id":0,"enabled":false},"version":2}},"categories":[187,1161,10781,44],"tags":[],"class_list":["post-65773","post","type-post","status-publish","format-standard","has-post-thumbnail","hentry","category-centros-educativos","category-ciudadania","category-granada","category-noticias-de-hoy"],"jetpack_publicize_connections":[],"jetpack_featured_media_url":"https:\/\/i0.wp.com\/miradordeatarfe.es\/wp-content\/uploads\/2023\/12\/JUVEANDALUS-kZVD-U2101001515921lXB-1200x840%40Ideal.webp?fit=1200%2C840&ssl=1","jetpack_likes_enabled":true,"jetpack_sharing_enabled":true,"_links":{"self":[{"href":"https:\/\/miradordeatarfe.es\/index.php?rest_route=\/wp\/v2\/posts\/65773","targetHints":{"allow":["GET"]}}],"collection":[{"href":"https:\/\/miradordeatarfe.es\/index.php?rest_route=\/wp\/v2\/posts"}],"about":[{"href":"https:\/\/miradordeatarfe.es\/index.php?rest_route=\/wp\/v2\/types\/post"}],"author":[{"embeddable":true,"href":"https:\/\/miradordeatarfe.es\/index.php?rest_route=\/wp\/v2\/users\/1"}],"replies":[{"embeddable":true,"href":"https:\/\/miradordeatarfe.es\/index.php?rest_route=%2Fwp%2Fv2%2Fcomments&post=65773"}],"version-history":[{"count":1,"href":"https:\/\/miradordeatarfe.es\/index.php?rest_route=\/wp\/v2\/posts\/65773\/revisions"}],"predecessor-version":[{"id":65775,"href":"https:\/\/miradordeatarfe.es\/index.php?rest_route=\/wp\/v2\/posts\/65773\/revisions\/65775"}],"wp:featuredmedia":[{"embeddable":true,"href":"https:\/\/miradordeatarfe.es\/index.php?rest_route=\/wp\/v2\/media\/65774"}],"wp:attachment":[{"href":"https:\/\/miradordeatarfe.es\/index.php?rest_route=%2Fwp%2Fv2%2Fmedia&parent=65773"}],"wp:term":[{"taxonomy":"category","embeddable":true,"href":"https:\/\/miradordeatarfe.es\/index.php?rest_route=%2Fwp%2Fv2%2Fcategories&post=65773"},{"taxonomy":"post_tag","embeddable":true,"href":"https:\/\/miradordeatarfe.es\/index.php?rest_route=%2Fwp%2Fv2%2Ftags&post=65773"}],"curies":[{"name":"wp","href":"https:\/\/api.w.org\/{rel}","templated":true}]}}