{"id":65776,"date":"2023-12-17T11:10:11","date_gmt":"2023-12-17T10:10:11","guid":{"rendered":"https:\/\/miradordeatarfe.es\/?p=65776"},"modified":"2023-12-15T11:12:45","modified_gmt":"2023-12-15T10:12:45","slug":"coliseo-ciudad-atarfe","status":"publish","type":"post","link":"https:\/\/miradordeatarfe.es\/?p=65776","title":{"rendered":"COLISEO CIUDAD ATARFE"},"content":{"rendered":"<h3 style=\"text-align: justify;\">Se plantea con un fin l\u00fadico y cultural. Principalmente tiene un uso taurino, pero abarca actividades deportivas, escenogr\u00e1ficas y musicales.<\/h3>\n<p style=\"text-align: justify;\">Consta de las siguientes zonas y elementos: zona de acceso del artista, backstage, acceso carga y descarga, aforo, cubierta, zona de suministro el\u00e9ctrico, otros servicios. Los accesos al p\u00fablico se encuentran en la puerta principal, directamente al coso, y por los cuatro accesos a la zona de tendidos que se encuentran fuera de la l\u00ednea de vallado de escenario. El coso tiene 50m. De di\u00e1metro, y 3 salidas de evacuaci\u00f3n: la puerta principal, la puerta de caballerizas y la puerta de arrastre.<\/p>\n<p style=\"text-align: justify;\">El grader\u00edo cuenta con un total de 5100 asientos, 4970 de ellos fijos. El aforo total depende de cada producci\u00f3n, variando entre las 6.000 y las 8.000 personas. El Coliseo de Atarfe presenta una cubierta abatible que le da una ventaja considerable frente a otros recintos taurinos en condiciones climatol\u00f3gicas adversas.<\/p>\n<h3 style=\"text-align: justify;\">Rese\u00f1a Hist\u00f3rica<\/h3>\n<p style=\"text-align: justify;\"><a href=\"https:\/\/i0.wp.com\/miradordeatarfe.es\/wp-content\/uploads\/2023\/12\/Captura20231215110618.png?ssl=1\"><img data-recalc-dims=\"1\" loading=\"lazy\" decoding=\"async\" class=\"wp-image-65778 size-full alignleft\" src=\"https:\/\/i0.wp.com\/miradordeatarfe.es\/wp-content\/uploads\/2023\/12\/Captura20231215110618.png?resize=640%2C230&#038;ssl=1\" alt=\"\" width=\"640\" height=\"230\" srcset=\"https:\/\/i0.wp.com\/miradordeatarfe.es\/wp-content\/uploads\/2023\/12\/Captura20231215110618.png?w=813&amp;ssl=1 813w, https:\/\/i0.wp.com\/miradordeatarfe.es\/wp-content\/uploads\/2023\/12\/Captura20231215110618.png?resize=300%2C108&amp;ssl=1 300w, https:\/\/i0.wp.com\/miradordeatarfe.es\/wp-content\/uploads\/2023\/12\/Captura20231215110618.png?resize=768%2C276&amp;ssl=1 768w\" sizes=\"auto, (max-width: 640px) 100vw, 640px\" \/><\/a>Es una de pocas plazas de toros cubiertas de Andaluc\u00eda y su construcci\u00f3n responde a la tradici\u00f3n taurina existente en Atarfe. El 22 de julio de 2005 se inaugur\u00f3 con lleno absoluto el Coliseo, con seis toros de la ganader\u00eda de D. Gerardo Ortega para las figuras Enrique Ponce, Pedro P\u00e9rez \u00abChicote\u00bb y David Fandila \u00abEl Fandi\u00bb. Por \u00e9l han pasado figuras del toreo a pie, adem\u00e1s de las citadas, como Jos\u00e9 Mar\u00eda Manzanares, el Juli, el Cid, Finito de C\u00f3rdoba, Francisco Rivera Ordo\u00f1ez, Cayetano Rivera, Ortega Cano, Julio Aparicio, Domingo L\u00f3pez Chaves, Julio Ben\u00edtez, el Yiyo,\u2026 muchos de los cuales han repetido paseillo.<\/p>\n<p style=\"text-align: justify;\">Se ha producido tambi\u00e9n la alternativa de Juan Ram\u00f3n Romero en la primera corrida goyesca de la historia del Coliseo, y durante \u00e9sta la Banda Municipal de M\u00fasica estren\u00f3 dos\u00a0 pasodobles dedicados a los dos hermanos Romero.<\/p>\n<p style=\"text-align: justify;\">El rejoneo ha recibido un gran impulso gracias a la actividad del Coliseo, organiz\u00e1ndose en \u00e9l el Certamen de rejoneo emitido en la televisi\u00f3n p\u00fablica andaluza, alcanzando gran \u00e9xito y repercusi\u00f3n a nivel nacional. Este certamen comenz\u00f3 en Enero de 2007 y ha alcanzado ya su VI edici\u00f3n. Se han contado con figuras del rejoneo como Noelia Mota, Roberto Almend\u00e1riz, Manuel Caetano,\u2026 Y colaboraci\u00f3n de los Forcados Amadores de Chamusca, Alenguir, Ramo Grande,\u2026 que desde el primer festejo han puesto tensi\u00f3n, emociones fuertes, valor, entrega y sacrificio.<\/p>\n<p style=\"text-align: justify;\">El Coliseo alberga la sede de la escuela taurina de Atarfe, inscrita en la Junta de Andaluc\u00eda desde junio de 2007 promovida por la empresa municipal Proyecto Atarfe Sociedad An\u00f3nima y dirigida por el torero Pedro P\u00e9rez \u00abChicote\u00bb. Pero, adem\u00e1s del toreo, este edificio se ha convertido en un espacio esc\u00e9nico multifuncional, sirviendo a la actividad escenogr\u00e1fica y\/o musical y a la deportiva. Por la instalaci\u00f3n han pasado artista de la talla de Mark Knopler, Deep Purple, Ana Bel\u00e9n, etc.<\/p>\n<p><strong>Bibliograf\u00eda y documentaci\u00f3n<\/strong><\/p>\n<p>&#8211; Dossier del Coliseo Ciudad Atarfe. Ayuntamiento de Atarfe<\/p>\n<p><a href=\"https:\/\/i0.wp.com\/miradordeatarfe.es\/wp-content\/uploads\/2023\/12\/Captura20231215110638.png?ssl=1\"><img data-recalc-dims=\"1\" loading=\"lazy\" decoding=\"async\" class=\"alignnone wp-image-65777 \" src=\"https:\/\/i0.wp.com\/miradordeatarfe.es\/wp-content\/uploads\/2023\/12\/Captura20231215110638.png?resize=640%2C264&#038;ssl=1\" alt=\"\" width=\"640\" height=\"264\" srcset=\"https:\/\/i0.wp.com\/miradordeatarfe.es\/wp-content\/uploads\/2023\/12\/Captura20231215110638.png?w=913&amp;ssl=1 913w, https:\/\/i0.wp.com\/miradordeatarfe.es\/wp-content\/uploads\/2023\/12\/Captura20231215110638.png?resize=300%2C124&amp;ssl=1 300w, https:\/\/i0.wp.com\/miradordeatarfe.es\/wp-content\/uploads\/2023\/12\/Captura20231215110638.png?resize=768%2C317&amp;ssl=1 768w\" sizes=\"auto, (max-width: 640px) 100vw, 640px\" \/><\/a><\/p>\n<h3>PUBLICADO EN EL LIBRO \u00bb ATARFE PATRIMONIO CULTURAL Y NATURAL\u00bb (2015) FRANCISCA L\u00d3PEZ, I\u00d1AKI NIEVA Y MANUEL GUERRERO<\/h3>\n","protected":false},"excerpt":{"rendered":"<p>Se plantea con un fin l\u00fadico y cultural. Principalmente tiene un uso taurino, pero abarca&#8230;<\/p>\n","protected":false},"author":1,"featured_media":65779,"comment_status":"closed","ping_status":"closed","sticky":false,"template":"","format":"standard","meta":{"_coblocks_attr":"","_coblocks_dimensions":"","_coblocks_responsive_height":"","_coblocks_accordion_ie_support":"","jetpack_post_was_ever_published":false,"_jetpack_newsletter_access":"","_jetpack_dont_email_post_to_subs":false,"_jetpack_newsletter_tier_id":0,"_jetpack_memberships_contains_paywalled_content":false,"_jetpack_memberships_contains_paid_content":false,"footnotes":"","jetpack_publicize_message":"","jetpack_publicize_feature_enabled":true,"jetpack_social_post_already_shared":true,"jetpack_social_options":{"image_generator_settings":{"template":"highway","default_image_id":0,"enabled":false},"version":2}},"categories":[12,1225,186,44],"tags":[],"class_list":["post-65776","post","type-post","status-publish","format-standard","has-post-thumbnail","hentry","category-cultura","category-ha-de-atarfe","category-instituciones","category-noticias-de-hoy"],"jetpack_publicize_connections":[],"jetpack_featured_media_url":"https:\/\/i0.wp.com\/miradordeatarfe.es\/wp-content\/uploads\/2023\/12\/Captura20231215110302.png?fit=333%2C252&ssl=1","jetpack_likes_enabled":true,"jetpack_sharing_enabled":true,"_links":{"self":[{"href":"https:\/\/miradordeatarfe.es\/index.php?rest_route=\/wp\/v2\/posts\/65776","targetHints":{"allow":["GET"]}}],"collection":[{"href":"https:\/\/miradordeatarfe.es\/index.php?rest_route=\/wp\/v2\/posts"}],"about":[{"href":"https:\/\/miradordeatarfe.es\/index.php?rest_route=\/wp\/v2\/types\/post"}],"author":[{"embeddable":true,"href":"https:\/\/miradordeatarfe.es\/index.php?rest_route=\/wp\/v2\/users\/1"}],"replies":[{"embeddable":true,"href":"https:\/\/miradordeatarfe.es\/index.php?rest_route=%2Fwp%2Fv2%2Fcomments&post=65776"}],"version-history":[{"count":3,"href":"https:\/\/miradordeatarfe.es\/index.php?rest_route=\/wp\/v2\/posts\/65776\/revisions"}],"predecessor-version":[{"id":65782,"href":"https:\/\/miradordeatarfe.es\/index.php?rest_route=\/wp\/v2\/posts\/65776\/revisions\/65782"}],"wp:featuredmedia":[{"embeddable":true,"href":"https:\/\/miradordeatarfe.es\/index.php?rest_route=\/wp\/v2\/media\/65779"}],"wp:attachment":[{"href":"https:\/\/miradordeatarfe.es\/index.php?rest_route=%2Fwp%2Fv2%2Fmedia&parent=65776"}],"wp:term":[{"taxonomy":"category","embeddable":true,"href":"https:\/\/miradordeatarfe.es\/index.php?rest_route=%2Fwp%2Fv2%2Fcategories&post=65776"},{"taxonomy":"post_tag","embeddable":true,"href":"https:\/\/miradordeatarfe.es\/index.php?rest_route=%2Fwp%2Fv2%2Ftags&post=65776"}],"curies":[{"name":"wp","href":"https:\/\/api.w.org\/{rel}","templated":true}]}}