{"id":65783,"date":"2023-12-18T10:30:36","date_gmt":"2023-12-18T09:30:36","guid":{"rendered":"https:\/\/miradordeatarfe.es\/?p=65783"},"modified":"2023-12-18T10:16:48","modified_gmt":"2023-12-18T09:16:48","slug":"la-plaza-espana-de-atarfe","status":"publish","type":"post","link":"https:\/\/miradordeatarfe.es\/?p=65783","title":{"rendered":"LA PLAZA ESPA\u00d1A DE ATARFE"},"content":{"rendered":"<h3 style=\"text-align: justify;\">De forma rectangular ocupa aproximadamente 725 m\u00b2. En sus dos extremos hay dos terrazas pertenecientes a sendas cafeter\u00edas y en el centro hay una fuente circular que dej\u00f3 de funcionar como tal, pero que cumple funci\u00f3n de elemento decorativo compuesto de dos jardineras conc\u00e9ntricas. ( En el a\u00f1o 2022 fue instalado el ataifor de Medina Elvira supliendo la fuente)<\/h3>\n<p style=\"text-align: justify;\">Est\u00e1 equipada con varios bancos distribuidos regularmente en el per\u00edmetro interior de la plaza y en el exterior jardineras con rosales, \u00e1rboles y setos de aligustre.<\/p>\n<p style=\"text-align: justify;\">En la parte sur de la plaza, detr\u00e1s de una terraza, se encuentra un pilar que sobrepasa los dos metros de altura, y que est\u00e1 descrito en la secci\u00f3n de monumentos y esculturas. En el lateral oeste encontramos el edificio del Ayuntamiento. Destaca de esta plaza la casa del Cafet\u00edn Aguiper, de tres plantas con una cubierta a cuatro aguas, ricamente moldurada y con peque\u00f1os balcones abiertos, uno de ellos de esquina. En su \u00faltima planta llama la atenci\u00f3n una terraza de estilo palladiano con peque\u00f1as columnas.<\/p>\n<p style=\"text-align: justify;\">Al pie de la avenida de Andaluc\u00eda hay otro edificio mencionable de cuatro alturas que posee dos portales. La planta baja tiene grandes ventanales alargadas; en la primera presenta peque\u00f1os balcones abiertos y rejer\u00eda significada; la segunda balcones rasos y rejas en consonancia; y arriba un terrao, ahora cubierto, que fue utilizado para el secado de frutos.<\/p>\n<h3 style=\"text-align: justify;\">Rese\u00f1a Hist\u00f3rica<\/h3>\n<p style=\"text-align: justify;\">Esta plaza ha sido testigo a lo largo del tiempo de m\u00faltiples sucesos, celebraciones y eventos. Es rese\u00f1able como lugar que alberga el Preg\u00f3n de Fiestas de Atarfe (11, 12 y 13 de Septiembre),, tradici\u00f3n que a\u00fan se lleva a cabo en este lugar en las fiestas de julio. Tambi\u00e9n se celebraba la tradicional Verbena, en la que se pod\u00eda disfrutar de la m\u00fasica y bailar al ritmo que marcaban las diferentes orquestas concertadas, o donde se celebraban las cuca\u00f1as en las que todos los ni\u00f1os y ni\u00f1as, entre empujones y pisotones, recog\u00edan caramelos.<\/p>\n<p style=\"text-align: justify;\">As\u00ed mismo fue un punto de encuentro entre dos pasos de la Semana Santa Atarfe\u00f1a, el de la Virgen de la Esperanza y el de Jes\u00fas Nazareno, el cual bendec\u00eda al pueblo con su brazo oscilante a sus vecinos y vecinas devotos (primera mitad del siglo XX).<\/p>\n<p style=\"text-align: justify;\">Aqu\u00ed tambi\u00e9n se ha escuchado desde la primera Banda Municipal de M\u00fasica (de principios de s. XX), hasta la \u00faltima (Escuela Municipal de M\u00fasica dirigida por D. Jos\u00e9 Guerrero).<\/p>\n<p style=\"text-align: justify;\">En 1956 esta plaza se convirti\u00f3 en un improvisado campamento solidario a favor de los vecinos y vecinas afectados por el terremoto que caus\u00f3 tantos da\u00f1os y dej\u00f3 a muchas familias sin vivienda.<\/p>\n<p style=\"text-align: justify;\">En los a\u00f1os 60 se hizo una importante reforma en el contexto de expansi\u00f3n creciente del municipio, que tras aumentar su poblaci\u00f3n, se decidi\u00f3 a reformar tambi\u00e9n otras plazas y calles, surgiendo barrios nuevos (barrio de los Toreros, Sta. Amalia,&#8230;).<\/p>\n<p style=\"text-align: justify;\">Por entonces ten\u00eda en el centro una gran fuente rectangular con tres pilares de distintas alturas que lanzaban generosos chorros de agua hac\u00eda arriba. Borde\u00e1ndola exist\u00eda un peque\u00f1o jard\u00edn que adornaba de verde el recinto. Tambi\u00e9n pod\u00edamos ver el pilar que hab\u00eda en la zona norte de la plaza y que mudaron al extremo sur, donde a\u00fan se mantiene. Por todo el per\u00edmetro hab\u00eda unos bancos de piedra sin respaldo, donde los\/as vecinos se pod\u00edan sentar a tomar el sol y a descansar.<\/p>\n<p style=\"text-align: justify;\">Posteriormente, esta plaza ha sido objeto de numerosas reformas, siendo la \u00faltima remodelaci\u00f3n en el 2004 <i><\/i><i><\/i><\/p>\n<h3 style=\"text-align: justify;\">Bibliograf\u00eda y documentaci\u00f3n<\/h3>\n<p>&#8211; GRANADOS TORRES, Jos\u00e9 Enrique (coord.). Atarfe en papel. Ayuntamiento de Atarfe y Corporaci\u00f3n de Medios de Andaluc\u00eda (IDEAL). 2007<\/p>\n<p>&#8211; GARC\u00cdA DE LOS REYES (2005) Plan General de Ordenaci\u00f3n Urban\u00edstica. Ayuntamiento de Atarfe.<\/p>\n<p><a href=\"https:\/\/i0.wp.com\/miradordeatarfe.es\/wp-content\/uploads\/2023\/12\/Captura20231215112218.png?ssl=1\"><img data-recalc-dims=\"1\" loading=\"lazy\" decoding=\"async\" class=\"alignnone wp-image-65784 \" src=\"https:\/\/i0.wp.com\/miradordeatarfe.es\/wp-content\/uploads\/2023\/12\/Captura20231215112218.png?resize=640%2C406&#038;ssl=1\" alt=\"\" width=\"640\" height=\"406\" srcset=\"https:\/\/i0.wp.com\/miradordeatarfe.es\/wp-content\/uploads\/2023\/12\/Captura20231215112218.png?w=1053&amp;ssl=1 1053w, https:\/\/i0.wp.com\/miradordeatarfe.es\/wp-content\/uploads\/2023\/12\/Captura20231215112218.png?resize=300%2C190&amp;ssl=1 300w, https:\/\/i0.wp.com\/miradordeatarfe.es\/wp-content\/uploads\/2023\/12\/Captura20231215112218.png?resize=1024%2C650&amp;ssl=1 1024w, https:\/\/i0.wp.com\/miradordeatarfe.es\/wp-content\/uploads\/2023\/12\/Captura20231215112218.png?resize=768%2C487&amp;ssl=1 768w\" sizes=\"auto, (max-width: 640px) 100vw, 640px\" \/><\/a><\/p>\n<h3>PUBLICADO EN EL LIBRO \u00bb ATARFE PATRIMONIO CULTURAL Y NATURAL\u00bb (2015) FRANCISCA L\u00d3PEZ, I\u00d1AKI NIEVA Y MANUEL GUERRERO<\/h3>\n","protected":false},"excerpt":{"rendered":"<p>De forma rectangular ocupa aproximadamente 725 m\u00b2. En sus dos extremos hay dos terrazas pertenecientes&#8230;<\/p>\n","protected":false},"author":1,"featured_media":65785,"comment_status":"closed","ping_status":"closed","sticky":false,"template":"","format":"standard","meta":{"_coblocks_attr":"","_coblocks_dimensions":"","_coblocks_responsive_height":"","_coblocks_accordion_ie_support":"","jetpack_post_was_ever_published":false,"_jetpack_newsletter_access":"","_jetpack_dont_email_post_to_subs":false,"_jetpack_newsletter_tier_id":0,"_jetpack_memberships_contains_paywalled_content":false,"_jetpack_memberships_contains_paid_content":false,"footnotes":"","jetpack_publicize_message":"","jetpack_publicize_feature_enabled":true,"jetpack_social_post_already_shared":true,"jetpack_social_options":{"image_generator_settings":{"template":"highway","default_image_id":0,"enabled":false},"version":2}},"categories":[1225,186,44],"tags":[],"class_list":["post-65783","post","type-post","status-publish","format-standard","has-post-thumbnail","hentry","category-ha-de-atarfe","category-instituciones","category-noticias-de-hoy"],"jetpack_publicize_connections":[],"jetpack_featured_media_url":"https:\/\/i0.wp.com\/miradordeatarfe.es\/wp-content\/uploads\/2023\/12\/Captura20231215111403.png?fit=336%2C307&ssl=1","jetpack_likes_enabled":true,"jetpack_sharing_enabled":true,"_links":{"self":[{"href":"https:\/\/miradordeatarfe.es\/index.php?rest_route=\/wp\/v2\/posts\/65783","targetHints":{"allow":["GET"]}}],"collection":[{"href":"https:\/\/miradordeatarfe.es\/index.php?rest_route=\/wp\/v2\/posts"}],"about":[{"href":"https:\/\/miradordeatarfe.es\/index.php?rest_route=\/wp\/v2\/types\/post"}],"author":[{"embeddable":true,"href":"https:\/\/miradordeatarfe.es\/index.php?rest_route=\/wp\/v2\/users\/1"}],"replies":[{"embeddable":true,"href":"https:\/\/miradordeatarfe.es\/index.php?rest_route=%2Fwp%2Fv2%2Fcomments&post=65783"}],"version-history":[{"count":3,"href":"https:\/\/miradordeatarfe.es\/index.php?rest_route=\/wp\/v2\/posts\/65783\/revisions"}],"predecessor-version":[{"id":65788,"href":"https:\/\/miradordeatarfe.es\/index.php?rest_route=\/wp\/v2\/posts\/65783\/revisions\/65788"}],"wp:featuredmedia":[{"embeddable":true,"href":"https:\/\/miradordeatarfe.es\/index.php?rest_route=\/wp\/v2\/media\/65785"}],"wp:attachment":[{"href":"https:\/\/miradordeatarfe.es\/index.php?rest_route=%2Fwp%2Fv2%2Fmedia&parent=65783"}],"wp:term":[{"taxonomy":"category","embeddable":true,"href":"https:\/\/miradordeatarfe.es\/index.php?rest_route=%2Fwp%2Fv2%2Fcategories&post=65783"},{"taxonomy":"post_tag","embeddable":true,"href":"https:\/\/miradordeatarfe.es\/index.php?rest_route=%2Fwp%2Fv2%2Ftags&post=65783"}],"curies":[{"name":"wp","href":"https:\/\/api.w.org\/{rel}","templated":true}]}}