{"id":65789,"date":"2023-12-16T10:00:08","date_gmt":"2023-12-16T09:00:08","guid":{"rendered":"https:\/\/miradordeatarfe.es\/?p=65789"},"modified":"2023-12-16T10:10:27","modified_gmt":"2023-12-16T09:10:27","slug":"la-destitucion-del-director-del-arqueologico-desata-la-tormenta","status":"publish","type":"post","link":"https:\/\/miradordeatarfe.es\/?p=65789","title":{"rendered":"El cese del director del Arqueol\u00f3gico por falta de confianza suscita cr\u00edticas entre los expertos"},"content":{"rendered":"<h3 class=\"v-a-sub-t\" style=\"text-align: justify;\">M\u00e1s de 60 profesionales de la arqueolog\u00eda vinculados a la UGR firman un escrito en el que destacan la \u00abexcelente labor profesional\u00bb de Ramos, \u00abtanto en la gesti\u00f3n interna como externa del museo\u00bb, y expresan su \u00abprofundo desconcierto\u00bb con la decisi\u00f3n del delegado de Cultura, Fernando Egea.<\/h3>\n<p style=\"text-align: justify;\">El cese por \u00abfalta de confianza\u00bb del hasta ahora director del Museo Arqueol\u00f3gico y Etnol\u00f3gico de Granada, Manuel Ramos, ha suscitado cr\u00edticas entre arque\u00f3logos y profesores universitarios que han valorado su gesti\u00f3n y las actividades de difusi\u00f3n cultural y de investigaci\u00f3n llevadas a cabo desde que tomara posesi\u00f3n en febrero de 2022.<\/p>\n<p style=\"text-align: justify;\">As\u00ed consta en una nota de prensa difundida por m\u00e1s de 60 profesionales de la arqueolog\u00eda vinculados a la Universidad de Granada que consideran que Ramos ha desarrollado \u00abuna excelente labor profesional tanto en la gesti\u00f3n interna como externa del museo\u00bb. Con este escrito reaccionan a un cese que la Junta de Andaluc\u00eda ha encuadrado en la pol\u00edtica de nombramientos propia de una administraci\u00f3n p\u00fablica.<\/p>\n<p style=\"text-align: justify;\">Consultado al respecto por Europa Press,<strong> el delegado de Cultura, Turismo y Deporte de la Junta en Granada, Fernando Egea<\/strong>, ha indicado que entre las ventajas de la gesti\u00f3n de Ramos ha estado la faceta divulgativa, con la organizaci\u00f3n de actividades y charlas, si bien la nueva direcci\u00f3n tendr\u00e1 como cometido incidir en el \u00abimpulso\u00bb a la apertura de otras siete salas de la Casa de Castril, donde tiene su sede el Arqueol\u00f3gico, en la granadina Carrera del Darro.<\/p>\n<p style=\"text-align: justify;\">Se trata, seg\u00fan ha explicado Egea, de recuperar espacios que ya estuvieron habilitados en su d\u00eda en el Arqueol\u00f3gico y algunos m\u00e1s. Estas declaraciones a Europa Press distan mucho de las que hizo inicialmente a Ideal, en las que se mostr\u00f3 muy cr\u00edtico y lleg\u00f3 a decir que hab\u00eda sido \u00abimposible\u00bb trabajar con \u00e9l, y que su gesti\u00f3n no hab\u00eda sido satisfactoria.<\/p>\n<p class=\"sumari\" style=\"text-align: justify;\">M\u00e1s de 60 arque\u00f3logos han mostrado su \u00abprofundo desconcierto\u00bb con la decisi\u00f3n, resaltando que el director saliente \u00abha contribuido a fomentar el desarrollo de la investigaci\u00f3n\u00bb, participando \u00abactivamente\u00bb en proyectos, aulas y c\u00e1tedras<\/p>\n<p style=\"text-align: justify;\">Por su parte, los arque\u00f3logos que han mostrado su \u00abprofundo desconcierto\u00bb con la decisi\u00f3n han enfatizado que el director saliente \u00abha contribuido a fomentar el desarrollo de la investigaci\u00f3n arqueol\u00f3gica facilitando el acceso a materiales y el desarrollo de las tareas de investigaci\u00f3n, participando activamente en proyectos, aulas y c\u00e1tedras.<\/p>\n<p style=\"text-align: justify;\">Todo ello \u00abuniendo adem\u00e1s a investigadores y profesionales no s\u00f3lo de la ciudad de Granada sino tambi\u00e9n del resto del estado e incluso internacionales\u00bb, han se\u00f1alado los firmantes, entre ellos Mercedes Murillo, Francisco Carri\u00f3n, Julio Rom\u00e1n, Alberto Garc\u00eda Porras o Jos\u00e9 Mar\u00eda Mart\u00edn Civantos.<\/p>\n<p style=\"text-align: justify;\"><strong>Reproducimos a continuaci\u00f3n su escrito PUBLICADO por los arque\u00f3logos::\u00a0<\/strong><\/p>\n<div class=\"divdest\" style=\"text-align: justify;\"><em>\u00abLos arque\u00f3logos y arque\u00f3logas de la Universidad de Granada abajo firmantes lamentamos profundamente el cese del director del Museo Arqueol\u00f3gico de Granada.<\/em><\/p>\n<p><em>Desde que tomara posesi\u00f3n en febrero de 2022 ha desarrollado una excelente labor profesional tanto en la gesti\u00f3n interna como externa del Museo.<\/em><\/p>\n<p><em>Desde su llegada al museo, las actividades de difusi\u00f3n y divulgaci\u00f3n cultural se han dinamizado considerablemente, con la organizaci\u00f3n de talleres infantiles, visitas guiadas y charlas semanales de divulgaci\u00f3n de investigaci\u00f3n del m\u00e1s alto nivel cient\u00edfico en las que muchos de nosotros y nosotras hemos tenido el placer de participar.<\/em><\/p>\n<p><em>Igualmente ha contribuido a fomentar el desarrollo de la investigaci\u00f3n arqueol\u00f3gica facilitando el acceso a materiales y el desarrollo de las tareas de investigaci\u00f3n, participando activamente en proyectos, aulas y C\u00e1tedras y uniendo adem\u00e1s a investigadores y profesionales no s\u00f3lo de la ciudad de Granada sino tambi\u00e9n del resto del estado e incluso internacionales.<\/em><\/p>\n<p><em>Como personas usuarias, como investigadoras y sobre todo como arque\u00f3logos y arque\u00f3logas conocedores del funcionamiento y las necesidades del Museo Arqueol\u00f3gico de Granada, no podemos si no reconocer p\u00fablicamente la profesionalidad y el buen hacer de Manuel Ramos Lizana y manifestar nuestro m\u00e1s profundo desconcierto ante su incomprensible cese\u00bb.<\/em><\/div>\n<p style=\"text-align: justify;\">\u00a0<\/p>\n<p><strong>(NOTA: LA CORA DE ILBIRA SE UNE A ESTE ESCRITO Y LE AGRADECE SU COLABORACI\u00d3N EN LOS MARTES DE CASTRIL)<\/strong><\/p>\n<p><a href=\"https:\/\/www.ideal.es\/autor\/jorge-pastor-400.html\"><strong>Jorge Pastor<\/strong><\/a><\/p>\n<p><span class=\"v-fc__text\">FOTO: Manuel Ramos en la Casa de Castril, donde se halla el Museo Arqueol\u00f3gico.<\/span> <span class=\"v-fc__ath\">JORGE PASTOR<\/span><\/p>\n<article class=\"v-a v-a--d v-a--d-rpg v-a--p-b\">https:\/\/www.elindependientedegranada.es\/cultura\/cese-director-arqueologico-falta-confianza-suscita-criticas-expertos<\/article>\n","protected":false},"excerpt":{"rendered":"<p>M\u00e1s de 60 profesionales de la arqueolog\u00eda vinculados a la UGR firman un escrito en&#8230;<\/p>\n","protected":false},"author":1,"featured_media":65790,"comment_status":"closed","ping_status":"closed","sticky":false,"template":"","format":"standard","meta":{"_coblocks_attr":"","_coblocks_dimensions":"","_coblocks_responsive_height":"","_coblocks_accordion_ie_support":"","jetpack_post_was_ever_published":false,"_jetpack_newsletter_access":"","_jetpack_dont_email_post_to_subs":false,"_jetpack_newsletter_tier_id":0,"_jetpack_memberships_contains_paywalled_content":false,"_jetpack_memberships_contains_paid_content":false,"footnotes":"","jetpack_publicize_message":"","jetpack_publicize_feature_enabled":true,"jetpack_social_post_already_shared":false,"jetpack_social_options":{"image_generator_settings":{"template":"highway","default_image_id":0,"enabled":false},"version":2}},"categories":[1161,9029,5359,44],"tags":[],"class_list":["post-65789","post","type-post","status-publish","format-standard","has-post-thumbnail","hentry","category-ciudadania","category-la-cora-de-ilbira","category-madinat-ilbira","category-noticias-de-hoy"],"jetpack_publicize_connections":[],"jetpack_featured_media_url":"https:\/\/i0.wp.com\/miradordeatarfe.es\/wp-content\/uploads\/2023\/12\/arqueologico-kVEH-U210996157711fbF-1200x840%40Ideal.webp?fit=1200%2C840&ssl=1","jetpack_likes_enabled":true,"jetpack_sharing_enabled":true,"_links":{"self":[{"href":"https:\/\/miradordeatarfe.es\/index.php?rest_route=\/wp\/v2\/posts\/65789","targetHints":{"allow":["GET"]}}],"collection":[{"href":"https:\/\/miradordeatarfe.es\/index.php?rest_route=\/wp\/v2\/posts"}],"about":[{"href":"https:\/\/miradordeatarfe.es\/index.php?rest_route=\/wp\/v2\/types\/post"}],"author":[{"embeddable":true,"href":"https:\/\/miradordeatarfe.es\/index.php?rest_route=\/wp\/v2\/users\/1"}],"replies":[{"embeddable":true,"href":"https:\/\/miradordeatarfe.es\/index.php?rest_route=%2Fwp%2Fv2%2Fcomments&post=65789"}],"version-history":[{"count":4,"href":"https:\/\/miradordeatarfe.es\/index.php?rest_route=\/wp\/v2\/posts\/65789\/revisions"}],"predecessor-version":[{"id":65801,"href":"https:\/\/miradordeatarfe.es\/index.php?rest_route=\/wp\/v2\/posts\/65789\/revisions\/65801"}],"wp:featuredmedia":[{"embeddable":true,"href":"https:\/\/miradordeatarfe.es\/index.php?rest_route=\/wp\/v2\/media\/65790"}],"wp:attachment":[{"href":"https:\/\/miradordeatarfe.es\/index.php?rest_route=%2Fwp%2Fv2%2Fmedia&parent=65789"}],"wp:term":[{"taxonomy":"category","embeddable":true,"href":"https:\/\/miradordeatarfe.es\/index.php?rest_route=%2Fwp%2Fv2%2Fcategories&post=65789"},{"taxonomy":"post_tag","embeddable":true,"href":"https:\/\/miradordeatarfe.es\/index.php?rest_route=%2Fwp%2Fv2%2Ftags&post=65789"}],"curies":[{"name":"wp","href":"https:\/\/api.w.org\/{rel}","templated":true}]}}