{"id":65803,"date":"2023-12-16T10:18:58","date_gmt":"2023-12-16T09:18:58","guid":{"rendered":"https:\/\/miradordeatarfe.es\/?p=65803"},"modified":"2023-12-16T10:18:58","modified_gmt":"2023-12-16T09:18:58","slug":"atarfe-pide-ideas-a-sus-vecinos-para-disenar-los-proyectos-de-la-agenda-urbana-2030","status":"publish","type":"post","link":"https:\/\/miradordeatarfe.es\/?p=65803","title":{"rendered":"Atarfe pide ideas a sus vecinos para dise\u00f1ar los proyectos de la Agenda Urbana 2030"},"content":{"rendered":"<h3 style=\"text-align: justify;\">El Ayuntamiento ha creado un formulario para recoger las propuestas de los atarfe\u00f1os en el que les pregunta de diversas materias.<\/h3>\n<p style=\"text-align: justify;\">El <strong>Ayuntamiento de Atarfe<\/strong> est\u00e1 inmerso en la confecci\u00f3n de la <strong>Agenda Urbana 2030<\/strong>, un documento que va a sentar las bases de los proyectos que se van a desarrollar en el municipio durante los pr\u00f3ximos a\u00f1os, para lo que ha pedido la colaboraci\u00f3n de la ciudadan\u00eda. El Consistorio ha puesto a disposici\u00f3n de los vecinos un <strong>formulario<\/strong> para recoger sus ideas y aportaciones, ha explicado la alcaldesa de Atarfe, Yolanda Fern\u00e1ndez, quien ha animado a trav\u00e9s de las redes sociales a que sean los vecinos los \u00abprotagonistas\u00bb del dise\u00f1o del futuro de la localidad metropolitana.<\/p>\n<p style=\"text-align: justify;\">De este modo, ha calificado como \u00abimprescindibles\u00bb las propuestas y aportaciones que puedan hacer los vecinos de <strong>Atarfe<\/strong>, bien porque vivan en el municipio metropolitano, porque trabajen en \u00e9l o tengan una empresa en su t\u00e9rmino municipal.\u00a0 <strong>Atarfe desarrollar\u00e1 el pr\u00f3ximo d\u00eda 19 una jornada presencial<\/strong> en la que se debatir\u00e1n diferentes ideas, adem\u00e1s de propuestas para definir cu\u00e1les ser\u00e1n las l\u00edneas de trabajo.<\/p>\n<h3 class=\"wp-block-heading\" style=\"text-align: justify;\">Formulario planteado<\/h3>\n<p style=\"text-align: justify;\">En el formulario, consultado por <strong><a href=\"http:\/\/www.ahoragranada.com\">ahoraGranada <\/a><\/strong>y que es an\u00f3nimo, se pide a los participantes que respondan a cuestiones sobre las instalaciones en <strong>Atarfe <\/strong>y que califiquen del 1 al 10 si cuenta con los equipamientos p\u00fablicos suficientes y adecuados para satisfacer las necesidades de sus habitantes.<\/p>\n<p style=\"text-align: justify;\">Tambi\u00e9n se pregunta en la misma l\u00ednea sobre las calles, espacios y equipamientos p\u00fablicos adaptados para que sean accesibles a todas las personas, en especial para mayores o personas con movilidad reducida; o si las viviendas del municipio est\u00e1n adaptadas y son accesibles para todos.<\/p>\n<p style=\"text-align: justify;\">La calidad del abastecimiento del agua potable, el acceso a las tecnolog\u00edas de la informaci\u00f3n, el sistema de recogida de basuras y desechos que facilita el reciclaje, la calidad del transporte p\u00fablico y la conservaci\u00f3n y promoci\u00f3n de elementos que conforman el patrimonio natural y cultural son otros de los aspectos que se eval\u00faan.<\/p>\n<p style=\"text-align: justify;\">Por \u00faltimo tambi\u00e9n se pide que se marquen las cuestiones en las que se crea necesario realizar accione urgentes de mejora para <strong>Atarfe<\/strong>, tales como los accesos, carreteras y aparcamientos vehiculares, accesos y v\u00edas peatonales o la adaptaci\u00f3n y accesibilidad de espacios p\u00fablicos para personas mayores y con discapacidad.<\/p>\n<p style=\"text-align: justify;\">Tambi\u00e9n se cuestiona en esta parte del formulario sobre si hay que realizar acciones en el centro hist\u00f3rico y lugares de inter\u00e9s, comunicaciones y acceso a Internet, equipamientos p\u00fablicos, sistema de transportes, transici\u00f3n ecol\u00f3gica, vivienda digna, adaptada y accesible y zonas verdes y parques y jardines.<\/p>\n<p style=\"text-align: justify;\">Se propone a los vecinos tambi\u00e9n la posibilidad de que puedan a\u00f1adir algo en comentarios a trav\u00e9s del formulario, que puede consultarse a trav\u00e9s de la <a href=\"https:\/\/docs.google.com\/forms\/d\/e\/1FAIpQLSfoZ2eAyl6RwhM3rCz7QncWp9mdChN5p8lW-ewUroUQ9-XsJQ\/viewform?pli=1&amp;pli=1\" target=\"_blank\" rel=\"noreferrer noopener\">web.<\/a><\/p>\n<p><strong><span class=\"section-name\"> <span class=\"autor\"> <a title=\"Entradas de Luis F. Ruiz\" href=\"https:\/\/www.ahoragranada.com\/columnista\/luis-f-ruiz\/\" rel=\"author\">Luis F. Ruiz<\/a> <\/span><\/span><\/strong><\/p>\n<p>https:\/\/www.ahoragranada.com\/noticias\/atarfe-pide-ideas-a-sus-vecinos-para-disenar-los-proyectos-de-la-agenda-urbana-2030\/<\/p>\n","protected":false},"excerpt":{"rendered":"<p>El Ayuntamiento ha creado un formulario para recoger las propuestas de los atarfe\u00f1os en el&#8230;<\/p>\n","protected":false},"author":1,"featured_media":65618,"comment_status":"closed","ping_status":"closed","sticky":false,"template":"","format":"standard","meta":{"_coblocks_attr":"","_coblocks_dimensions":"","_coblocks_responsive_height":"","_coblocks_accordion_ie_support":"","jetpack_post_was_ever_published":false,"_jetpack_newsletter_access":"","_jetpack_dont_email_post_to_subs":false,"_jetpack_newsletter_tier_id":0,"_jetpack_memberships_contains_paywalled_content":false,"_jetpack_memberships_contains_paid_content":false,"footnotes":"","jetpack_publicize_message":"","jetpack_publicize_feature_enabled":true,"jetpack_social_post_already_shared":true,"jetpack_social_options":{"image_generator_settings":{"template":"highway","default_image_id":0,"enabled":false},"version":2}},"categories":[2,6916,44],"tags":[],"class_list":["post-65803","post","type-post","status-publish","format-standard","has-post-thumbnail","hentry","category-atarfe","category-ayuntamiento-de-atarfe","category-noticias-de-hoy"],"jetpack_publicize_connections":[],"jetpack_featured_media_url":"https:\/\/i0.wp.com\/miradordeatarfe.es\/wp-content\/uploads\/2023\/12\/Screenshot-2023-12-09-at-11-26-21-Proceso-de-Participacion-Ciudadana-para-la-elaboracion-de-la-Agenda-Urbana-Atarfe-2023.png?fit=264%2C122&ssl=1","jetpack_likes_enabled":true,"jetpack_sharing_enabled":true,"_links":{"self":[{"href":"https:\/\/miradordeatarfe.es\/index.php?rest_route=\/wp\/v2\/posts\/65803","targetHints":{"allow":["GET"]}}],"collection":[{"href":"https:\/\/miradordeatarfe.es\/index.php?rest_route=\/wp\/v2\/posts"}],"about":[{"href":"https:\/\/miradordeatarfe.es\/index.php?rest_route=\/wp\/v2\/types\/post"}],"author":[{"embeddable":true,"href":"https:\/\/miradordeatarfe.es\/index.php?rest_route=\/wp\/v2\/users\/1"}],"replies":[{"embeddable":true,"href":"https:\/\/miradordeatarfe.es\/index.php?rest_route=%2Fwp%2Fv2%2Fcomments&post=65803"}],"version-history":[{"count":1,"href":"https:\/\/miradordeatarfe.es\/index.php?rest_route=\/wp\/v2\/posts\/65803\/revisions"}],"predecessor-version":[{"id":65804,"href":"https:\/\/miradordeatarfe.es\/index.php?rest_route=\/wp\/v2\/posts\/65803\/revisions\/65804"}],"wp:featuredmedia":[{"embeddable":true,"href":"https:\/\/miradordeatarfe.es\/index.php?rest_route=\/wp\/v2\/media\/65618"}],"wp:attachment":[{"href":"https:\/\/miradordeatarfe.es\/index.php?rest_route=%2Fwp%2Fv2%2Fmedia&parent=65803"}],"wp:term":[{"taxonomy":"category","embeddable":true,"href":"https:\/\/miradordeatarfe.es\/index.php?rest_route=%2Fwp%2Fv2%2Fcategories&post=65803"},{"taxonomy":"post_tag","embeddable":true,"href":"https:\/\/miradordeatarfe.es\/index.php?rest_route=%2Fwp%2Fv2%2Ftags&post=65803"}],"curies":[{"name":"wp","href":"https:\/\/api.w.org\/{rel}","templated":true}]}}