{"id":65805,"date":"2023-12-18T10:30:45","date_gmt":"2023-12-18T09:30:45","guid":{"rendered":"https:\/\/miradordeatarfe.es\/?p=65805"},"modified":"2024-01-31T12:46:38","modified_gmt":"2024-01-31T11:46:38","slug":"hombres-que-se-visten-por-los-pies-por-remedios-sanchez","status":"publish","type":"post","link":"https:\/\/miradordeatarfe.es\/?p=65805","title":{"rendered":"\u00abHOMBRES QUE SE VISTEN POR LOS PIES\u00bb por Remedios S\u00e1nchez"},"content":{"rendered":"<h3 style=\"text-align: justify;\">Los argentinos ten\u00edan en estas elecciones tan s\u00f3lo dos opciones para emitir el voto: susto o muerte.<\/h3>\n<p style=\"text-align: justify;\">Y han preferido muerte, porque la democracia implica tambi\u00e9n esto: que te maten poco a poco las ilusiones o que lo hagan de un golpe certero. Milei, aunque se sienta respuesta al populismo peronista, es mucho m\u00e1s populista y demagogo que todos los dem\u00e1s juntos (v\u00e9ase la campa\u00f1a).<\/p>\n<p style=\"text-align: justify;\">Si alguien pens\u00f3 que con \u00e9l se acababa el enchufismo y la corrupci\u00f3n lo han desmentido los primeros gestos:\u00a0 primero, nombrar a su hermana coordinadora del gobierno; despu\u00e9s, subir impuestos y eliminar subsidios para la inmensidad de pobres; y, naturalmente, tambi\u00e9n ha bajado los impuestos a los ricos y a las grandes empresas a las que les va a entrega cualquier compa\u00f1\u00eda financiada con capital p\u00fablico. Es decir, que es como un Robin Hood arrabalero y tanguista pero a la inversa, un economista de ultraderecha radicalizado a quien, para empezar, le hace falta un corte de pelo que le d\u00e9 &#8211; siquiera- un m\u00ednimo de modernidad que lo aleje de los referentes del totalitarismo de los a\u00f1os 40 y 50.<\/p>\n<p style=\"text-align: justify;\">Lo digo porque el tipo habla con sus perros muertos lo mismo que Franco guardaba la mano incorrupta de Santa Teresa en la mesilla para rogarle cuando ten\u00eda alguna duda metaf\u00edsica (las f\u00edsicas las arreglaba encarcelando o fusilando al personal, tal y como cuentan los libros de Historia).<\/p>\n<p style=\"text-align: justify;\">L\u00e1stima que, en ninguno de los dos casos lo que afirmamos sea una met\u00e1fora: es poner negro sobre blanco lo que sucedi\u00f3 y lo que est\u00e1 sucediendo. Ser\u00e1 por eso que Santiago Abascal, invitado del nuevo mandatario en su d\u00eda de ba\u00f1o triunfal de multitudes, en vez de criticar al nuevo gobierno S\u00e1nchez utilizando un argumentario de persona civilizada en su papel de opositor ideol\u00f3gico, ha arreciado su actitud de hooligan y, para caldear m\u00e1s el ambiente, ha afirmado que el pueblo espa\u00f1ol deber\u00eda colgar a S\u00e1nchez por los pies por el da\u00f1o que le est\u00e1 haciendo a Espa\u00f1a.<\/p>\n<p style=\"text-align: justify;\">Desconozco la sensaci\u00f3n que estas declaraciones le causan al personal, cada vez m\u00e1s acostumbrado al discurso barriobajero de estos se\u00f1ores de aqu\u00ed y de all\u00e1, pero a mi me vino r\u00e1pidamente a la cabeza la imagen de<br \/>\nMussolini y Petacci inertes bocabajo, un dictador y su amante asesinados por las masas. Y me ha empezado a entrar una preocupaci\u00f3n honda ante la tardanza en rectificar de VOX (que habita el borde constitucional cada vez de forma m\u00e1s peligrosa) aunque haya sido para afirmar que era una met\u00e1fora. El problema es que estos se\u00f1ores no saben lo que implica una met\u00e1fora y progresivamente, ampar\u00e1ndose en una ret\u00f3rica que no manejan, malversan el poco<br \/>\nprestigio que le queda ya a la clase pol\u00edtica, donde anta\u00f1o donde se pod\u00eda esta en las ant\u00edpodas ideol\u00f3gicas pero sin perderse el respeto. Y eso vale tambi\u00e9n para D\u00edaz Ayuso o para el Ministro de Transportes Oscar Puente, aunque aqu\u00ed el nivel sea m\u00e1s de vulgarizaci\u00f3n chulesca que de resentimiento ostensible.<\/p>\n<p style=\"text-align: justify;\">Lo de Abascal o Milei entronca m\u00e1s, al menos metaf\u00f3ricamente, con el esp\u00edritu totalitario de los hombres que presum\u00edan de vestirse por los pies y se engominaban hasta el alma durante el periodo del alzamiento militar espa\u00f1ol de 1936 y la posterior dictadura. Esos mismos que condujeron Espa\u00f1a a una guerra fratricida y a cuarenta a\u00f1os de silencio.<\/p>\n","protected":false},"excerpt":{"rendered":"<p>Los argentinos ten\u00edan en estas elecciones tan s\u00f3lo dos opciones para emitir el voto: susto&#8230;<\/p>\n","protected":false},"author":1,"featured_media":65806,"comment_status":"closed","ping_status":"closed","sticky":false,"template":"","format":"standard","meta":{"_coblocks_attr":"","_coblocks_dimensions":"","_coblocks_responsive_height":"","_coblocks_accordion_ie_support":"","jetpack_post_was_ever_published":false,"_jetpack_newsletter_access":"","_jetpack_dont_email_post_to_subs":false,"_jetpack_newsletter_tier_id":0,"_jetpack_memberships_contains_paywalled_content":false,"_jetpack_memberships_contains_paid_content":false,"footnotes":"","jetpack_publicize_message":"","jetpack_publicize_feature_enabled":true,"jetpack_social_post_already_shared":true,"jetpack_social_options":{"image_generator_settings":{"template":"highway","default_image_id":0,"enabled":false},"version":2}},"categories":[1161,44,7671,6914],"tags":[],"class_list":["post-65805","post","type-post","status-publish","format-standard","has-post-thumbnail","hentry","category-ciudadania","category-noticias-de-hoy","category-politica","category-opinion-de-reme-sanchez"],"jetpack_publicize_connections":[],"jetpack_featured_media_url":"https:\/\/i0.wp.com\/miradordeatarfe.es\/wp-content\/uploads\/2023\/12\/fotonoticia_20230814104345_640.jpg?fit=640%2C510&ssl=1","jetpack_likes_enabled":true,"jetpack_sharing_enabled":true,"_links":{"self":[{"href":"https:\/\/miradordeatarfe.es\/index.php?rest_route=\/wp\/v2\/posts\/65805","targetHints":{"allow":["GET"]}}],"collection":[{"href":"https:\/\/miradordeatarfe.es\/index.php?rest_route=\/wp\/v2\/posts"}],"about":[{"href":"https:\/\/miradordeatarfe.es\/index.php?rest_route=\/wp\/v2\/types\/post"}],"author":[{"embeddable":true,"href":"https:\/\/miradordeatarfe.es\/index.php?rest_route=\/wp\/v2\/users\/1"}],"replies":[{"embeddable":true,"href":"https:\/\/miradordeatarfe.es\/index.php?rest_route=%2Fwp%2Fv2%2Fcomments&post=65805"}],"version-history":[{"count":1,"href":"https:\/\/miradordeatarfe.es\/index.php?rest_route=\/wp\/v2\/posts\/65805\/revisions"}],"predecessor-version":[{"id":65807,"href":"https:\/\/miradordeatarfe.es\/index.php?rest_route=\/wp\/v2\/posts\/65805\/revisions\/65807"}],"wp:featuredmedia":[{"embeddable":true,"href":"https:\/\/miradordeatarfe.es\/index.php?rest_route=\/wp\/v2\/media\/65806"}],"wp:attachment":[{"href":"https:\/\/miradordeatarfe.es\/index.php?rest_route=%2Fwp%2Fv2%2Fmedia&parent=65805"}],"wp:term":[{"taxonomy":"category","embeddable":true,"href":"https:\/\/miradordeatarfe.es\/index.php?rest_route=%2Fwp%2Fv2%2Fcategories&post=65805"},{"taxonomy":"post_tag","embeddable":true,"href":"https:\/\/miradordeatarfe.es\/index.php?rest_route=%2Fwp%2Fv2%2Ftags&post=65805"}],"curies":[{"name":"wp","href":"https:\/\/api.w.org\/{rel}","templated":true}]}}