{"id":65811,"date":"2023-12-20T11:29:23","date_gmt":"2023-12-20T10:29:23","guid":{"rendered":"https:\/\/miradordeatarfe.es\/?p=65811"},"modified":"2024-01-31T12:48:31","modified_gmt":"2024-01-31T11:48:31","slug":"origen-de-medina-elvira-por-jose-enrique-granados","status":"publish","type":"post","link":"https:\/\/miradordeatarfe.es\/?p=65811","title":{"rendered":"\u00abORIGEN DE MEDINA ELVIRA\u00bb por Jos\u00e9 Enrique Granados"},"content":{"rendered":"<div class=\"\" dir=\"auto\">\n<div id=\":r225:\" class=\"x1iorvi4 x1pi30zi x1l90r2v x1swvt13\" data-ad-comet-preview=\"message\" data-ad-preview=\"message\">\n<div class=\"x78zum5 xdt5ytf xz62fqu x16ldp7u\">\n<div class=\"xu06os2 x1ok221b\">\n<div class=\"xdj266r x11i5rnm xat24cr x1mh8g0r x1vvkbs x126k92a\">\n<h3 dir=\"auto\" style=\"text-align: justify;\">Aunque los or\u00edgenes de Medina Elvira son poco claros y, a veces, incluso parecen contradictorios, debemos suponer que la ciudad fue fundada por Abderram\u00e1n I fundador a su vez del emirato omeya independiente, poco despu\u00e9s de su llegada a la Pen\u00ednsula Ib\u00e9rica.<\/h3>\n<div dir=\"auto\" style=\"text-align: justify;\">Para enmarcar el periodo podemos fijar una serie de hitos cronol\u00f3gicos que nos ayudar\u00e1n a entender la presencia musulmana en la pen\u00ednsula, al menos en el periodo que transcurre entre su llegada y el a\u00f1o 1013, fecha en la que Medina Elvira fue abandonada por sus habitantes traslad\u00e1ndose la \u201ccorte\u201d a la vecina Granada.<\/div>\n<div dir=\"auto\" style=\"text-align: justify;\">\u00a0<\/div>\n<div dir=\"auto\" style=\"text-align: justify;\">Entre los a\u00f1os 711 y 755 se estableci\u00f3 un emirato dependiente de Damasco gobernado por un emir de la familia Omeya. Sin embargo, en el a\u00f1o 750 se produjo un cambio din\u00e1stico y los Omeyas son sustituidos por los Abas\u00edes, aunque la pen\u00ednsula seguir\u00e1 estando gobernada por los Omeyas que se independizan del poder. A la pen\u00ednsula huyendo de la \u201cquema\u201d lleg\u00f3 en el 756, Abderram\u00e1n I, se proclam\u00f3 emir y reorganiz\u00f3 Al-\u00c1ndalus como emirato independiente del nuevo califa de Bagdad, creando un ej\u00e9rcito y una administraci\u00f3n centralizada en C\u00f3rdoba.<\/div>\n<div dir=\"auto\" style=\"text-align: justify;\">\u00a0<\/div>\n<div dir=\"auto\" style=\"text-align: justify;\">Las diferencias entre los estamentos sociales, las clases dirigentes eran nobles \u00e1rabes y sirios, mientras que el ej\u00e9rcito y clases bajas eran bereberes norteafricanos provoc\u00f3 una fuerte inestabilidad pol\u00edtica interna con enfrentamientos constantes entre estas etnias. Entre el 912 y el 1031, la dominaci\u00f3n musulmana alcanz\u00f3 con el Califato su etapa m\u00e1s brillante.<\/div>\n<div dir=\"auto\" style=\"text-align: justify;\">\u00a0<\/div>\n<div dir=\"auto\" style=\"text-align: justify;\">Abderram\u00e1n III acab\u00f3 con las luchas internas y dirigi\u00f3 expediciones victoriosas contra los reinos cristianos del norte. Organiz\u00f3 el estado con una fuerte centralizaci\u00f3n y dio nuevos impulsos a la econom\u00eda y a la cultura. En el a\u00f1o 929 se autoproclama califa rompiendo la \u00faltima relaci\u00f3n que un\u00eda Al-\u00c1ndalus con Bagdad.<\/div>\n<div dir=\"auto\" style=\"text-align: justify;\">\u00a0<\/div>\n<\/div>\n<div class=\"x11i5rnm xat24cr x1mh8g0r x1vvkbs xtlvy1s x126k92a\" style=\"text-align: justify;\">\n<div dir=\"auto\">Durante el resto del siglo X, Al-\u00c1ndalus se convirti\u00f3 en un poderoso estado. La sociedad era compleja \u2013 \u00e1rabes, musulmanes no \u00e1rabes, jud\u00edos, cristianos y conversos- y siempre enfrentada por motivos religiosos y pol\u00edticos. Incluso la propia sociedad musulmana se enfrentaba entre s\u00ed. Abderram\u00e1n logr\u00f3 la unidad por medio de una pol\u00edtica de terror y fuerza.<\/div>\n<div dir=\"auto\">\u00a0<\/div>\n<\/div>\n<div class=\"x11i5rnm xat24cr x1mh8g0r x1vvkbs xtlvy1s x126k92a\" style=\"text-align: justify;\">\n<div dir=\"auto\">El esplendor del Califato lleg\u00f3 hasta el \u00faltimo gran jefe militar, Almanzor visir del califa Hixam II, que acumul\u00f3 todo el poder pol\u00edtico en sus manos. Dirigi\u00f3 numerosas expediciones militares, contra los impotentes reinos cristianos del norte. Despu\u00e9s de \u00e9l comenz\u00f3 la crisis pol\u00edtica del reino. Dej\u00f3 al estado arruinado por su pol\u00edtica guerrera y el aumento de los gastos para pagar al ej\u00e9rcito (mercenarios), la presi\u00f3n fiscal, los disturbios sociales y la indisciplina del ej\u00e9rcito ocasionaron el fin del califato en apenas treinta a\u00f1os.<\/div>\n<div dir=\"auto\">\u00a0<\/div>\n<div dir=\"auto\">Los enfrentamientos en la corte cordobesa fueron aprovechados por los nobles musulmanes de las provincias para convertirlas en reinos independientes, en peque\u00f1os reinos, <strong>los llamados reinos de taifas.<\/strong><\/div>\n<\/div>\n<div class=\"x11i5rnm xat24cr x1mh8g0r x1vvkbs xtlvy1s x126k92a\" style=\"text-align: justify;\">\n<div dir=\"auto\">\u00a0<\/div>\n<div dir=\"auto\">En la fotograf\u00eda, muralla de Medina Elvira tras la excavaci\u00f3n efectuada en 2004 en el marco del proyecto titulado \u201cProspecci\u00f3n arqueol\u00f3gica en el conjunto de Madinat Ilbira (Atarfe, provincia de Granada)\u201d dirigida por el profesor Malpica.<\/div>\n<div dir=\"auto\">\u00a0<\/div>\n<\/div>\n<div class=\"x11i5rnm xat24cr x1mh8g0r x1vvkbs xtlvy1s x126k92a\" style=\"text-align: justify;\">\n<div dir=\"auto\">Gacetilla y curiosidades elvirenses.<\/div>\n<\/div>\n<\/div>\n<\/div>\n<\/div>\n<\/div>\n<div id=\":r226:\" class=\"x1n2onr6\" style=\"text-align: justify;\">\n<div class=\"x1n2onr6\">\u00a0<\/div>\n<\/div>\n<div class=\"x3nfvp2 x1n2onr6 xxymvpz xh8yej3\">\n<div class=\"xdl72j9 x1iyjqo2 xs83m0k xeuugli xh8yej3\">\n<div class=\"x1iorvi4\">\n<div class=\"x1tlxs6b x1g8br2z x1gn5b1j x230xth x1rg5ohu x12nagc x193iq5w x6ikm8r x10wlt62 x1n2onr6 xxymvpz\">\n<div class=\"x1ey2m1c xds687c x10l6tqk x17qophe x13vifvy\">\u00a0<\/div>\n<\/div>\n<\/div>\n<\/div>\n<\/div>\n","protected":false},"excerpt":{"rendered":"<p>Aunque los or\u00edgenes de Medina Elvira son poco claros y, a veces, incluso parecen contradictorios,&#8230;<\/p>\n","protected":false},"author":1,"featured_media":66526,"comment_status":"closed","ping_status":"closed","sticky":false,"template":"","format":"standard","meta":{"_coblocks_attr":"","_coblocks_dimensions":"","_coblocks_responsive_height":"","_coblocks_accordion_ie_support":"","jetpack_post_was_ever_published":false,"_jetpack_newsletter_access":"","_jetpack_dont_email_post_to_subs":false,"_jetpack_newsletter_tier_id":0,"_jetpack_memberships_contains_paywalled_content":false,"_jetpack_memberships_contains_paid_content":false,"footnotes":"","jetpack_publicize_message":"","jetpack_publicize_feature_enabled":true,"jetpack_social_post_already_shared":true,"jetpack_social_options":{"image_generator_settings":{"template":"highway","default_image_id":0,"enabled":false},"version":2}},"categories":[1225,38,5359,10431,44],"tags":[],"class_list":["post-65811","post","type-post","status-publish","format-standard","has-post-thumbnail","hentry","category-ha-de-atarfe","category-opinion-de-jose-enrique-granados","category-madinat-ilbira","category-medina-elvira-2","category-noticias-de-hoy"],"jetpack_publicize_connections":[],"jetpack_featured_media_url":"https:\/\/i0.wp.com\/miradordeatarfe.es\/wp-content\/uploads\/2023\/12\/396710211_806730851460399_1096193897662381883_n-1.jpg?fit=526%2C789&ssl=1","jetpack_likes_enabled":true,"jetpack_sharing_enabled":true,"_links":{"self":[{"href":"https:\/\/miradordeatarfe.es\/index.php?rest_route=\/wp\/v2\/posts\/65811","targetHints":{"allow":["GET"]}}],"collection":[{"href":"https:\/\/miradordeatarfe.es\/index.php?rest_route=\/wp\/v2\/posts"}],"about":[{"href":"https:\/\/miradordeatarfe.es\/index.php?rest_route=\/wp\/v2\/types\/post"}],"author":[{"embeddable":true,"href":"https:\/\/miradordeatarfe.es\/index.php?rest_route=\/wp\/v2\/users\/1"}],"replies":[{"embeddable":true,"href":"https:\/\/miradordeatarfe.es\/index.php?rest_route=%2Fwp%2Fv2%2Fcomments&post=65811"}],"version-history":[{"count":4,"href":"https:\/\/miradordeatarfe.es\/index.php?rest_route=\/wp\/v2\/posts\/65811\/revisions"}],"predecessor-version":[{"id":66524,"href":"https:\/\/miradordeatarfe.es\/index.php?rest_route=\/wp\/v2\/posts\/65811\/revisions\/66524"}],"wp:featuredmedia":[{"embeddable":true,"href":"https:\/\/miradordeatarfe.es\/index.php?rest_route=\/wp\/v2\/media\/66526"}],"wp:attachment":[{"href":"https:\/\/miradordeatarfe.es\/index.php?rest_route=%2Fwp%2Fv2%2Fmedia&parent=65811"}],"wp:term":[{"taxonomy":"category","embeddable":true,"href":"https:\/\/miradordeatarfe.es\/index.php?rest_route=%2Fwp%2Fv2%2Fcategories&post=65811"},{"taxonomy":"post_tag","embeddable":true,"href":"https:\/\/miradordeatarfe.es\/index.php?rest_route=%2Fwp%2Fv2%2Ftags&post=65811"}],"curies":[{"name":"wp","href":"https:\/\/api.w.org\/{rel}","templated":true}]}}