{"id":65815,"date":"2023-12-20T11:00:46","date_gmt":"2023-12-20T10:00:46","guid":{"rendered":"https:\/\/miradordeatarfe.es\/?p=65815"},"modified":"2023-12-18T19:46:19","modified_gmt":"2023-12-18T18:46:19","slug":"atarfe-navidad-con-muchas-actividades","status":"publish","type":"post","link":"https:\/\/miradordeatarfe.es\/?p=65815","title":{"rendered":"ATARFE: NAVIDAD CON MUCHAS ACTIVIDADES"},"content":{"rendered":"<div class=\"xdj266r x11i5rnm xat24cr x1mh8g0r x1vvkbs x126k92a\">\n<h2 dir=\"auto\">Este a\u00f1o, la Navidad en Atarfe viene cargada de magia y diversi\u00f3n!<\/h2>\n<h2>PATINAJE SOBRE HIELO<\/h2>\n<div dir=\"auto\">No te pierdas nuestra incre\u00edble pista de patinaje sobre hielo y todas las atracciones que hemos preparado para vivir momentos inolvidables.<\/div>\n<\/div>\n<div class=\"x11i5rnm xat24cr x1mh8g0r x1vvkbs xtlvy1s x126k92a\">\n<div dir=\"auto\">Esta Navidad\u00a0 ven a Atarfe a disfrutar, a patinar y a vivir la magia de la Navidad<\/div>\n<div dir=\"auto\">\u00a0<\/div>\n<\/div>\n<p><div class=\"jetpack-video-wrapper\"><iframe loading=\"lazy\" title=\"\u2744\ufe0f\u2744\ufe0f\u2744\ufe0f \u00a1Este a\u00f1o, la Navidad en Atarfe viene cargada de magia y diversi\u00f3n!\" width=\"640\" height=\"360\" src=\"https:\/\/www.youtube.com\/embed\/qSXLgAJr_TQ?feature=oembed\" frameborder=\"0\" allow=\"accelerometer; autoplay; clipboard-write; encrypted-media; gyroscope; picture-in-picture; web-share\" referrerpolicy=\"strict-origin-when-cross-origin\" allowfullscreen><\/iframe><\/div>\n<\/p>\n<p>&nbsp;<\/p>\n<h2>EVENTO DE CONVIVENCIA ENTRE LOS MAYORES CON UNA ZAMBOBA FLAMENCA<\/h2>\n<p><span class=\"x193iq5w xeuugli x13faqbe x1vvkbs x1xmvt09 x1lliihq x1s928wv xhkezso x1gmr53x x1cpjm7i x1fgarty x1943h6x xudqn12 x3x7a5m x6prxxf xvq8zen xo1l8bm xzsf02u x1yc453h\" dir=\"auto\">Un evento de convivencia lleno de amistad que marc\u00f3 el inicio de la Navidad. Compartir risas, m\u00fasica y buenos momentos con nuestros mayores nos hace felices. \u00a1Gracias a todos por hacerlo posible y por llenar de alegr\u00eda estas fechas tan especiales!<\/span><\/p>\n<p><div class=\"jetpack-video-wrapper\"><iframe loading=\"lazy\" title=\"\ud83c\udf84\u2744\ufe0f\ud83c\udf81 Zambomba Flamenca Navidad 2023\" width=\"640\" height=\"360\" src=\"https:\/\/www.youtube.com\/embed\/FkFeKJ-tWhA?feature=oembed\" frameborder=\"0\" allow=\"accelerometer; autoplay; clipboard-write; encrypted-media; gyroscope; picture-in-picture; web-share\" referrerpolicy=\"strict-origin-when-cross-origin\" allowfullscreen><\/iframe><\/div>\n<\/p>\n<p>&nbsp;<\/p>\n<h2>XXIV CONCURSO DE VILLANCICOS<\/h2>\n<p><span class=\"x193iq5w xeuugli x13faqbe x1vvkbs x1xmvt09 x1lliihq x1s928wv xhkezso x1gmr53x x1cpjm7i x1fgarty x1943h6x xudqn12 x3x7a5m x6prxxf xvq8zen xo1l8bm xzsf02u\" dir=\"auto\">Celebremos juntos la magia de la Navidad!\u00a0<strong> El pr\u00f3ximo 21 de diciembre, a las 19:00, te invitamos al XXIV Certamen de Villancicos en el Centro Cultural Medina Elvira<\/strong>. \u00a1La entrada es libre! <span class=\"x3nfvp2 x1j61x8r x1fcty0u xdj266r xhhsvwb xat24cr xgzva0m xxymvpz xlup9mm x1kky2od\"><img loading=\"lazy\" decoding=\"async\" class=\"xz74otr\" src=\"https:\/\/static.xx.fbcdn.net\/images\/emoji.php\/v9\/te0\/1\/16\/1f31f.png\" alt=\"\" width=\"16\" height=\"16\" \/><\/span><span class=\"x3nfvp2 x1j61x8r x1fcty0u xdj266r xhhsvwb xat24cr xgzva0m xxymvpz xlup9mm x1kky2od\"><img loading=\"lazy\" decoding=\"async\" class=\"xz74otr\" src=\"https:\/\/static.xx.fbcdn.net\/images\/emoji.php\/v9\/t7e\/1\/16\/1f3a4.png\" alt=\"\" width=\"16\" height=\"16\" \/><\/span> \u00a1Ven y sum\u00e9rgete en el esp\u00edritu navide\u00f1o con la armon\u00eda de los villancicos!<\/span><\/p>\n<p><a href=\"https:\/\/i0.wp.com\/miradordeatarfe.es\/wp-content\/uploads\/2023\/12\/407839352_727296096114575_2431697409828766146_n.jpg?ssl=1\"><img data-recalc-dims=\"1\" loading=\"lazy\" decoding=\"async\" class=\"alignnone wp-image-65816 size-full\" src=\"https:\/\/i0.wp.com\/miradordeatarfe.es\/wp-content\/uploads\/2023\/12\/407839352_727296096114575_2431697409828766146_n.jpg?resize=640%2C640&#038;ssl=1\" alt=\"\" width=\"640\" height=\"640\" srcset=\"https:\/\/i0.wp.com\/miradordeatarfe.es\/wp-content\/uploads\/2023\/12\/407839352_727296096114575_2431697409828766146_n.jpg?w=1080&amp;ssl=1 1080w, https:\/\/i0.wp.com\/miradordeatarfe.es\/wp-content\/uploads\/2023\/12\/407839352_727296096114575_2431697409828766146_n.jpg?resize=300%2C300&amp;ssl=1 300w, https:\/\/i0.wp.com\/miradordeatarfe.es\/wp-content\/uploads\/2023\/12\/407839352_727296096114575_2431697409828766146_n.jpg?resize=1024%2C1024&amp;ssl=1 1024w, https:\/\/i0.wp.com\/miradordeatarfe.es\/wp-content\/uploads\/2023\/12\/407839352_727296096114575_2431697409828766146_n.jpg?resize=150%2C150&amp;ssl=1 150w, https:\/\/i0.wp.com\/miradordeatarfe.es\/wp-content\/uploads\/2023\/12\/407839352_727296096114575_2431697409828766146_n.jpg?resize=768%2C768&amp;ssl=1 768w\" sizes=\"auto, (max-width: 640px) 100vw, 640px\" \/><\/a><\/p>\n<h2>OTRAS ACTIVIDADES<\/h2>\n<p><strong>Atarfe\u00a0 DESDE EL LUNES 18 DE| 16.30 a 20.00 h. (hasta el d\u00eda 22)- <\/strong>Recogida de Cartas de Pap\u00e1 Noel. Centro Cultural Medina Elvira.<\/p>\n<p><a href=\"https:\/\/i0.wp.com\/miradordeatarfe.es\/wp-content\/uploads\/2023\/12\/montaje-333.jpg?ssl=1\"><img data-recalc-dims=\"1\" loading=\"lazy\" decoding=\"async\" class=\"alignnone wp-image-65817 size-full\" src=\"https:\/\/i0.wp.com\/miradordeatarfe.es\/wp-content\/uploads\/2023\/12\/montaje-333.jpg?resize=600%2C400&#038;ssl=1\" alt=\"\" width=\"600\" height=\"400\" srcset=\"https:\/\/i0.wp.com\/miradordeatarfe.es\/wp-content\/uploads\/2023\/12\/montaje-333.jpg?w=600&amp;ssl=1 600w, https:\/\/i0.wp.com\/miradordeatarfe.es\/wp-content\/uploads\/2023\/12\/montaje-333.jpg?resize=300%2C200&amp;ssl=1 300w\" sizes=\"auto, (max-width: 600px) 100vw, 600px\" \/><\/a><\/p>\n<h3>Mi\u00e9rcoles 20\u00a0 <strong>Atarfe | 19.00 h.- <\/strong>La F\u00e1brica de Chocolate, de la Escuela de Danza Ciudad de Atarfe. Centro Cultural Medina Elvira.<\/h3>\n<p><a href=\"https:\/\/i0.wp.com\/miradordeatarfe.es\/wp-content\/uploads\/2023\/12\/3-53256x1-cptk4.jpg?ssl=1\"><img data-recalc-dims=\"1\" loading=\"lazy\" decoding=\"async\" class=\"alignnone wp-image-65818 size-full\" src=\"https:\/\/i0.wp.com\/miradordeatarfe.es\/wp-content\/uploads\/2023\/12\/3-53256x1-cptk4.jpg?resize=640%2C905&#038;ssl=1\" alt=\"\" width=\"640\" height=\"905\" srcset=\"https:\/\/i0.wp.com\/miradordeatarfe.es\/wp-content\/uploads\/2023\/12\/3-53256x1-cptk4.jpg?w=750&amp;ssl=1 750w, https:\/\/i0.wp.com\/miradordeatarfe.es\/wp-content\/uploads\/2023\/12\/3-53256x1-cptk4.jpg?resize=212%2C300&amp;ssl=1 212w, https:\/\/i0.wp.com\/miradordeatarfe.es\/wp-content\/uploads\/2023\/12\/3-53256x1-cptk4.jpg?resize=724%2C1024&amp;ssl=1 724w\" sizes=\"auto, (max-width: 640px) 100vw, 640px\" \/><\/a><\/p>\n<h3>Jueves 21\u00a0 <strong>Atarfe | 18.00 h.- <\/strong>Pap\u00e1 Noel, Misi\u00f3n Salvar la Navidad. El Musical. Centro Cultural Medina Elvira.<\/h3>\n<p><a href=\"https:\/\/i0.wp.com\/miradordeatarfe.es\/wp-content\/uploads\/2023\/12\/Sin-titulo-1.jpeg?ssl=1\"><img data-recalc-dims=\"1\" loading=\"lazy\" decoding=\"async\" class=\"alignnone wp-image-65819 \" src=\"https:\/\/i0.wp.com\/miradordeatarfe.es\/wp-content\/uploads\/2023\/12\/Sin-titulo-1.jpeg?resize=516%2C190&#038;ssl=1\" alt=\"\" width=\"516\" height=\"190\" srcset=\"https:\/\/i0.wp.com\/miradordeatarfe.es\/wp-content\/uploads\/2023\/12\/Sin-titulo-1.jpeg?w=369&amp;ssl=1 369w, https:\/\/i0.wp.com\/miradordeatarfe.es\/wp-content\/uploads\/2023\/12\/Sin-titulo-1.jpeg?resize=300%2C111&amp;ssl=1 300w\" sizes=\"auto, (max-width: 516px) 100vw, 516px\" \/><\/a><\/p>\n<div class=\"l-subtitle-entity\">\n<h3>Viernes 22<strong>18.00 h.- <\/strong>Cabalgata de Pap\u00e1 y Mam\u00e1 Noel. Salida desde el Centro C\u00edvico.<\/h3>\n<p><a href=\"https:\/\/i0.wp.com\/miradordeatarfe.es\/wp-content\/uploads\/2023\/12\/20211129-mama-noel-2-kJUE-U160202303433I6C-1968x1216%40Ideal.webp?ssl=1\"><img data-recalc-dims=\"1\" loading=\"lazy\" decoding=\"async\" class=\"alignnone  wp-image-65825\" src=\"https:\/\/i0.wp.com\/miradordeatarfe.es\/wp-content\/uploads\/2023\/12\/20211129-mama-noel-2-kJUE-U160202303433I6C-1968x1216%40Ideal.webp?resize=495%2C305&#038;ssl=1\" alt=\"\" width=\"495\" height=\"305\" srcset=\"https:\/\/i0.wp.com\/miradordeatarfe.es\/wp-content\/uploads\/2023\/12\/20211129-mama-noel-2-kJUE-U160202303433I6C-1968x1216%40Ideal.webp?resize=300%2C185&amp;ssl=1 300w, https:\/\/i0.wp.com\/miradordeatarfe.es\/wp-content\/uploads\/2023\/12\/20211129-mama-noel-2-kJUE-U160202303433I6C-1968x1216%40Ideal.webp?resize=1024%2C633&amp;ssl=1 1024w, https:\/\/i0.wp.com\/miradordeatarfe.es\/wp-content\/uploads\/2023\/12\/20211129-mama-noel-2-kJUE-U160202303433I6C-1968x1216%40Ideal.webp?resize=768%2C475&amp;ssl=1 768w, https:\/\/i0.wp.com\/miradordeatarfe.es\/wp-content\/uploads\/2023\/12\/20211129-mama-noel-2-kJUE-U160202303433I6C-1968x1216%40Ideal.webp?resize=1536%2C949&amp;ssl=1 1536w, https:\/\/i0.wp.com\/miradordeatarfe.es\/wp-content\/uploads\/2023\/12\/20211129-mama-noel-2-kJUE-U160202303433I6C-1968x1216%40Ideal.webp?resize=1320%2C816&amp;ssl=1 1320w, https:\/\/i0.wp.com\/miradordeatarfe.es\/wp-content\/uploads\/2023\/12\/20211129-mama-noel-2-kJUE-U160202303433I6C-1968x1216%40Ideal.webp?w=1968&amp;ssl=1 1968w\" sizes=\"auto, (max-width: 495px) 100vw, 495px\" \/><\/a><\/p>\n<h3>Jueves 28\u00a0 <strong>Atarfe | 16.30 a 20.00 h. (d\u00eda 29 y del 2 al 4 de enero)- <\/strong>Recogida de cartas de los Reyes Magos. Centro Cultural Medina Elvira.<\/h3>\n<p><a href=\"https:\/\/i0.wp.com\/miradordeatarfe.es\/wp-content\/uploads\/2023\/12\/Sin-titulo-2.jpeg?ssl=1\"><img data-recalc-dims=\"1\" loading=\"lazy\" decoding=\"async\" class=\"alignnone wp-image-65820 \" src=\"https:\/\/i0.wp.com\/miradordeatarfe.es\/wp-content\/uploads\/2023\/12\/Sin-titulo-2.jpeg?resize=431%2C287&#038;ssl=1\" alt=\"\" width=\"431\" height=\"287\" \/><\/a><\/p>\n<h3>Viernes 29\u00a0 <strong>Atarfe | 20.00 h.- <\/strong>Cuento de Navidad. Pinos Puente Teatro y Coral Nuestra Se\u00f1ora d ela Consolaci\u00f3n. Centro Cultural Medina Elvira.<\/h3>\n<p><a href=\"https:\/\/i0.wp.com\/miradordeatarfe.es\/wp-content\/uploads\/2023\/12\/3-52824x1-3q6zy.jpg?ssl=1\"><img data-recalc-dims=\"1\" loading=\"lazy\" decoding=\"async\" class=\"alignnone wp-image-65821 size-full\" src=\"https:\/\/i0.wp.com\/miradordeatarfe.es\/wp-content\/uploads\/2023\/12\/3-52824x1-3q6zy.jpg?resize=640%2C896&#038;ssl=1\" alt=\"\" width=\"640\" height=\"896\" srcset=\"https:\/\/i0.wp.com\/miradordeatarfe.es\/wp-content\/uploads\/2023\/12\/3-52824x1-3q6zy.jpg?w=1143&amp;ssl=1 1143w, https:\/\/i0.wp.com\/miradordeatarfe.es\/wp-content\/uploads\/2023\/12\/3-52824x1-3q6zy.jpg?resize=214%2C300&amp;ssl=1 214w, https:\/\/i0.wp.com\/miradordeatarfe.es\/wp-content\/uploads\/2023\/12\/3-52824x1-3q6zy.jpg?resize=732%2C1024&amp;ssl=1 732w, https:\/\/i0.wp.com\/miradordeatarfe.es\/wp-content\/uploads\/2023\/12\/3-52824x1-3q6zy.jpg?resize=768%2C1075&amp;ssl=1 768w, https:\/\/i0.wp.com\/miradordeatarfe.es\/wp-content\/uploads\/2023\/12\/3-52824x1-3q6zy.jpg?resize=1097%2C1536&amp;ssl=1 1097w, https:\/\/i0.wp.com\/miradordeatarfe.es\/wp-content\/uploads\/2023\/12\/3-52824x1-3q6zy.jpg?resize=1024%2C1433&amp;ssl=1 1024w\" sizes=\"auto, (max-width: 640px) 100vw, 640px\" \/><\/a><\/p>\n<h3>S\u00e1bado 30 <strong>Atarfe | 16.00 h.- <\/strong>I San Silvestre Atarfe 2023.<\/h3>\n<p><a href=\"https:\/\/i0.wp.com\/miradordeatarfe.es\/wp-content\/uploads\/2023\/12\/Cartel_I_San_Silvestre_2023-1_page-0001_g3LOEzP.jpg?ssl=1\"><img data-recalc-dims=\"1\" loading=\"lazy\" decoding=\"async\" class=\"alignnone wp-image-65822 size-full\" src=\"https:\/\/i0.wp.com\/miradordeatarfe.es\/wp-content\/uploads\/2023\/12\/Cartel_I_San_Silvestre_2023-1_page-0001_g3LOEzP.jpg?resize=640%2C904&#038;ssl=1\" alt=\"\" width=\"640\" height=\"904\" srcset=\"https:\/\/i0.wp.com\/miradordeatarfe.es\/wp-content\/uploads\/2023\/12\/Cartel_I_San_Silvestre_2023-1_page-0001_g3LOEzP.jpg?w=1755&amp;ssl=1 1755w, https:\/\/i0.wp.com\/miradordeatarfe.es\/wp-content\/uploads\/2023\/12\/Cartel_I_San_Silvestre_2023-1_page-0001_g3LOEzP.jpg?resize=212%2C300&amp;ssl=1 212w, https:\/\/i0.wp.com\/miradordeatarfe.es\/wp-content\/uploads\/2023\/12\/Cartel_I_San_Silvestre_2023-1_page-0001_g3LOEzP.jpg?resize=725%2C1024&amp;ssl=1 725w, https:\/\/i0.wp.com\/miradordeatarfe.es\/wp-content\/uploads\/2023\/12\/Cartel_I_San_Silvestre_2023-1_page-0001_g3LOEzP.jpg?resize=768%2C1085&amp;ssl=1 768w, https:\/\/i0.wp.com\/miradordeatarfe.es\/wp-content\/uploads\/2023\/12\/Cartel_I_San_Silvestre_2023-1_page-0001_g3LOEzP.jpg?resize=1087%2C1536&amp;ssl=1 1087w, https:\/\/i0.wp.com\/miradordeatarfe.es\/wp-content\/uploads\/2023\/12\/Cartel_I_San_Silvestre_2023-1_page-0001_g3LOEzP.jpg?resize=1449%2C2048&amp;ssl=1 1449w, https:\/\/i0.wp.com\/miradordeatarfe.es\/wp-content\/uploads\/2023\/12\/Cartel_I_San_Silvestre_2023-1_page-0001_g3LOEzP.jpg?resize=1024%2C1447&amp;ssl=1 1024w, https:\/\/i0.wp.com\/miradordeatarfe.es\/wp-content\/uploads\/2023\/12\/Cartel_I_San_Silvestre_2023-1_page-0001_g3LOEzP.jpg?resize=1320%2C1865&amp;ssl=1 1320w\" sizes=\"auto, (max-width: 640px) 100vw, 640px\" \/><\/a><\/p>\n<h3>Martes 2\u00a0 <strong>Atarfe | 20.00 h.- <\/strong>Concierto de A\u00f1o Nuevo. Banda Sinf\u00f3nica Municipal de M\u00fasica Ciudad de Atarfe. Centro Cultural Medina Elvira.<\/h3>\n<p><a href=\"https:\/\/i0.wp.com\/miradordeatarfe.es\/wp-content\/uploads\/2023\/12\/3-53382x1-qull3.jpg?ssl=1\"><img data-recalc-dims=\"1\" loading=\"lazy\" decoding=\"async\" class=\"alignnone wp-image-65823 size-full\" src=\"https:\/\/i0.wp.com\/miradordeatarfe.es\/wp-content\/uploads\/2023\/12\/3-53382x1-qull3.jpg?resize=640%2C905&#038;ssl=1\" alt=\"\" width=\"640\" height=\"905\" srcset=\"https:\/\/i0.wp.com\/miradordeatarfe.es\/wp-content\/uploads\/2023\/12\/3-53382x1-qull3.jpg?w=1754&amp;ssl=1 1754w, https:\/\/i0.wp.com\/miradordeatarfe.es\/wp-content\/uploads\/2023\/12\/3-53382x1-qull3.jpg?resize=212%2C300&amp;ssl=1 212w, https:\/\/i0.wp.com\/miradordeatarfe.es\/wp-content\/uploads\/2023\/12\/3-53382x1-qull3.jpg?resize=724%2C1024&amp;ssl=1 724w, https:\/\/i0.wp.com\/miradordeatarfe.es\/wp-content\/uploads\/2023\/12\/3-53382x1-qull3.jpg?resize=768%2C1086&amp;ssl=1 768w, https:\/\/i0.wp.com\/miradordeatarfe.es\/wp-content\/uploads\/2023\/12\/3-53382x1-qull3.jpg?resize=1086%2C1536&amp;ssl=1 1086w, https:\/\/i0.wp.com\/miradordeatarfe.es\/wp-content\/uploads\/2023\/12\/3-53382x1-qull3.jpg?resize=1448%2C2048&amp;ssl=1 1448w, https:\/\/i0.wp.com\/miradordeatarfe.es\/wp-content\/uploads\/2023\/12\/3-53382x1-qull3.jpg?resize=1024%2C1448&amp;ssl=1 1024w, https:\/\/i0.wp.com\/miradordeatarfe.es\/wp-content\/uploads\/2023\/12\/3-53382x1-qull3.jpg?resize=1320%2C1867&amp;ssl=1 1320w\" sizes=\"auto, (max-width: 640px) 100vw, 640px\" \/><\/a><\/p>\n<h3>Viernes 5 <strong>Atarfe | 17.00 h.- <\/strong>Cabalgata de Reyes. Salida desde el Coliseo Ciudad de Atarfe.<\/h3>\n<p><a href=\"https:\/\/i0.wp.com\/miradordeatarfe.es\/wp-content\/uploads\/2023\/12\/cartel-1-9.jpg?ssl=1\"><img data-recalc-dims=\"1\" loading=\"lazy\" decoding=\"async\" class=\"alignnone wp-image-65824 size-full\" src=\"https:\/\/i0.wp.com\/miradordeatarfe.es\/wp-content\/uploads\/2023\/12\/cartel-1-9.jpg?resize=600%2C849&#038;ssl=1\" alt=\"\" width=\"600\" height=\"849\" srcset=\"https:\/\/i0.wp.com\/miradordeatarfe.es\/wp-content\/uploads\/2023\/12\/cartel-1-9.jpg?w=600&amp;ssl=1 600w, https:\/\/i0.wp.com\/miradordeatarfe.es\/wp-content\/uploads\/2023\/12\/cartel-1-9.jpg?resize=212%2C300&amp;ssl=1 212w\" sizes=\"auto, (max-width: 600px) 100vw, 600px\" \/><\/a><\/p>\n<\/div>\n","protected":false},"excerpt":{"rendered":"<p>Este a\u00f1o, la Navidad en Atarfe viene cargada de magia y diversi\u00f3n! PATINAJE SOBRE HIELO&#8230;<\/p>\n","protected":false},"author":1,"featured_media":0,"comment_status":"closed","ping_status":"closed","sticky":false,"template":"","format":"standard","meta":{"_coblocks_attr":"","_coblocks_dimensions":"","_coblocks_responsive_height":"","_coblocks_accordion_ie_support":"","jetpack_post_was_ever_published":false,"_jetpack_newsletter_access":"","_jetpack_dont_email_post_to_subs":false,"_jetpack_newsletter_tier_id":0,"_jetpack_memberships_contains_paywalled_content":false,"_jetpack_memberships_contains_paid_content":false,"footnotes":"","jetpack_publicize_message":"","jetpack_publicize_feature_enabled":true,"jetpack_social_post_already_shared":true,"jetpack_social_options":{"image_generator_settings":{"template":"highway","default_image_id":0,"enabled":false},"version":2}},"categories":[6916,1161,44],"tags":[],"class_list":["post-65815","post","type-post","status-publish","format-standard","hentry","category-ayuntamiento-de-atarfe","category-ciudadania","category-noticias-de-hoy"],"jetpack_publicize_connections":[],"jetpack_featured_media_url":"","jetpack_likes_enabled":true,"jetpack_sharing_enabled":true,"_links":{"self":[{"href":"https:\/\/miradordeatarfe.es\/index.php?rest_route=\/wp\/v2\/posts\/65815","targetHints":{"allow":["GET"]}}],"collection":[{"href":"https:\/\/miradordeatarfe.es\/index.php?rest_route=\/wp\/v2\/posts"}],"about":[{"href":"https:\/\/miradordeatarfe.es\/index.php?rest_route=\/wp\/v2\/types\/post"}],"author":[{"embeddable":true,"href":"https:\/\/miradordeatarfe.es\/index.php?rest_route=\/wp\/v2\/users\/1"}],"replies":[{"embeddable":true,"href":"https:\/\/miradordeatarfe.es\/index.php?rest_route=%2Fwp%2Fv2%2Fcomments&post=65815"}],"version-history":[{"count":2,"href":"https:\/\/miradordeatarfe.es\/index.php?rest_route=\/wp\/v2\/posts\/65815\/revisions"}],"predecessor-version":[{"id":65827,"href":"https:\/\/miradordeatarfe.es\/index.php?rest_route=\/wp\/v2\/posts\/65815\/revisions\/65827"}],"wp:attachment":[{"href":"https:\/\/miradordeatarfe.es\/index.php?rest_route=%2Fwp%2Fv2%2Fmedia&parent=65815"}],"wp:term":[{"taxonomy":"category","embeddable":true,"href":"https:\/\/miradordeatarfe.es\/index.php?rest_route=%2Fwp%2Fv2%2Fcategories&post=65815"},{"taxonomy":"post_tag","embeddable":true,"href":"https:\/\/miradordeatarfe.es\/index.php?rest_route=%2Fwp%2Fv2%2Ftags&post=65815"}],"curies":[{"name":"wp","href":"https:\/\/api.w.org\/{rel}","templated":true}]}}