{"id":65831,"date":"2023-12-20T08:00:29","date_gmt":"2023-12-20T07:00:29","guid":{"rendered":"https:\/\/miradordeatarfe.es\/?p=65831"},"modified":"2023-12-19T12:02:07","modified_gmt":"2023-12-19T11:02:07","slug":"gobierno-y-banca-pactan-varias-medidas","status":"publish","type":"post","link":"https:\/\/miradordeatarfe.es\/?p=65831","title":{"rendered":"Gobierno y banca pactan varias medidas"},"content":{"rendered":"<header class=\"a_e _g _g-xs\">\n<div class=\"a_e_txt _df\">\n<h3 class=\"a_t\" style=\"text-align: justify;\">Gobierno y banca pactan ampliar las ayudas a los hipotecados en apuros para beneficiar a 100.000 familias m\u00e1s<\/h3>\n<h3 class=\"a_st\" style=\"text-align: justify;\">El c\u00f3digo de buenas pr\u00e1cticas eleva el umbral de renta a casi 38.000 euros. Adem\u00e1s, prorroga un a\u00f1o m\u00e1s las amortizaciones gratuitas y la conversi\u00f3n a tipo fijo o mixto<\/h3>\n<\/div>\n<div class=\"a_e_m\" style=\"text-align: justify;\">\u00a0<\/div>\n<\/header>\n<div class=\"a_c clearfix\" data-dtm-region=\"articulo_cuerpo\">\n<p class=\"\" style=\"text-align: justify;\"><abbr>Gobierno <\/abbr>o y banca han acordado ampliar la ampliaci\u00f3n del C\u00f3digo de Buenas Pr\u00e1cticas, tanto el permanente que est\u00e1 en vigor desde 2012, como el mecanismo alternativo m\u00e1s ambicioso que se lanz\u00f3 hace un a\u00f1o para auxiliar a las familias en apuros por la r\u00e1pida subida de los tipos de inter\u00e9s. Por una parte, <a href=\"https:\/\/elpais.com\/economia\/2023-12-14\/el-gobierno-presiona-a-la-banca-para-ampliar-las-ayudas-a-los-hipotecados-en-apuros-antes-de-acabar-el-ano.html\" target=\"_blank\" rel=\"noopener\" data-link-track-dtm=\"\" data-mrf-link=\"https:\/\/elpais.com\/economia\/2023-12-14\/el-gobierno-presiona-a-la-banca-para-ampliar-las-ayudas-a-los-hipotecados-en-apuros-antes-de-acabar-el-ano.html\">el Ejecutivo ha presionado al sector para elevar el umbral de renta m\u00e1ximo con el que las familias se pueden acoger al protocolo hasta los 37.800 euros<\/a> (antes estaba en 29.400 euros). Con este nuevo l\u00edmite, se prev\u00e9 que esta red de seguridad proteger\u00e1 a unos 100.000 hogares m\u00e1s, seg\u00fan los c\u00e1lculos del Banco de Espa\u00f1a.<\/p>\n<p class=\"\" style=\"text-align: justify;\">Adem\u00e1s, el nuevo texto incluye la <a href=\"https:\/\/cincodias.elpais.com\/mercados-financieros\/2023-12-04\/ultimo-mes-para-cambiar-la-hipoteca-de-variable-a-fija-gratis-a-partir-del-1-de-enero-puede-costar-5000-euros.html\" target=\"_blank\" rel=\"noopener\" data-link-track-dtm=\"\" data-mrf-link=\"https:\/\/cincodias.elpais.com\/mercados-financieros\/2023-12-04\/ultimo-mes-para-cambiar-la-hipoteca-de-variable-a-fija-gratis-a-partir-del-1-de-enero-puede-costar-5000-euros.html\">pr\u00f3rroga durante el pr\u00f3ximo ejercicio de la gratuidad de las comisiones por amortizaci\u00f3n anticipada, as\u00ed como por la conversi\u00f3n de hipotecas de tipo fijo a tipo variable y a tipo mixto, que ahora se recoge de forma expl\u00edcita en la norma<\/a> (hasta ahora solo hac\u00eda referencia al tipo fijo). \u201cEs una medida que se ha usado mucho en este a\u00f1o, por eso vamos a ampliarla a 2024\u2033, ha incidido este lunes la vicepresidenta primera del Gobierno, Nadia Calvi\u00f1o, en una rueda de prensa posterior al encuentro. Esta medida se introdujo en una disposici\u00f3n adicional del protocolo permanente, aunque su vigencia estaba limitada solo a este a\u00f1o.<\/p>\n<p class=\"\" style=\"text-align: justify;\">Los trabajos t\u00e9cnicos sobre estos cambios se alargaron durante la semana pasada, con la intenci\u00f3n de llegar a la reuni\u00f3n del lunes con todos los flecos cerrados. Econom\u00eda hab\u00eda acelerado, <a href=\"https:\/\/elpais.com\/economia\/2023-12-08\/nadia-calvino-presidira-el-banco-europeo-de-inversiones.html\" target=\"_blank\" rel=\"noopener\" data-link-track-dtm=\"\" data-mrf-link=\"https:\/\/elpais.com\/economia\/2023-12-08\/nadia-calvino-presidira-el-banco-europeo-de-inversiones.html\">ya que quer\u00eda dejar este asunto zanjado antes de la salida de la vicepresidenta al Banco Europeo de Inversiones (BEI)<\/a>. De esta forma, el Ejecutivo allana el camino para normalizar la relaci\u00f3n con el sector financiero y el pr\u00f3ximo ministro del ramo tendr\u00e1 cerrado este asunto. Eso s\u00ed, tendr\u00e1 otra patata caliente sobre qu\u00e9 hacer con el impuesto extraordinario a la banca m\u00e1s all\u00e1 de 2024, cuando finalice el periodo temporal del mismo.<\/p>\n<p class=\"\" style=\"text-align: justify;\">En el encuentro han estado el Ministerio de Econom\u00eda, Banco de Espa\u00f1a, patronales bancarias y asociaciones de usuarios financieros, en una cita en la que seg\u00fan las partes ha sido muy cordial y constructiva. Eso no supone que no haya habido diferencias, que las sigue habiendo. Por ejemplo, las patronales consideran est\u00e9ril el aumento del umbral de renta, aunque finalmente lo han aceptado. \u201cNo consideramos estrictamente necesaria la subida del umbral de renta por la evoluci\u00f3n de la econom\u00eda. Lo importante es que cuando los clientes tienen un problema van a tener alguna alternativa, ya sea con los c\u00f3digos de buenas pr\u00e1cticas o por lo que le ofrezca su entidad\u201d, ha explicado Mar\u00eda Abascal, directora general de la AEB, en una rueda de prensa posterior al encuentro.<\/p>\n<p class=\"\" style=\"text-align: justify;\">Desde las patronales, adem\u00e1s, han mandado un aviso al Gobierno y al pr\u00f3ximo ministro de Econom\u00eda: \u201cEs importante que este c\u00f3digo no tenga m\u00e1s modificaciones en lo que le queda de vigencia\u201d. Es decir, reclaman estabilidad para estos protocolos y que no se modifique m\u00e1s en los pr\u00f3ximos meses. Una petici\u00f3n que chocar\u00e1 con las tensiones internas del Ejecutivo, como se ha puesto de manifiesto en los \u00faltimos d\u00edas con la pr\u00f3rroga de la tasa temporal. Esta pol\u00e9mica salt\u00f3 tras unas declaraciones de Calvi\u00f1o la semana pasada, cuando avanz\u00f3 que <a href=\"https:\/\/cincodias.elpais.com\/economia\/2023-12-15\/el-gobierno-revisara-tambien-el-impuesto-a-los-beneficios-extraordinarios-de-la-banca.html\" target=\"_blank\" rel=\"noopener\" data-link-track-dtm=\"\" data-mrf-link=\"https:\/\/cincodias.elpais.com\/economia\/2023-12-15\/el-gobierno-revisara-tambien-el-impuesto-a-los-beneficios-extraordinarios-de-la-banca.html\">la tasa al sector se revisar\u00eda, al igual que se har\u00e1 con las energ\u00e9ticas<\/a>, \u201cteniendo en cuenta que las circunstancias han cambiado\u201d.<\/p>\n<p class=\"\" style=\"text-align: justify;\">Sin embargo, este lunes ha dado un paso atr\u00e1s. \u201cMis palabras han sido las mismas desde el primer d\u00eda y est\u00e1n alineadas con lo que se prev\u00e9 en los textos legales aplicables y en el acuerdo de gobierno. No hay ninguna novedad\u201d, ha repetido en diversas ocasiones Calvi\u00f1o al ser preguntada por la prensa. Es decir, rebaja las expectativas al sector y lima diferencias con Sumar, socio en el Ejecutivo. De hecho, tras esas palabras de la semana pasada, la vicepresidenta segunda y l\u00edder de Sumar advirti\u00f3 de que el pacto entre su formaci\u00f3n y el PSOE para el Gobierno de coalici\u00f3n recoge, en cualquier caso, el mantenimiento del tributo. Esto es, no su eliminaci\u00f3n o alivio, sino su alargue.<\/p>\n<h3 class=\"\" style=\"text-align: justify;\">Ampliaci\u00f3n preventiva<\/h3>\n<p class=\"\" style=\"text-align: justify;\">De esta forma, <a href=\"https:\/\/elpais.com\/economia\/2022-11-23\/uno-de-cada-cuatro-hipotecados-podran-extender-el-pago-del-prestamo-hasta-siete-anos.html\" target=\"_blank\" rel=\"noopener\" data-link-track-dtm=\"\" data-mrf-link=\"https:\/\/elpais.com\/economia\/2022-11-23\/uno-de-cada-cuatro-hipotecados-podran-extender-el-pago-del-prestamo-hasta-siete-anos.html\">los protocolos de ayuda se ampl\u00edan de forma preventiva por si la econom\u00eda se tuerce en el pr\u00f3ximo a\u00f1o<\/a>. Los hogares que cumplan las condiciones se podr\u00e1n beneficiar de<b> <\/b>la congelaci\u00f3n del tipo de inter\u00e9s durante 12 meses, la extensi\u00f3n del plazo de amortizaci\u00f3n de hasta siete a\u00f1os y, para los hogares con rentas de hasta 25.200 euros (los del c\u00f3digo en vigor desde hace una d\u00e9cada), se ha a\u00f1adido la posibilidad de dos a\u00f1os de carencia. \u201cEl Gobierno ha tratado siempre de anticiparse a los posibles riesgos y por eso lo ampliamos ahora\u201d, ha incidido Calvi\u00f1o.<\/p>\n<p class=\"\" style=\"text-align: justify;\">Sobre el impacto de estos cambios, la vicepresidenta ha asegurado que podr\u00e1 llegar a unos 100.000 hogares m\u00e1s, seg\u00fan los datos del Banco de Espa\u00f1a. Es decir, <a href=\"https:\/\/elpais.com\/economia\/2022-11-21\/el-gobierno-llega-a-un-principio-de-acuerdo-con-la-banca-para-ayudar-a-mas-de-un-millon-de-hogares.html\" target=\"_blank\" rel=\"noopener\" data-link-track-dtm=\"\" data-mrf-link=\"https:\/\/elpais.com\/economia\/2022-11-21\/el-gobierno-llega-a-un-principio-de-acuerdo-con-la-banca-para-ayudar-a-mas-de-un-millon-de-hogares.html\">esta vez el Ejecutivo ha sido m\u00e1s comedido en sus previsiones (en el anunci\u00f3 de hace un a\u00f1o calcul\u00f3 que los posibles beneficiarios ser\u00edan alrededor de un mill\u00f3n de hogares)<\/a>.<\/p>\n<p class=\"\" style=\"text-align: justify;\">Seg\u00fan los datos con los que cuenta el supervisor, del 20% de los hogares con menos renta, solo uno de cada diez tiene una hipoteca sobre su vivienda principal. Sin embargo, los que tienen unos ingresos por encima de la mediana, en l\u00ednea con nuevo umbral fijado en el c\u00f3digo, el 40% tienen hipotecas, de ah\u00ed el incremento previsto de los beneficiarios potenciales. Pese al baile de cifras, la Calvi\u00f1o ha matizado que lo importante no es el n\u00famero de familias que se acojan, sino que exista la red de seguridad. \u201cLos niveles medios de renta, hasta el entorno de los 38.000 euros, son los que m\u00e1s se est\u00e1n viendo afectados por la subida de los tipos de inter\u00e9s, ya que son los que tienen m\u00e1s hipotecas y las tienen a tipo variable\u201d, ha dicho.<\/p>\n<h3 class=\"\" style=\"text-align: justify;\">Atenci\u00f3n a los mayores y zonas rurales<\/h3>\n<p class=\"\" style=\"text-align: justify;\">En la reuni\u00f3n tambi\u00e9n se han abordado otras cuestiones, como los protocolos para mejorar la atenci\u00f3n a los mayores y la lucha contra la exclusi\u00f3n financiera de la Espa\u00f1a rural. En ambos aspectos, Gobierno y sector han celebrado los avances hechos. \u201cHab\u00eda preocupaci\u00f3n por el cobro al retiro en efectivo de sus propias cuentas y nos consta que las entidades est\u00e1n eliminando estas comisiones. De aqu\u00ed a final de a\u00f1o vamos a adaptar un cambio legal por las comisiones de retirada de efectivo a las personas mayores\u201d, ha asegurado Calvi\u00f1o. Este cambio eliminar\u00e1 estos cobros, que no eran generalizados pero s\u00ed que exist\u00edan, para los mayores de 65 a\u00f1os. \u201cLas pocas entidades que lo cobraban ya lo han retirado\u201d, ha confirmado Abascal, de la AEB.<\/p>\n<p class=\"\" style=\"text-align: justify;\">Por otra parte, sobre el avance en la prestaci\u00f3n de servicios financieros en la Espa\u00f1a rural, la banca ha llegado a m\u00e1s de 200 nuevos municipios de m\u00e1s de 500 habitantes donde no hab\u00eda servicios f\u00edsicos. Esto es, el 93% de lo previsto. \u201cHemos frenado la tendencia de p\u00e9rdida y el deterioro de los servicios financieros en el \u00e1mbito rural\u201d, ha resaltado la vicepresidenta, que ha remarcado que se seguir\u00e1 trabajando en esta direcci\u00f3n.<\/p>\n<p class=\"\" style=\"text-align: justify;\">Por \u00faltimo, Calvi\u00f1o ha vuelto a dar un tir\u00f3n de orejas sobre la remuneraci\u00f3n de los dep\u00f3sitos. \u201cHemos constatado que se ha mejorado, pero instamos a la banca a cerrar el <i>gap <\/i>que existe con respecto a Europa\u201d. Y ha pedido que vaya todo lo <a href=\"https:\/\/cincodias.elpais.com\/companias\/2023-12-14\/el-gobierno-relanza-el-proyecto-para-crear-la-autoridad-de-defensa-del-cliente-financiero.html\" target=\"_blank\" rel=\"noopener\" data-link-track-dtm=\"\" data-mrf-link=\"https:\/\/cincodias.elpais.com\/companias\/2023-12-14\/el-gobierno-relanza-el-proyecto-para-crear-la-autoridad-de-defensa-del-cliente-financiero.html\">m\u00e1s r\u00e1pido posible en el reinicio de la tramitaci\u00f3n de la Autoridad de Defensa del Cliente Financiero<\/a>. \u201cConf\u00edo en que sea muy r\u00e1pido para que en 2024 ya est\u00e9 en funcionamiento esta autoridad\u201d, ha zanjado la todav\u00eda ministra de Econom\u00eda.<\/p>\n<p style=\"text-align: justify;\"><a class=\"a_md_a_n\" title=\"Ver todas las noticias de Hugo Guti\u00e9rrez\" href=\"https:\/\/cincodias.elpais.com\/autor\/francisco-hugo-gutierrez-iglesias\/#?rel=author_top\" data-mrf-link=\"https:\/\/cincodias.elpais.com\/autor\/francisco-hugo-gutierrez-iglesias\/\"><strong>Hugo Guti\u00e9rrez<\/strong><\/a><\/p>\n<p class=\"\" style=\"text-align: justify;\">FOTO; Nadia Calvi\u00f1o, vicepresidenta de Asuntos Econ\u00f3micos del Gobierno, junto a Pablo Hern\u00e1ndez de Cos, gobernador del Banco de Espa\u00f1a, este lunes en Madrid durante la reuni\u00f3n con las patronales bancarias.<span class=\"a_m_m\">JUAN CARLOS HIDALGO (EFE)<\/span><\/p>\n<div class=\"a_md _g _g-xs \">\n<figure class=\"a_md_i a_m-h c_m--nf\" style=\"text-align: justify;\"><span class=\"a_m_w _db\">\u00a0<\/span><\/figure>\n<div class=\"a_md_txt\">\n<div class=\"a_md_a\" style=\"text-align: justify;\" data-dtm-region=\"articulo_firma\">\u00a0<\/div>\n<\/div>\n<\/div>\n<\/div>\n","protected":false},"excerpt":{"rendered":"<p>Gobierno y banca pactan ampliar las ayudas a los hipotecados en apuros para beneficiar a&#8230;<\/p>\n","protected":false},"author":1,"featured_media":65833,"comment_status":"closed","ping_status":"closed","sticky":false,"template":"","format":"standard","meta":{"_coblocks_attr":"","_coblocks_dimensions":"","_coblocks_responsive_height":"","_coblocks_accordion_ie_support":"","jetpack_post_was_ever_published":false,"_jetpack_newsletter_access":"","_jetpack_dont_email_post_to_subs":false,"_jetpack_newsletter_tier_id":0,"_jetpack_memberships_contains_paywalled_content":false,"_jetpack_memberships_contains_paid_content":false,"footnotes":"","jetpack_publicize_message":"","jetpack_publicize_feature_enabled":true,"jetpack_social_post_already_shared":true,"jetpack_social_options":{"image_generator_settings":{"template":"highway","default_image_id":0,"enabled":false},"version":2}},"categories":[44,7671],"tags":[],"class_list":["post-65831","post","type-post","status-publish","format-standard","has-post-thumbnail","hentry","category-noticias-de-hoy","category-politica"],"jetpack_publicize_connections":[],"jetpack_featured_media_url":"https:\/\/i0.wp.com\/miradordeatarfe.es\/wp-content\/uploads\/2023\/12\/Screenshot-2023-12-18-at-19-58-58-Gobierno-y-banca-pactan-ampliar-las-ayudas-a-los-hipotecados-en-apuros-para-beneficiar-a-100.000-familias-mas.png?fit=901%2C282&ssl=1","jetpack_likes_enabled":true,"jetpack_sharing_enabled":true,"_links":{"self":[{"href":"https:\/\/miradordeatarfe.es\/index.php?rest_route=\/wp\/v2\/posts\/65831","targetHints":{"allow":["GET"]}}],"collection":[{"href":"https:\/\/miradordeatarfe.es\/index.php?rest_route=\/wp\/v2\/posts"}],"about":[{"href":"https:\/\/miradordeatarfe.es\/index.php?rest_route=\/wp\/v2\/types\/post"}],"author":[{"embeddable":true,"href":"https:\/\/miradordeatarfe.es\/index.php?rest_route=\/wp\/v2\/users\/1"}],"replies":[{"embeddable":true,"href":"https:\/\/miradordeatarfe.es\/index.php?rest_route=%2Fwp%2Fv2%2Fcomments&post=65831"}],"version-history":[{"count":1,"href":"https:\/\/miradordeatarfe.es\/index.php?rest_route=\/wp\/v2\/posts\/65831\/revisions"}],"predecessor-version":[{"id":65832,"href":"https:\/\/miradordeatarfe.es\/index.php?rest_route=\/wp\/v2\/posts\/65831\/revisions\/65832"}],"wp:featuredmedia":[{"embeddable":true,"href":"https:\/\/miradordeatarfe.es\/index.php?rest_route=\/wp\/v2\/media\/65833"}],"wp:attachment":[{"href":"https:\/\/miradordeatarfe.es\/index.php?rest_route=%2Fwp%2Fv2%2Fmedia&parent=65831"}],"wp:term":[{"taxonomy":"category","embeddable":true,"href":"https:\/\/miradordeatarfe.es\/index.php?rest_route=%2Fwp%2Fv2%2Fcategories&post=65831"},{"taxonomy":"post_tag","embeddable":true,"href":"https:\/\/miradordeatarfe.es\/index.php?rest_route=%2Fwp%2Fv2%2Ftags&post=65831"}],"curies":[{"name":"wp","href":"https:\/\/api.w.org\/{rel}","templated":true}]}}