{"id":65835,"date":"2023-12-19T09:59:18","date_gmt":"2023-12-19T08:59:18","guid":{"rendered":"https:\/\/miradordeatarfe.es\/?p=65835"},"modified":"2023-12-19T12:02:38","modified_gmt":"2023-12-19T11:02:38","slug":"el-atarfe-industrial-se-lleva-el-derbi-ante-el-churriana-1-2","status":"publish","type":"post","link":"https:\/\/miradordeatarfe.es\/?p=65835","title":{"rendered":"El Atarfe Industrial se lleva el derbi ante el Churriana, 1-2"},"content":{"rendered":"<h2 style=\"text-align: justify;\">Los atarfe\u00f1os fueron superiores y se llevaron el enfrentamiento provincial con justicia<\/h2>\n<p style=\"text-align: justify;\">El derbi que se disput\u00f3 en \u2018El Frascuelo\u2019 entre Churriana CF y Atarfe Industrial tuvo color visitante. Los atarfe\u00f1os fueron superiores y se llevaron la victoria por 1-2 y adelantan en la tabla a los churrianeros y se meten en puestos de Copa Andaluc\u00eda.\u00a0<\/p>\n<p style=\"text-align: justify;\">El Atarfe Industrial se hizo con el dominio del partido y buscaron la porter\u00eda contraria aunque sin suerte cara al gol. El Churriana CF no se encontr\u00f3 c\u00f3modo en ning\u00fan momento ante el buen planteamiento de los atarfe\u00f1os. En las postrimer\u00edas de la primera mitad se adelant\u00f3 el conjunto atarfe\u00f1o cuando Toni Iglesias bati\u00f3 a Sebas para darle ventaja al descanso a su equipo.\u00a0<\/p>\n<p style=\"text-align: justify;\">En la segunda mitad mejor\u00f3 Churriana, pero el Atarfe sigui\u00f3 muy s\u00f3lido y creando peligro. A falta de un cuarto de hora para el final lleg\u00f3 el gol del empate para los churrianeros cuando \u00d3scar L\u00f3pez logr\u00f3 batir a V\u00edctor Jim\u00e9nez. El Atarfe Industrial no estuvo dispuesto a que se le escapase un triunfo para el que hab\u00eda hecho m\u00e9ritos y en el minuto 82cle lleg\u00f3 su oportunidad que Casares no desaprovech\u00f3 para poner el 1-2, que le devolvi\u00f3 la ventaja en el marcador. El Churriana se estir\u00f3 en busca del empate, pero el Atarfe Industrial cerr\u00f3 todos los huecos. En el minuto 86 los locales se quedaron con un efectivo menos al ver Sergio Pimentel la segunda cartulina amarilla. El Churriana CF lo sigui\u00f3 intentando pero ya no hubo cambios en el marcador.\u00a0<\/p>\n<p style=\"text-align: justify;\"><strong>CHURRIANA C.F.: <\/strong>Sebas, Edu S\u00e1nchez (Calero 46&#8242;), Luis (Maldonado 72&#8242;), Javi Serrano (Rafa Quiles 62&#8242;), Titos (Sergio 53&#8242;), Jos\u00e9 Requena (Pelusa 62&#8242;), \u00d3scar L\u00f3pez, Vallejo, David Romero (Jos\u00e9 Manuel 83&#8242;), Pablo Maldonado y Guso<\/p>\n<p style=\"text-align: justify;\"><strong>ATARFE INDUSTRIAL: <\/strong>V\u00edctor Jim\u00e9nez, Paco, Sierra, Chavo, \u00d3scar, Marfil, Casares (Rub\u00e9n 84&#8242;), Emilio (Adri Vegas 56&#8242;), Toni (Juanma 63&#8242;), Cristian (Zarcos 87&#8242;) y Dennis Christopher Jr (Lucho 75&#8242;)<\/p>\n<p style=\"text-align: justify;\"><strong>GOLES<\/strong>: 0-1, Toni (44&#8242;); 1-1, \u00d3scar L\u00f3pez (75&#8242;); 1-2, Casares (82&#8242;);\u00a0<\/p>\n<p style=\"text-align: justify;\"><strong>\u00c1RBITRO<\/strong>: Mi\u00f1\u00e1n Molina, Javier (Granada). Amonest\u00f3 por los locales a Pelusa, Vallejo, Edu S\u00e1nchez, Luis y por los visitantes a Adri Vegas, Toni, V\u00edctor Jim\u00e9nez, Dennis Christopher Jr. Expuls\u00f3 por los locales a Sergio (Doble amarilla 86&#8242;)<\/p>\n<p style=\"text-align: justify;\"><strong>INCIDENCIAS<\/strong>: Encuentro de la jornada 13\u00aa en Divisi\u00f3n de Honor en el estadio municipal \u2018El Frascuelo\u2019 de\u00a0 Churriana de la Vega ante 300 aficionados.\u00a0<\/p>\n<p>REDACCI\u00d3N DE GRANADA EN JUEGO<\/p>\n<p><i>FOTO: Once Inicial del Churriana CF ante el Atarfe Industrial (JOS\u00c9 REQUENA)<\/i><\/p>\n<p>https:\/\/www.granadaenjuego.com\/atarfe-industrial-\/el-atarfe-industrial-se-lleva-el-derbi-ante-el-churriana&#8211;1-2<\/p>\n<p style=\"text-align: justify;\"><img data-recalc-dims=\"1\" decoding=\"async\" src=\"https:\/\/i0.wp.com\/i.ibb.co\/LncCfPc\/PSX-20231217-163724.jpg?w=640&#038;ssl=1\" alt=\"\" \/><\/p>\n<div class=\"limpia\">\u00a0<\/div>\n","protected":false},"excerpt":{"rendered":"<p>Los atarfe\u00f1os fueron superiores y se llevaron el enfrentamiento provincial con justicia El derbi que&#8230;<\/p>\n","protected":false},"author":1,"featured_media":65836,"comment_status":"closed","ping_status":"closed","sticky":false,"template":"","format":"standard","meta":{"_coblocks_attr":"","_coblocks_dimensions":"","_coblocks_responsive_height":"","_coblocks_accordion_ie_support":"","jetpack_post_was_ever_published":false,"_jetpack_newsletter_access":"","_jetpack_dont_email_post_to_subs":false,"_jetpack_newsletter_tier_id":0,"_jetpack_memberships_contains_paywalled_content":false,"_jetpack_memberships_contains_paid_content":false,"footnotes":"","jetpack_publicize_message":"","jetpack_publicize_feature_enabled":true,"jetpack_social_post_already_shared":true,"jetpack_social_options":{"image_generator_settings":{"template":"highway","default_image_id":0,"enabled":false},"version":2}},"categories":[2,182,44],"tags":[],"class_list":["post-65835","post","type-post","status-publish","format-standard","has-post-thumbnail","hentry","category-atarfe","category-deportes","category-noticias-de-hoy"],"jetpack_publicize_connections":[],"jetpack_featured_media_url":"https:\/\/i0.wp.com\/miradordeatarfe.es\/wp-content\/uploads\/2023\/12\/imagen54612_0_original.jpg?fit=1024%2C868&ssl=1","jetpack_likes_enabled":true,"jetpack_sharing_enabled":true,"_links":{"self":[{"href":"https:\/\/miradordeatarfe.es\/index.php?rest_route=\/wp\/v2\/posts\/65835","targetHints":{"allow":["GET"]}}],"collection":[{"href":"https:\/\/miradordeatarfe.es\/index.php?rest_route=\/wp\/v2\/posts"}],"about":[{"href":"https:\/\/miradordeatarfe.es\/index.php?rest_route=\/wp\/v2\/types\/post"}],"author":[{"embeddable":true,"href":"https:\/\/miradordeatarfe.es\/index.php?rest_route=\/wp\/v2\/users\/1"}],"replies":[{"embeddable":true,"href":"https:\/\/miradordeatarfe.es\/index.php?rest_route=%2Fwp%2Fv2%2Fcomments&post=65835"}],"version-history":[{"count":1,"href":"https:\/\/miradordeatarfe.es\/index.php?rest_route=\/wp\/v2\/posts\/65835\/revisions"}],"predecessor-version":[{"id":65837,"href":"https:\/\/miradordeatarfe.es\/index.php?rest_route=\/wp\/v2\/posts\/65835\/revisions\/65837"}],"wp:featuredmedia":[{"embeddable":true,"href":"https:\/\/miradordeatarfe.es\/index.php?rest_route=\/wp\/v2\/media\/65836"}],"wp:attachment":[{"href":"https:\/\/miradordeatarfe.es\/index.php?rest_route=%2Fwp%2Fv2%2Fmedia&parent=65835"}],"wp:term":[{"taxonomy":"category","embeddable":true,"href":"https:\/\/miradordeatarfe.es\/index.php?rest_route=%2Fwp%2Fv2%2Fcategories&post=65835"},{"taxonomy":"post_tag","embeddable":true,"href":"https:\/\/miradordeatarfe.es\/index.php?rest_route=%2Fwp%2Fv2%2Ftags&post=65835"}],"curies":[{"name":"wp","href":"https:\/\/api.w.org\/{rel}","templated":true}]}}