{"id":65838,"date":"2023-12-19T11:11:24","date_gmt":"2023-12-19T10:11:24","guid":{"rendered":"https:\/\/miradordeatarfe.es\/?p=65838"},"modified":"2023-12-19T11:57:09","modified_gmt":"2023-12-19T10:57:09","slug":"la-atarfena-ana-maria-galvez-inspira-al-alumnado-de-bachillerato","status":"publish","type":"post","link":"https:\/\/miradordeatarfe.es\/?p=65838","title":{"rendered":"LA ATARFE\u00d1A ANA MAR\u00cdA GALVEZ INSPIRA AL ALUMNADO DE BACHILLERATO"},"content":{"rendered":"<h3 style=\"text-align: justify;\">El Ayuntamiento\u00a0 de Atarfe ha reconocido con orgullo a Ana Mar\u00eda G\u00e1lvez, una brillante\u00a0 joven Atarfe\u00f1a que con tan solo 24 a\u00f1os se ha convertido en una de las juezas m\u00e1s j\u00f3venes de Espa\u00f1a con un encuentro con el alumnado de bachillerato y firmando\u00a0 en el libro de personas ilustres.<\/h3>\n<p style=\"text-align: justify;\">\u00a0Su logro inspira a la juventud de Atarfe, demostrando que con esfuerzo y disciplina, podemos lograr nuestras metas<em>.\u00a0<\/em> En palabras de Yolanda Fern\u00e1ndez : \u00abNuestro<em> agradecimiento a Ana por compartir su experiencia y motivar a los estudiantes de bachillerato de Atarfe. Su ejemplo ha marcado el camino para el futuro de nuestra juventud.\u00bb<\/em><\/p>\n<p class=\"5Dtxtsg\" style=\"text-align: justify;\">No tiene delante un camino f\u00e1cil. El techo de cristal tambi\u00e9n afecta al mundo de las juezas. As\u00ed lo ponen de manifiesto los datos. Mientras que en Espa\u00f1a hay 2.918 juezas en activo frente a 2.402 jueces, y siete de cada diez nuevos ingresos en la carrera judicial son mujeres, solo el 38 % de las profesionales consigue una plaza en tribunales de rango superior, seg\u00fan recogen los informes del Consejo General del Poder Judicial (CGPJ).\u00bfPor qu\u00e9 ocurre esto? Las causas son diversas. Los nombramientos a dedo, el menor n\u00famero de candidatas y las cargas familiares asignadas por los roles de g\u00e9nero son algunas de las barreras se\u00f1aladas por un grupo de juezas y magistradas.<\/p>\n<p style=\"text-align: justify;\">Ana Mar\u00eda se ha convertido por m\u00e9ritos propios en un ejemplo a seguir. Su abnegaci\u00f3n, esfuerzo y dedicaci\u00f3n le han llevado a convertirse en toda una referencia a nivel nacional \u201cnoticias como \u00e9stas son las que hacen que el nombre de Atarfe cobre fuerza en el panorama nacional, por lo que deseamos a la jueza los mejores \u00e9xitos en su nueva andadura, tanto a nivel profesional como personal\u201d.<\/p>\n<p><div class=\"jetpack-video-wrapper\"><iframe loading=\"lazy\" title=\"\ud83c\udf1f\ud83c\udf1f\ud83c\udf1f Ana Mar\u00eda G\u00e1lvez, la Jueza Atarfe\u00f1a que inspira a nuestros j\u00f3venes\" width=\"640\" height=\"360\" src=\"https:\/\/www.youtube.com\/embed\/shQnMbWKdcQ?feature=oembed\" frameborder=\"0\" allow=\"accelerometer; autoplay; clipboard-write; encrypted-media; gyroscope; picture-in-picture; web-share\" referrerpolicy=\"strict-origin-when-cross-origin\" allowfullscreen><\/iframe><\/div><\/p>\n","protected":false},"excerpt":{"rendered":"<p>El Ayuntamiento\u00a0 de Atarfe ha reconocido con orgullo a Ana Mar\u00eda G\u00e1lvez, una brillante\u00a0 joven&#8230;<\/p>\n","protected":false},"author":1,"featured_media":65898,"comment_status":"closed","ping_status":"closed","sticky":false,"template":"","format":"standard","meta":{"_coblocks_attr":"","_coblocks_dimensions":"","_coblocks_responsive_height":"","_coblocks_accordion_ie_support":"","jetpack_post_was_ever_published":false,"_jetpack_newsletter_access":"","_jetpack_dont_email_post_to_subs":false,"_jetpack_newsletter_tier_id":0,"_jetpack_memberships_contains_paywalled_content":false,"_jetpack_memberships_contains_paid_content":false,"footnotes":"","jetpack_publicize_message":"","jetpack_publicize_feature_enabled":true,"jetpack_social_post_already_shared":true,"jetpack_social_options":{"image_generator_settings":{"template":"highway","default_image_id":0,"enabled":false},"version":2}},"categories":[2,187,14,44,6539],"tags":[],"class_list":["post-65838","post","type-post","status-publish","format-standard","has-post-thumbnail","hentry","category-atarfe","category-centros-educativos","category-feminismo","category-noticias-de-hoy","category-personajes-de-ataref"],"jetpack_publicize_connections":[],"jetpack_featured_media_url":"https:\/\/i0.wp.com\/miradordeatarfe.es\/wp-content\/uploads\/2023\/12\/Screenshot-2023-12-19-at-11-56-11-Ayuntamiento-de-Atarfe.png?fit=205%2C202&ssl=1","jetpack_likes_enabled":true,"jetpack_sharing_enabled":true,"_links":{"self":[{"href":"https:\/\/miradordeatarfe.es\/index.php?rest_route=\/wp\/v2\/posts\/65838","targetHints":{"allow":["GET"]}}],"collection":[{"href":"https:\/\/miradordeatarfe.es\/index.php?rest_route=\/wp\/v2\/posts"}],"about":[{"href":"https:\/\/miradordeatarfe.es\/index.php?rest_route=\/wp\/v2\/types\/post"}],"author":[{"embeddable":true,"href":"https:\/\/miradordeatarfe.es\/index.php?rest_route=\/wp\/v2\/users\/1"}],"replies":[{"embeddable":true,"href":"https:\/\/miradordeatarfe.es\/index.php?rest_route=%2Fwp%2Fv2%2Fcomments&post=65838"}],"version-history":[{"count":2,"href":"https:\/\/miradordeatarfe.es\/index.php?rest_route=\/wp\/v2\/posts\/65838\/revisions"}],"predecessor-version":[{"id":65840,"href":"https:\/\/miradordeatarfe.es\/index.php?rest_route=\/wp\/v2\/posts\/65838\/revisions\/65840"}],"wp:featuredmedia":[{"embeddable":true,"href":"https:\/\/miradordeatarfe.es\/index.php?rest_route=\/wp\/v2\/media\/65898"}],"wp:attachment":[{"href":"https:\/\/miradordeatarfe.es\/index.php?rest_route=%2Fwp%2Fv2%2Fmedia&parent=65838"}],"wp:term":[{"taxonomy":"category","embeddable":true,"href":"https:\/\/miradordeatarfe.es\/index.php?rest_route=%2Fwp%2Fv2%2Fcategories&post=65838"},{"taxonomy":"post_tag","embeddable":true,"href":"https:\/\/miradordeatarfe.es\/index.php?rest_route=%2Fwp%2Fv2%2Ftags&post=65838"}],"curies":[{"name":"wp","href":"https:\/\/api.w.org\/{rel}","templated":true}]}}