{"id":65844,"date":"2023-12-21T11:14:48","date_gmt":"2023-12-21T10:14:48","guid":{"rendered":"https:\/\/miradordeatarfe.es\/?p=65844"},"modified":"2023-12-19T12:13:05","modified_gmt":"2023-12-19T11:13:05","slug":"atarfe-el-centro-de-adultos-mariana-pineda-realiza-un-taller-de-escritura-creativa","status":"publish","type":"post","link":"https:\/\/miradordeatarfe.es\/?p=65844","title":{"rendered":"ATARFE: El centro de adultos MARIANA PINEDA realiza un taller de escritura creativa"},"content":{"rendered":"<h3 dir=\"auto\" style=\"text-align: justify;\">Ha terminado el primer taller de escritura para adultos organizado por la Biblioteca Mariana Pineda impartido por Alejandro Pedregosa.<\/h3>\n<div dir=\"auto\" style=\"text-align: justify;\">Los participantes en este taller nos han comentado lo contentos que est\u00e1n y lo que han disfrutado durante el mismo. Como ellos mismos nos han dicho, han re\u00eddo, han llorado y sobre todo han disfrutado. Aprender todas las claves de la escritura, publicaci\u00f3n y distribuci\u00f3n en este taller de\u00a0 Escritura ha sido el objetivo de la Biblioteca municipal de Atarfe junto al Centro de Educaci\u00f3n de adultos.\u00a0<\/div>\n<div dir=\"auto\" style=\"text-align: justify;\">El taller de escritura creativa supone un dominio del lenguaje escrito y de las herramientas disponibles para la construcci\u00f3n\u00a0 de textos. Es un espacio de entrenamiento , donde se exploran e investigan las\u00a0 posibilidades de escritura que ofrece la tradici\u00f3n literaria.<\/div>\n<div dir=\"auto\" style=\"text-align: justify;\">\u00a0<\/div>\n<div dir=\"auto\" style=\"text-align: justify;\">El taller ha sido impartido por Alejandro Pedregosa. <strong>Alejandro Pedregosa<\/strong> suele alternar un libro de poes\u00eda con otro de novela. \u201cEmpec\u00e9 como poeta\u201d, recuerda. Y le gustan ambos g\u00e9neros y en los dos se siente igual de c\u00f3modo; para explicarlo pone el s\u00edmil del nadador que unas veces nada a braza y otras a crol. Son t\u00e9cnicas diferentes pero el fin es el mismo, lo importante es \u201cgenerar historias, generar sentimientos\u201d, opina con acierto. Lo primero que les explico a mis alumnos -dice Alejandro Pegregosa- es la importancia la observaci\u00f3n, la imaginaci\u00f3n y la mirada particular. El escritor debe salir a la calle buscando historias. Sabes cu\u00e1ndo hay tema y cu\u00e1ndo no. En el momento en que ves un hilo de inspiraci\u00f3n, lo trabajas con la observaci\u00f3n.<\/div>\n<div dir=\"auto\" style=\"text-align: justify;\">\u00a0<\/div>\n<div dir=\"auto\" style=\"text-align: justify;\">Gracias a todos y todas por su activa participaci\u00f3n y gracias a Alejandro por hacer el taller tan ameno y participativo.<\/div>\n<div dir=\"auto\">\u00a0<\/div>\n<div dir=\"auto\"><a href=\"https:\/\/i0.wp.com\/miradordeatarfe.es\/wp-content\/uploads\/2023\/12\/411141113_341685615281863_6971006582769968709_n.jpg?ssl=1\"><img data-recalc-dims=\"1\" loading=\"lazy\" decoding=\"async\" class=\"alignnone wp-image-65846 size-large\" src=\"https:\/\/i0.wp.com\/miradordeatarfe.es\/wp-content\/uploads\/2023\/12\/411141113_341685615281863_6971006582769968709_n.jpg?resize=640%2C480&#038;ssl=1\" alt=\"\" width=\"640\" height=\"480\" srcset=\"https:\/\/i0.wp.com\/miradordeatarfe.es\/wp-content\/uploads\/2023\/12\/411141113_341685615281863_6971006582769968709_n.jpg?resize=1024%2C768&amp;ssl=1 1024w, https:\/\/i0.wp.com\/miradordeatarfe.es\/wp-content\/uploads\/2023\/12\/411141113_341685615281863_6971006582769968709_n.jpg?resize=300%2C225&amp;ssl=1 300w, https:\/\/i0.wp.com\/miradordeatarfe.es\/wp-content\/uploads\/2023\/12\/411141113_341685615281863_6971006582769968709_n.jpg?resize=768%2C576&amp;ssl=1 768w, https:\/\/i0.wp.com\/miradordeatarfe.es\/wp-content\/uploads\/2023\/12\/411141113_341685615281863_6971006582769968709_n.jpg?resize=1536%2C1152&amp;ssl=1 1536w, https:\/\/i0.wp.com\/miradordeatarfe.es\/wp-content\/uploads\/2023\/12\/411141113_341685615281863_6971006582769968709_n.jpg?resize=1320%2C990&amp;ssl=1 1320w, https:\/\/i0.wp.com\/miradordeatarfe.es\/wp-content\/uploads\/2023\/12\/411141113_341685615281863_6971006582769968709_n.jpg?w=2048&amp;ssl=1 2048w, https:\/\/i0.wp.com\/miradordeatarfe.es\/wp-content\/uploads\/2023\/12\/411141113_341685615281863_6971006582769968709_n.jpg?w=1920&amp;ssl=1 1920w\" sizes=\"auto, (max-width: 640px) 100vw, 640px\" \/><\/a> <a href=\"https:\/\/i0.wp.com\/miradordeatarfe.es\/wp-content\/uploads\/2023\/12\/411221837_341685551948536_2960290584893676678_n.jpg?ssl=1\"><img data-recalc-dims=\"1\" loading=\"lazy\" decoding=\"async\" class=\"alignnone wp-image-65847 size-large\" src=\"https:\/\/i0.wp.com\/miradordeatarfe.es\/wp-content\/uploads\/2023\/12\/411221837_341685551948536_2960290584893676678_n.jpg?resize=640%2C480&#038;ssl=1\" alt=\"\" width=\"640\" height=\"480\" srcset=\"https:\/\/i0.wp.com\/miradordeatarfe.es\/wp-content\/uploads\/2023\/12\/411221837_341685551948536_2960290584893676678_n.jpg?resize=1024%2C768&amp;ssl=1 1024w, https:\/\/i0.wp.com\/miradordeatarfe.es\/wp-content\/uploads\/2023\/12\/411221837_341685551948536_2960290584893676678_n.jpg?resize=300%2C225&amp;ssl=1 300w, https:\/\/i0.wp.com\/miradordeatarfe.es\/wp-content\/uploads\/2023\/12\/411221837_341685551948536_2960290584893676678_n.jpg?resize=768%2C576&amp;ssl=1 768w, https:\/\/i0.wp.com\/miradordeatarfe.es\/wp-content\/uploads\/2023\/12\/411221837_341685551948536_2960290584893676678_n.jpg?resize=1536%2C1152&amp;ssl=1 1536w, https:\/\/i0.wp.com\/miradordeatarfe.es\/wp-content\/uploads\/2023\/12\/411221837_341685551948536_2960290584893676678_n.jpg?resize=1320%2C990&amp;ssl=1 1320w, https:\/\/i0.wp.com\/miradordeatarfe.es\/wp-content\/uploads\/2023\/12\/411221837_341685551948536_2960290584893676678_n.jpg?w=2048&amp;ssl=1 2048w, https:\/\/i0.wp.com\/miradordeatarfe.es\/wp-content\/uploads\/2023\/12\/411221837_341685551948536_2960290584893676678_n.jpg?w=1920&amp;ssl=1 1920w\" sizes=\"auto, (max-width: 640px) 100vw, 640px\" \/><\/a> <a href=\"https:\/\/i0.wp.com\/miradordeatarfe.es\/wp-content\/uploads\/2023\/12\/412338801_341685541948537_8026877087542848853_n.jpg?ssl=1\"><img data-recalc-dims=\"1\" loading=\"lazy\" decoding=\"async\" class=\"wp-image-65848 size-large aligncenter\" src=\"https:\/\/i0.wp.com\/miradordeatarfe.es\/wp-content\/uploads\/2023\/12\/412338801_341685541948537_8026877087542848853_n.jpg?resize=640%2C480&#038;ssl=1\" alt=\"\" width=\"640\" height=\"480\" srcset=\"https:\/\/i0.wp.com\/miradordeatarfe.es\/wp-content\/uploads\/2023\/12\/412338801_341685541948537_8026877087542848853_n.jpg?resize=1024%2C768&amp;ssl=1 1024w, https:\/\/i0.wp.com\/miradordeatarfe.es\/wp-content\/uploads\/2023\/12\/412338801_341685541948537_8026877087542848853_n.jpg?resize=300%2C225&amp;ssl=1 300w, https:\/\/i0.wp.com\/miradordeatarfe.es\/wp-content\/uploads\/2023\/12\/412338801_341685541948537_8026877087542848853_n.jpg?resize=768%2C576&amp;ssl=1 768w, https:\/\/i0.wp.com\/miradordeatarfe.es\/wp-content\/uploads\/2023\/12\/412338801_341685541948537_8026877087542848853_n.jpg?resize=1536%2C1152&amp;ssl=1 1536w, https:\/\/i0.wp.com\/miradordeatarfe.es\/wp-content\/uploads\/2023\/12\/412338801_341685541948537_8026877087542848853_n.jpg?resize=1320%2C990&amp;ssl=1 1320w, https:\/\/i0.wp.com\/miradordeatarfe.es\/wp-content\/uploads\/2023\/12\/412338801_341685541948537_8026877087542848853_n.jpg?w=2048&amp;ssl=1 2048w, https:\/\/i0.wp.com\/miradordeatarfe.es\/wp-content\/uploads\/2023\/12\/412338801_341685541948537_8026877087542848853_n.jpg?w=1920&amp;ssl=1 1920w\" sizes=\"auto, (max-width: 640px) 100vw, 640px\" \/><\/a><\/div>\n","protected":false},"excerpt":{"rendered":"<p>Ha terminado el primer taller de escritura para adultos organizado por la Biblioteca Mariana Pineda&#8230;<\/p>\n","protected":false},"author":1,"featured_media":65849,"comment_status":"closed","ping_status":"closed","sticky":false,"template":"","format":"standard","meta":{"_coblocks_attr":"","_coblocks_dimensions":"","_coblocks_responsive_height":"","_coblocks_accordion_ie_support":"","jetpack_post_was_ever_published":false,"_jetpack_newsletter_access":"","_jetpack_dont_email_post_to_subs":false,"_jetpack_newsletter_tier_id":0,"_jetpack_memberships_contains_paywalled_content":false,"_jetpack_memberships_contains_paid_content":false,"footnotes":"","jetpack_publicize_message":"","jetpack_publicize_feature_enabled":true,"jetpack_social_post_already_shared":true,"jetpack_social_options":{"image_generator_settings":{"template":"highway","default_image_id":0,"enabled":false},"version":2}},"categories":[187,44],"tags":[],"class_list":["post-65844","post","type-post","status-publish","format-standard","has-post-thumbnail","hentry","category-centros-educativos","category-noticias-de-hoy"],"jetpack_publicize_connections":[],"jetpack_featured_media_url":"https:\/\/i0.wp.com\/miradordeatarfe.es\/wp-content\/uploads\/2023\/12\/Screenshot-2023-12-19-at-11-03-03-Entrevista-a-Alejandro-Pedregosa-autor-de-Hotel-Mediterraneo.png?fit=500%2C398&ssl=1","jetpack_likes_enabled":true,"jetpack_sharing_enabled":true,"_links":{"self":[{"href":"https:\/\/miradordeatarfe.es\/index.php?rest_route=\/wp\/v2\/posts\/65844","targetHints":{"allow":["GET"]}}],"collection":[{"href":"https:\/\/miradordeatarfe.es\/index.php?rest_route=\/wp\/v2\/posts"}],"about":[{"href":"https:\/\/miradordeatarfe.es\/index.php?rest_route=\/wp\/v2\/types\/post"}],"author":[{"embeddable":true,"href":"https:\/\/miradordeatarfe.es\/index.php?rest_route=\/wp\/v2\/users\/1"}],"replies":[{"embeddable":true,"href":"https:\/\/miradordeatarfe.es\/index.php?rest_route=%2Fwp%2Fv2%2Fcomments&post=65844"}],"version-history":[{"count":1,"href":"https:\/\/miradordeatarfe.es\/index.php?rest_route=\/wp\/v2\/posts\/65844\/revisions"}],"predecessor-version":[{"id":65850,"href":"https:\/\/miradordeatarfe.es\/index.php?rest_route=\/wp\/v2\/posts\/65844\/revisions\/65850"}],"wp:featuredmedia":[{"embeddable":true,"href":"https:\/\/miradordeatarfe.es\/index.php?rest_route=\/wp\/v2\/media\/65849"}],"wp:attachment":[{"href":"https:\/\/miradordeatarfe.es\/index.php?rest_route=%2Fwp%2Fv2%2Fmedia&parent=65844"}],"wp:term":[{"taxonomy":"category","embeddable":true,"href":"https:\/\/miradordeatarfe.es\/index.php?rest_route=%2Fwp%2Fv2%2Fcategories&post=65844"},{"taxonomy":"post_tag","embeddable":true,"href":"https:\/\/miradordeatarfe.es\/index.php?rest_route=%2Fwp%2Fv2%2Ftags&post=65844"}],"curies":[{"name":"wp","href":"https:\/\/api.w.org\/{rel}","templated":true}]}}