{"id":65895,"date":"2023-12-20T09:18:07","date_gmt":"2023-12-20T08:18:07","guid":{"rendered":"https:\/\/miradordeatarfe.es\/?p=65895"},"modified":"2023-12-19T19:24:56","modified_gmt":"2023-12-19T18:24:56","slug":"el-vaticano-toma-una-decision-historica-y-permitira-a-los-sacerdotes-bendecir-parejas-homosexuales-o-divorciados-vueltos-a-casar","status":"publish","type":"post","link":"https:\/\/miradordeatarfe.es\/?p=65895","title":{"rendered":"El Vaticano toma una decisi\u00f3n hist\u00f3rica y permitir\u00e1 a los sacerdotes bendecir parejas homosexuales o divorciados vueltos a casar"},"content":{"rendered":"<h3 style=\"text-align: justify;\">La declaraci\u00f3n, sancionada este lunes por el papa Francisco, no equipara estas uniones con el matrimonio y tampoco prev\u00e9 un ritual espec\u00edfico.<\/h3>\n<p class=\"article-text\" style=\"text-align: justify;\">\u201cSe puede entender la posibilidad de bendecir a las parejas en situaciones irregulares y a las parejas del mismo sexo, sin convalidar oficialmente su\u00a0<em>status\u00a0<\/em>ni alterar en modo alguno la ense\u00f1anza perenne de la Iglesia sobre el Matrimonio\u201d. <a class=\"link\" href=\"https:\/\/www.religiondigital.org\/vaticano\/Documentos-RD-Vaticano-sacramentales-parejas-homosexuales-irregulares_0_2625337457.html\" target=\"_blank\" rel=\"noopener\" data-mrf-recirculation=\"links-noticia\" data-mrf-link=\"https:\/\/www.religiondigital.org\/vaticano\/Documentos-RD-Vaticano-sacramentales-parejas-homosexuales-irregulares_0_2625337457.html\">Declaraci\u00f3n hist\u00f3rica de la Santa Sede,<\/a> que acaba de ser dada a conocer,\u00a0\u201cpresentada al Santo Padre, que la aprob\u00f3 con su firma\u201d, y que permitir\u00e1, a partir de ahora, que sacerdotes puedan bendecir a una pareja del mismo sexo o a un matrimonio civil, o una pareja de hecho.\u00a0<\/p>\n<p class=\"article-text\" style=\"text-align: justify;\">En la declaraci\u00f3n <em>&#8216;Fiduci supplicans<\/em> sobre el sentido pastoral de las bendiciones, la Santa Sede abre una puerta hasta ahora cerrada, sin necesidad de reformular la doctrina, ni de elaborar nuevas normas. \u201cNo se debe ni promover ni prever un ritual para las bendiciones de parejas en una situaci\u00f3n irregular, pero no se debe tampoco impedir o prohibir la cercan\u00eda de la Iglesia a cada situaci\u00f3n en la que se pida la ayuda de Dios a trav\u00e9s de una simple bendici\u00f3n\u201d.<\/p>\n<p class=\"article-text\" style=\"text-align: justify;\">Como ya ocurriera en las famosas \u00faltimas <em>Dubia<\/em> a los cardenales, \u201cla presente Declaraci\u00f3n se mantiene firme en la doctrina tradicional de la Iglesia sobre el matrimonio, no permitiendo ning\u00fan tipo de rito lit\u00fargico o bendici\u00f3n similar a un rito lit\u00fargico que pueda causar confusi\u00f3n\u201d.<\/p>\n<p class=\"article-text\" style=\"text-align: justify;\">\u201cNo obstante\u201d, a\u00f1ade la declaraci\u00f3n, que \u201cimplica un verdadero desarrollo de lo que se ha dicho sobre las bendiciones en el Magisterio y en los textos oficiales de la Iglesia\u201d, se ofrece \u201cuna contribuci\u00f3n espec\u00edfica e innovadora\u00a0<em>al significado pastoral de las bendiciones\u201d<\/em>, que \u201cpermite ampliar y enriquecer la comprensi\u00f3n cl\u00e1sica de las bendiciones estrechamente vinculada a una perspectiva lit\u00fargica\u201d.<\/p>\n<h3 class=\"article-text\" style=\"text-align: justify;\">Sin rito espec\u00edfico<\/h3>\n<p class=\"article-text\" style=\"text-align: justify;\">Una declaraci\u00f3n que, seg\u00fan la introducci\u00f3n firmada por el prefecto de Doctrina de la Fe, V\u00edctor Manuel Fern\u00e1ndez, \u201cquiere ser tambi\u00e9n un homenaje al Pueblo fiel de Dios, que adora al Se\u00f1or con tantos gestos de profunda confianza en su misericordia y que, con esta actitud, viene constantemente a pedir a la madre Iglesia una bendici\u00f3n\u201d.<\/p>\n<p class=\"article-text\" style=\"text-align: justify;\">La parte m\u00e1s innovadora de la Declaraci\u00f3n, que le dedica una buena parte del texto, es sobre \u201clas bendiciones de parejas en situaciones irregulares y de parejas del mismo sexo\u201d. \u201cEn el horizonte aqu\u00ed delineado se coloca la posibilidad de bendiciones de parejas en situaciones irregulares y de parejas del mismo sexo, cuya forma no debe encontrar ninguna fijaci\u00f3n ritual por parte de las autoridades eclesi\u00e1sticas, para no producir confusi\u00f3n con la bendici\u00f3n propia del sacramento del matrimonio\u201d, se lee.<\/p>\n<p class=\"article-text\" style=\"text-align: justify;\">\u00bfPor qu\u00e9? Entre otras razones, porque \u201cla Iglesia acoge a todos los que se acercan a Dios con coraz\u00f3n humilde, acompa\u00f1\u00e1ndolos con aquellos auxilios espirituales que permiten a todos comprender y realizar plenamente la voluntad de Dios en su existencia\u201d. Una bendici\u00f3n que \u201caunque no se incluya en un rito lit\u00fargico\u201d, s\u00ed \u201cune la oraci\u00f3n de intercesi\u00f3n a la invocaci\u00f3n de ayuda de Dios de aquellos que se dirigen humildemente a \u00c9l\u201d.<\/p>\n<p class=\"article-text\" style=\"text-align: justify;\">Y es que, se\u00f1ala el escrito, \u201c\u00a1Dios no aleja nunca al que se acerca a \u00c9l!\u201d. Este gesto, el de la bendici\u00f3n, \u201cno pretende sancionar ni legitimar nada, las personas pueden experimentar la cercan\u00eda del Padre que desborda los m\u00e9ritos y deseos\u201d. Por ello, el Vaticano reclama que \u201cla sensibilidad pastoral de los ministros ordenados deber\u00eda educarse, tambi\u00e9n, para realizar espont\u00e1neamente bendiciones que no se encuentran en el Bendicional\u201d, para que \u201cdejen de ser un simple gesto\u201d y \u201cevitando que se conviertan en un acto lit\u00fargico o semi-lit\u00fargico, semejante a un sacramento\u201d.<\/p>\n<p class=\"article-text\" style=\"text-align: justify;\">Eso s\u00ed, aclara: \u201cLas decisiones que, en determinadas circunstancias, pueden formar parte de la prudencia pastoral, no necesariamente deben convertirse en una norma\u201d. Esto es: \u201cno es conveniente que una Di\u00f3cesis, una Conferencia Episcopal o cualquier otra estructura eclesial habiliten constantemente y de modo oficial procedimientos o ritos para todo tipo de asuntos\u201d, porque \u201cel Derecho Can\u00f3nico no debe ni puede abarcarlo todo\u201d.<\/p>\n<p class=\"article-text\" style=\"text-align: justify;\">Por ello, \u201cno se debe ni promover ni prever un ritual para las bendiciones de parejas en una situaci\u00f3n irregular, pero no se debe tampoco impedir o prohibir la cercan\u00eda de la Iglesia a cada situaci\u00f3n en la que se pida la ayuda de Dios a trav\u00e9s de una simple bendici\u00f3n\u201d. Con todo, \u201cpara evitar cualquier forma de confusi\u00f3n o de esc\u00e1ndalo, cuando la oraci\u00f3n de bendici\u00f3n la solicite una pareja en situaci\u00f3n irregular, aunque se confiera al margen de los ritos previstos por los libros lit\u00fargicos, esta bendici\u00f3n nunca se realizar\u00e1 al mismo tiempo que los ritos civiles de uni\u00f3n, ni tampoco en conexi\u00f3n con ellos. Ni siquiera con las vestimentas, gestos o palabras propias de un matrimonio. Esto mismo se aplica cuando la bendici\u00f3n es solicitada por una pareja del mismo sexo\u201d.<\/p>\n<p class=\"article-text\" style=\"text-align: justify;\">En cambio, a\u00f1ade el documento, \u201ctal bendici\u00f3n puede encontrar su lugar en otros contextos, como la visita a un santuario, el encuentro con un sacerdote, la oraci\u00f3n recitada en un grupo o durante una peregrinaci\u00f3n\u201d. \u201c Lo que se ha dicho en la presente Declaraci\u00f3n sobre las bendiciones de parejas del mismo sexo, es suficiente para orientar el discernimiento prudente y paterno de los ministros ordenados a este respecto\u201d, culmina el cap\u00edtulo, que aclara que \u201cno cabe esperar otras respuestas sobre c\u00f3mo regular los detalles o los aspectos pr\u00e1cticos relativos a este tipo de bendiciones\u201d.<\/p>\n<p>Toda la informaci\u00f3n en <a class=\"link\" href=\"http:\/\/www.religiondigital.org\" target=\"_blank\" rel=\"noopener\" data-mrf-recirculation=\"links-noticia\" data-mrf-link=\"http:\/\/www.religiondigital.org\/\">www.religiondigital.org<\/a><\/p>\n<div class=\"second-col\">\n<figure class=\"ni-figure\"><figcaption class=\"image-footer\"><span class=\"title\"><a href=\"https:\/\/www.eldiario.es\/autores\/jesus_bastante\/\" data-mrf-link=\"https:\/\/www.eldiario.es\/autores\/jesus_bastante\/\"><strong>Jes\u00fas Bastante<\/strong><\/a><br \/>\nFOTO: Bendici\u00f3n a parejas gay en Alemania <\/span><\/figcaption><\/figure>\n<\/div>\n<p>https:\/\/www.eldiario.es\/sociedad\/vaticano-toma-decision-historica-permitira-sacerdotes-bendecir-parejas-gay-divorciados-vueltos-casar_1_10776298.html<\/p>\n","protected":false},"excerpt":{"rendered":"<p>La declaraci\u00f3n, sancionada este lunes por el papa Francisco, no equipara estas uniones con el&#8230;<\/p>\n","protected":false},"author":1,"featured_media":65896,"comment_status":"closed","ping_status":"closed","sticky":false,"template":"","format":"standard","meta":{"_coblocks_attr":"","_coblocks_dimensions":"","_coblocks_responsive_height":"","_coblocks_accordion_ie_support":"","jetpack_post_was_ever_published":false,"_jetpack_newsletter_access":"","_jetpack_dont_email_post_to_subs":false,"_jetpack_newsletter_tier_id":0,"_jetpack_memberships_contains_paywalled_content":false,"_jetpack_memberships_contains_paid_content":false,"footnotes":"","jetpack_publicize_message":"","jetpack_publicize_feature_enabled":true,"jetpack_social_post_already_shared":true,"jetpack_social_options":{"image_generator_settings":{"template":"highway","default_image_id":0,"enabled":false},"version":2}},"categories":[1161,44,6937],"tags":[],"class_list":["post-65895","post","type-post","status-publish","format-standard","has-post-thumbnail","hentry","category-ciudadania","category-noticias-de-hoy","category-sociedad"],"jetpack_publicize_connections":[],"jetpack_featured_media_url":"https:\/\/i0.wp.com\/miradordeatarfe.es\/wp-content\/uploads\/2023\/12\/f8dfc211-221d-4717-8180-eb67721092dc_16-9-discover-aspect-ratio_default_0.webp?fit=1200%2C675&ssl=1","jetpack_likes_enabled":true,"jetpack_sharing_enabled":true,"_links":{"self":[{"href":"https:\/\/miradordeatarfe.es\/index.php?rest_route=\/wp\/v2\/posts\/65895","targetHints":{"allow":["GET"]}}],"collection":[{"href":"https:\/\/miradordeatarfe.es\/index.php?rest_route=\/wp\/v2\/posts"}],"about":[{"href":"https:\/\/miradordeatarfe.es\/index.php?rest_route=\/wp\/v2\/types\/post"}],"author":[{"embeddable":true,"href":"https:\/\/miradordeatarfe.es\/index.php?rest_route=\/wp\/v2\/users\/1"}],"replies":[{"embeddable":true,"href":"https:\/\/miradordeatarfe.es\/index.php?rest_route=%2Fwp%2Fv2%2Fcomments&post=65895"}],"version-history":[{"count":1,"href":"https:\/\/miradordeatarfe.es\/index.php?rest_route=\/wp\/v2\/posts\/65895\/revisions"}],"predecessor-version":[{"id":65897,"href":"https:\/\/miradordeatarfe.es\/index.php?rest_route=\/wp\/v2\/posts\/65895\/revisions\/65897"}],"wp:featuredmedia":[{"embeddable":true,"href":"https:\/\/miradordeatarfe.es\/index.php?rest_route=\/wp\/v2\/media\/65896"}],"wp:attachment":[{"href":"https:\/\/miradordeatarfe.es\/index.php?rest_route=%2Fwp%2Fv2%2Fmedia&parent=65895"}],"wp:term":[{"taxonomy":"category","embeddable":true,"href":"https:\/\/miradordeatarfe.es\/index.php?rest_route=%2Fwp%2Fv2%2Fcategories&post=65895"},{"taxonomy":"post_tag","embeddable":true,"href":"https:\/\/miradordeatarfe.es\/index.php?rest_route=%2Fwp%2Fv2%2Ftags&post=65895"}],"curies":[{"name":"wp","href":"https:\/\/api.w.org\/{rel}","templated":true}]}}