{"id":65899,"date":"2023-12-21T09:00:48","date_gmt":"2023-12-21T08:00:48","guid":{"rendered":"https:\/\/miradordeatarfe.es\/?p=65899"},"modified":"2023-12-19T12:12:25","modified_gmt":"2023-12-19T11:12:25","slug":"el-gobierno-prohibira-a-la-banca-cobrar-a-los-mayores-de-65-anos-comision-por-retirar-efectivo-en-ventanilla","status":"publish","type":"post","link":"https:\/\/miradordeatarfe.es\/?p=65899","title":{"rendered":"El Gobierno prohibir\u00e1 a la banca cobrar a los mayores de 65 a\u00f1os comisi\u00f3n por retirar efectivo en ventanilla"},"content":{"rendered":"<h3 style=\"text-align: justify;\">El Ejecutivo ampl\u00eda las medidas de protecci\u00f3n a los hipotecados vulnerables hasta aquellos que tengan una renta por hogar de 38.000 euros<\/h3>\n<div class=\"second-col\" style=\"text-align: justify;\">\n<p class=\"article-text\">La vicepresidenta primera, Nadia Calvi\u00f1o, se ha reunido este lunes con las patronales del sector bancario para valorar las medidas de inclusi\u00f3n financiera y de protecci\u00f3n a los hipotecados vulnerables. Una de las principales decisiones tras este encuentro ha sido el anuncio de que el Gobierno prohibir\u00e1 por ley que los bancos cobren a las personas mayores de 65 a\u00f1os por retirar dinero en efectivo en la ventanilla de las sucursales. \u201cVamos a adoptar un cambio legal para prohibir cobro de retiradas en efectivo a personas mayores. Que se elimine este elemento de intranquilidad\u201d, ha defendido la ministra de Asuntos Econ\u00f3micos.<\/p>\n<p class=\"article-text\">Calvi\u00f1o ha reconocido que \u201cbuena parte de las entidades ya han tomado esta medida\u201d, si bien ha apuntado que era un tema de preocupaci\u00f3n para las asociaciones de mayores. Pese a los avances, ha subrayado que \u201cconviene tener esta obligaci\u00f3n legal para que se garantice esta atenci\u00f3n\u201d.<\/p>\n<p class=\"article-text\">Gobierno y banca se han vuelto a ver las caras para abordar el seguimiento de los tres c\u00f3digos de buenas pr\u00e1cticas que tienen firmados los bancos en Espa\u00f1a y que hacen referencia a la inclusi\u00f3n de las personas mayores, los servicios rurales y la protecci\u00f3n de los clientes hipotecarios vulnerables ante la subida de los tipos de inter\u00e9s.<\/p>\n<p class=\"article-text\">Respecto a este \u00faltimo punto, uno de los m\u00e1s relevantes para decenas de miles de hogares en Espa\u00f1a, la reuni\u00f3n ha terminado con algunas novedades. La principal de ellas es que el c\u00f3digo de buenas pr\u00e1cticas con medidas de alivio para hipotecados con cr\u00e9ditos variables se han ampliado hasta los 38.000 euros de renta por hogar, frente a los 29.000 euros que figuraban anteriormente. Esta medida ya fue anunciada por Pedro S\u00e1nchez durante su discurso de investidura hace unas semanas y figuraba en el acuerdo de coalici\u00f3n entre PSOE y Sumar. Calvi\u00f1o estima que ser\u00e1n 100.000 hogares m\u00e1s los que se puedan adherir.<\/p>\n<p class=\"article-text\">Adem\u00e1s, se ha acordado ampliar durante una a\u00f1o m\u00e1s, durante todo 2024, la gratuidad que se contemplaba para los clientes con hipotecas variables para las amortizaciones anticipadas o el traspaso de cr\u00e9ditos a tipos fijos. Tambi\u00e9n a aquellos productos a tipos mixtos, que han ido ganando peso en los \u00faltimos meses y que es una novedad respecto al anterior c\u00f3digo de buenas pr\u00e1cticas<\/p>\n<p class=\"article-text\">En cualquiera de los casos, la cifra de hogares que han solicitado su adhesi\u00f3n a estos c\u00f3digos de buenas pr\u00e1cticas sigue siendo muy limitado. Son 55.000 solicitudes en su primer a\u00f1o en vigor, si bien no se ha detallado cu\u00e1ntas de esas peticiones han sido aprobadas por las entidades financieras.<\/p>\n<p class=\"article-text\">El sector ha apuntado que es un c\u00f3digo de buenas pr\u00e1cticas \u201cpreventivo\u201d, ya que la evoluci\u00f3n que ven durante el \u00faltimo a\u00f1o ha sido positiva. \u201cLa tasa de morosidad de los pr\u00e9stamos hipotecarios es m\u00e1s baja que hace un a\u00f1o\u201d, ha asegurado Mar\u00eda Abascal, directora general de la Asociaci\u00f3n Espa\u00f1ola de Banca (AEB), que engloba a entidades como Santander, BBVA o Sabadell. \u201cNo consideramos estrictamente necesario el crecimiento del umbral por la mejora de la situaci\u00f3n, dicho lo cual, el sector estar\u00e1 a la altura\u201d, ha apuntado. \u201cLa soluci\u00f3n pasa tanto por el c\u00f3digo de buenas pr\u00e1cticas como por la relaci\u00f3n bilateral entre las entidades y los hipotecados\u201d, ha defendido. \u201cNo ser\u00eda recomendable estar revisando el c\u00f3digo cada cierto tiempo\u201d, ha apuntado.<\/p>\n<\/div>\n<p style=\"text-align: justify;\"><a href=\"https:\/\/www.eldiario.es\/autores\/diego_larrouy\/\" data-mrf-link=\"https:\/\/www.eldiario.es\/autores\/diego_larrouy\/\"><strong>Diego Larrouy<\/strong><\/a><\/p>\n<div class=\"second-col\">\n<figure class=\"ni-figure\"><figcaption class=\"image-footer\"><span class=\"title\">FOTO: Dos personas sacan dinero en los cajeros de un banco de Bilbao, en una foto de archivo. <span class=\"author\"> EFE \/ Luis Tejido<\/span> <\/span><\/figcaption><\/figure>\n<\/div>\n<footer class=\"news-info  has-button-follow\" data-mrf-recirculation=\"firma\">\n<div class=\"info-wrapper\">\n<p>https:\/\/www.eldiario.es\/economia\/gobierno-prohibira-ley-comisiones-bancarias-retiradas-efectivo-ventanilla-mayores-65-anos_1_10776222.html<\/p>\n<\/div>\n<\/footer>\n","protected":false},"excerpt":{"rendered":"<p>El Ejecutivo ampl\u00eda las medidas de protecci\u00f3n a los hipotecados vulnerables hasta aquellos que tengan&#8230;<\/p>\n","protected":false},"author":1,"featured_media":65900,"comment_status":"closed","ping_status":"closed","sticky":false,"template":"","format":"standard","meta":{"_coblocks_attr":"","_coblocks_dimensions":"","_coblocks_responsive_height":"","_coblocks_accordion_ie_support":"","jetpack_post_was_ever_published":false,"_jetpack_newsletter_access":"","_jetpack_dont_email_post_to_subs":false,"_jetpack_newsletter_tier_id":0,"_jetpack_memberships_contains_paywalled_content":false,"_jetpack_memberships_contains_paid_content":false,"footnotes":"","jetpack_publicize_message":"","jetpack_publicize_feature_enabled":true,"jetpack_social_post_already_shared":true,"jetpack_social_options":{"image_generator_settings":{"template":"highway","default_image_id":0,"enabled":false},"version":2}},"categories":[1161,44,6920],"tags":[],"class_list":["post-65899","post","type-post","status-publish","format-standard","has-post-thumbnail","hentry","category-ciudadania","category-noticias-de-hoy","category-tecnologia"],"jetpack_publicize_connections":[],"jetpack_featured_media_url":"https:\/\/i0.wp.com\/miradordeatarfe.es\/wp-content\/uploads\/2023\/12\/bcb54efc-162f-4819-9458-5aa43c87e972_16-9-discover-aspect-ratio_default_0.webp?fit=1200%2C675&ssl=1","jetpack_likes_enabled":true,"jetpack_sharing_enabled":true,"_links":{"self":[{"href":"https:\/\/miradordeatarfe.es\/index.php?rest_route=\/wp\/v2\/posts\/65899","targetHints":{"allow":["GET"]}}],"collection":[{"href":"https:\/\/miradordeatarfe.es\/index.php?rest_route=\/wp\/v2\/posts"}],"about":[{"href":"https:\/\/miradordeatarfe.es\/index.php?rest_route=\/wp\/v2\/types\/post"}],"author":[{"embeddable":true,"href":"https:\/\/miradordeatarfe.es\/index.php?rest_route=\/wp\/v2\/users\/1"}],"replies":[{"embeddable":true,"href":"https:\/\/miradordeatarfe.es\/index.php?rest_route=%2Fwp%2Fv2%2Fcomments&post=65899"}],"version-history":[{"count":1,"href":"https:\/\/miradordeatarfe.es\/index.php?rest_route=\/wp\/v2\/posts\/65899\/revisions"}],"predecessor-version":[{"id":65901,"href":"https:\/\/miradordeatarfe.es\/index.php?rest_route=\/wp\/v2\/posts\/65899\/revisions\/65901"}],"wp:featuredmedia":[{"embeddable":true,"href":"https:\/\/miradordeatarfe.es\/index.php?rest_route=\/wp\/v2\/media\/65900"}],"wp:attachment":[{"href":"https:\/\/miradordeatarfe.es\/index.php?rest_route=%2Fwp%2Fv2%2Fmedia&parent=65899"}],"wp:term":[{"taxonomy":"category","embeddable":true,"href":"https:\/\/miradordeatarfe.es\/index.php?rest_route=%2Fwp%2Fv2%2Fcategories&post=65899"},{"taxonomy":"post_tag","embeddable":true,"href":"https:\/\/miradordeatarfe.es\/index.php?rest_route=%2Fwp%2Fv2%2Ftags&post=65899"}],"curies":[{"name":"wp","href":"https:\/\/api.w.org\/{rel}","templated":true}]}}