{"id":65905,"date":"2023-12-20T08:47:24","date_gmt":"2023-12-20T07:47:24","guid":{"rendered":"https:\/\/miradordeatarfe.es\/?p=65905"},"modified":"2023-12-19T19:24:40","modified_gmt":"2023-12-19T18:24:40","slug":"un-incendio-alerta-a-los-trabajadores-del-poligono-industrial-los-alamos-de-atarfe","status":"publish","type":"post","link":"https:\/\/miradordeatarfe.es\/?p=65905","title":{"rendered":"Un incendio alerta a los trabajadores del pol\u00edgono industrial Los \u00c1lamos de Atarfe"},"content":{"rendered":"<h3 class=\"v-a-sub-t\" style=\"text-align: justify;\">El fuego surgido en una nave ha provocado una gruesa columna de humo visible desde varios puntos del \u00e1rea metropolitana<\/h3>\n<p style=\"text-align: justify;\">Un incendio ha alertado a los trabajadores del pol\u00edgono industrial Los \u00c1lamos de Atarfe este martes. El fuego se ha originado en una nave durante la tarde y ha obligado a actuar a Bomberos, Guardia Civil, Polic\u00eda Local y sanitarios.<\/p>\n<p style=\"text-align: justify;\">Seg\u00fan las fuentes consultadas por IDEAL, el incendio afecta a una empresa destinada a la fundici\u00f3n de bronce que se sit\u00faa en el interior del parque industrial. Se desconoce la causa que ha producido las llamas, as\u00ed como si se han registrado heridos o da\u00f1os materiales significativos.<\/p>\n<p style=\"text-align: justify;\"><span class=\"paywall\">El suceso ha provocado una gran columna de humo que ha apertado a los trabajadores del pol\u00edgono, as\u00ed como a los vecinos de distintos puntos del \u00e1rea metropolitana de Granada<\/span><\/p>\n","protected":false},"excerpt":{"rendered":"<p>El fuego surgido en una nave ha provocado una gruesa columna de humo visible desde&#8230;<\/p>\n","protected":false},"author":1,"featured_media":65907,"comment_status":"closed","ping_status":"closed","sticky":false,"template":"","format":"standard","meta":{"_coblocks_attr":"","_coblocks_dimensions":"","_coblocks_responsive_height":"","_coblocks_accordion_ie_support":"","jetpack_post_was_ever_published":false,"_jetpack_newsletter_access":"","_jetpack_dont_email_post_to_subs":false,"_jetpack_newsletter_tier_id":0,"_jetpack_memberships_contains_paywalled_content":false,"_jetpack_memberships_contains_paid_content":false,"footnotes":"","jetpack_publicize_message":"","jetpack_publicize_feature_enabled":true,"jetpack_social_post_already_shared":true,"jetpack_social_options":{"image_generator_settings":{"template":"highway","default_image_id":0,"enabled":false},"version":2}},"categories":[2,9,44],"tags":[],"class_list":["post-65905","post","type-post","status-publish","format-standard","has-post-thumbnail","hentry","category-atarfe","category-medio-ambiente","category-noticias-de-hoy"],"jetpack_publicize_connections":[],"jetpack_featured_media_url":"https:\/\/i0.wp.com\/miradordeatarfe.es\/wp-content\/uploads\/2023\/12\/incendio.webp?fit=1200%2C1600&ssl=1","jetpack_likes_enabled":true,"jetpack_sharing_enabled":true,"_links":{"self":[{"href":"https:\/\/miradordeatarfe.es\/index.php?rest_route=\/wp\/v2\/posts\/65905","targetHints":{"allow":["GET"]}}],"collection":[{"href":"https:\/\/miradordeatarfe.es\/index.php?rest_route=\/wp\/v2\/posts"}],"about":[{"href":"https:\/\/miradordeatarfe.es\/index.php?rest_route=\/wp\/v2\/types\/post"}],"author":[{"embeddable":true,"href":"https:\/\/miradordeatarfe.es\/index.php?rest_route=\/wp\/v2\/users\/1"}],"replies":[{"embeddable":true,"href":"https:\/\/miradordeatarfe.es\/index.php?rest_route=%2Fwp%2Fv2%2Fcomments&post=65905"}],"version-history":[{"count":1,"href":"https:\/\/miradordeatarfe.es\/index.php?rest_route=\/wp\/v2\/posts\/65905\/revisions"}],"predecessor-version":[{"id":65906,"href":"https:\/\/miradordeatarfe.es\/index.php?rest_route=\/wp\/v2\/posts\/65905\/revisions\/65906"}],"wp:featuredmedia":[{"embeddable":true,"href":"https:\/\/miradordeatarfe.es\/index.php?rest_route=\/wp\/v2\/media\/65907"}],"wp:attachment":[{"href":"https:\/\/miradordeatarfe.es\/index.php?rest_route=%2Fwp%2Fv2%2Fmedia&parent=65905"}],"wp:term":[{"taxonomy":"category","embeddable":true,"href":"https:\/\/miradordeatarfe.es\/index.php?rest_route=%2Fwp%2Fv2%2Fcategories&post=65905"},{"taxonomy":"post_tag","embeddable":true,"href":"https:\/\/miradordeatarfe.es\/index.php?rest_route=%2Fwp%2Fv2%2Ftags&post=65905"}],"curies":[{"name":"wp","href":"https:\/\/api.w.org\/{rel}","templated":true}]}}