{"id":65920,"date":"2023-12-29T11:00:40","date_gmt":"2023-12-29T10:00:40","guid":{"rendered":"https:\/\/miradordeatarfe.es\/?p=65920"},"modified":"2024-01-03T23:06:33","modified_gmt":"2024-01-03T22:06:33","slug":"atarfe-real-sociedad-de-tiro-pichon-2","status":"publish","type":"post","link":"https:\/\/miradordeatarfe.es\/?p=65920","title":{"rendered":"ATARFE: Real Sociedad de Tiro Pich\u00f3n"},"content":{"rendered":"<h3 style=\"text-align: justify;\">Se ubica sobre un terreno con una suave pendiente descendente hacia el sur, en direcci\u00f3n al embalse y las instalaciones quedan enmarcadas por un hermoso pinar de la zona.<\/h3>\n<p style=\"text-align: justify;\">Se trata de un edificio lineal de dos alturas, de sencilla distribuci\u00f3n, muy modulada, con plantas racionales y sobrias, con terrazas, bancadas, piscinas y otros elementos que colaboran a ordenar el territorio y a ofrecer una imagen de severa horizontalidad, respetando todo ello el entorno.<\/p>\n<p style=\"text-align: justify;\">Es un edificio muy rico en texturas, con su magn\u00edfico empleo del ladrillo visto, sus juegos de luces y sombras, voladizos, etc. La elecci\u00f3n del hueco y sus carpinter\u00edas lo dotan de un vibrante efecto de conjunto, que logra grandes efectos a partir de la simplicidad de formas y vol\u00famenes.<\/p>\n<p style=\"text-align: justify;\">En la parte norte de esta v\u00eda de acceso se colocaron las explanadas de tiro al pich\u00f3n y tiro al plato. Estas canchas de tiro est\u00e1n orientadas necesariamente al nordeste, para evitar que desde primera hora de la ma\u00f1ana el sol entorpeciera a los participantes de esta actividad. Al sur de la v\u00eda se colocaron las pistas y canchas de las diferentes actividades deportivas, como pistas de tenis, la piscina, un peque\u00f1o campo de golf y una zona infantil con guarder\u00eda y juegos para ni\u00f1os. El edificio social de club propiamente dicho se coloc\u00f3 entre estos dos grupos de zonas deportivas, aprovechando una zona del terreno que se encontraba sobre elevada con respecto al resto, dominando as\u00ed todas las actividades que se desarrollaban a su alrededor.<\/p>\n<p style=\"text-align: justify;\">La multitud de planos diferentes, alternados con terrazas, proporcionan distintos \u00e1ngulos de observaci\u00f3n y planos de estancia y disfrute, tanto de las pistas de tiro como del resto de instalaciones y paisaje, con el pinar y el embalse al fondo.Dos plantas articulan este edificio singular: por un lado, la planta baja o inferior alberga el acceso y en \u00e9l se sit\u00faa, tras una peque\u00f1a escalinata, la recepci\u00f3n y diversas dependencias relacionadas con la actividad del tiro, como armer\u00eda, taller de armeros, vestuarios, cocinas y ba\u00f1os; por otro lado, la planta primera o superior est\u00e1 destinada a salones de celebraci\u00f3n, en dos niveles, restaurante y bar, y terrazas que se disponen alrededor del espacio principal, cubiertas con toldos y totalmente orientadas a los campos de tiro y al paisaje. Toda esta planta superior, est\u00e1 abierta al exterior gracias a su cerramiento de vidrio y forma un solo espacio continuo, cubierto por un \u00fanico techo de casetones de madera y diferenciado en zonas gracias a los desniveles en su forjado de piso, de manera que la zona del bar se sit\u00faa en un plano superior al resto.<\/p>\n<p style=\"text-align: justify;\">El mobiliario en cada uno de estos niveles es distinto, siendo el del nivel superior peque\u00f1as mesas y sillas en las que tomar un refrigerio, mientras que el del nivel inferior est\u00e1 compuesto de grandes sillones y elementos m\u00e1s c\u00f3modos para una estancia m\u00e1s continuada.<\/p>\n<p style=\"text-align: justify;\">Como material de construcci\u00f3n se uso en los cerramientos exteriores y paramentos interiores se utilizo ladrillo blanco sil\u00edceo calc\u00e1reo de siete cent\u00edmetros. Como cerramiento trasparente, en la mayor parte de la planta alta, se usaron lunas de vidrio pulido montadas sobre una carpinter\u00eda met\u00e1lica de perfiles de 40 mil\u00edmetros. En el suelo se colocaron baldosas de gres; y la madera que cubr\u00eda el falso techo estaba compuesta de paneles chapados de ukola.<\/p>\n<p style=\"text-align: justify;\">Este inmueble est\u00e1 inscrito en el Cat\u00e1logo de Bienes Inmuebles de Andaluc\u00eda del Instituto Andaluz de Patrimonio Hist\u00f3rico, y tambi\u00e9n en el registro del Docomomo Ib\u00e9rico.<\/p>\n<h3 style=\"text-align: justify;\">Rese\u00f1a Hist\u00f3rica<\/h3>\n<p style=\"text-align: justify;\">En 1892 se fund\u00f3 la Real Sociedad de Tiro de Pichones de Granada, con sede en la ciudad de Armilla. En 1949-50, se reestructura la Sociedad, acord\u00e1ndose en una de las reuniones su nueva ubicaci\u00f3n a unos terrenos en la zona del R\u00edo Beiro, detr\u00e1s del Campo de Deportes del Frente de Juventudes, terrenos que le hab\u00edan sido regalados por el Gobernador Civil.<\/p>\n<p style=\"text-align: justify;\">Posteriormente, y con la idea de mantener la tradici\u00f3n y de mejorar considerablemente las instalaciones, a\u00f1os m\u00e1s tarde, en 1964, el hist\u00f3rico club deportivo, se traslad\u00f3 a unos terrenos de 22 hect\u00e1reas junto al embalse construido que recog\u00eda las aguas del r\u00edo Cubillas, adquiriendo el actual nombre de Real Sociedad de Tiro de Pich\u00f3n de Granada. Estos terrenos se estaban sometiendo a una repoblaci\u00f3n forestal masiva, que a posteriori contendr\u00eda la erosi\u00f3n del terreno y convertir\u00eda el entorno en el bosque de pino carrasco que es en la actualidad.<\/p>\n<p style=\"text-align: justify;\">Gracias a sus principales promotores (los se\u00f1ores D\u00e1vila Ponce de Le\u00f3n y los hermanos Rodr\u00edguez\u00a0 Acosta Calstrom) y al novedoso proyecto que acomet\u00edan, el club pronto se convirti\u00f3 en referente de la clase acomodada de la ciudad.<\/p>\n<p style=\"text-align: justify;\">El proyecto se le encarg\u00f3 al arquitecto Jos\u00e9 Mar\u00eda Garc\u00eda de Paredes, que dise\u00f1\u00f3 \u00abun edificio de l\u00edneas modernas\u00bb (entre 1966 y 1967) en ladrillo blanco rodeado de terrazas en paratas a distintas alturas, con salones di\u00e1fanos y cerramiento en cristal, necesario para disfrutar del entorno natural que lo rodea.<\/p>\n<p style=\"text-align: justify;\">Su crecimiento espont\u00e1neo y su preocupaci\u00f3n de ofertar deporte y entretenimiento a todos los miembros de la familia hizo, e incluso hoy sigue haci\u00e9ndolo, que se crearan nuevas actividades hasta el punto de convertirse en \u00abun club social, familiar y deportivo\u00bb, tres caracter\u00edsticas con igual importancia, promoviendo y favoreciendo entre sus usuarios una relaci\u00f3n personal y social que iba m\u00e1s all\u00e1 del deporte que se practicara.<\/p>\n<p style=\"text-align: justify;\">Es rese\u00f1able la visita de Don Juan Carlos el 26 de Junio de 1968, quien al a\u00f1o siguiente ser\u00eda nombrado Pr\u00edncipe Sucesor a la Jefatura del Estado de Espa\u00f1a por Franco.<\/p>\n<p style=\"text-align: justify;\"><a href=\"https:\/\/i0.wp.com\/miradordeatarfe.es\/wp-content\/uploads\/2023\/12\/TIRO-A-PICHON-ATARFE.png?ssl=1\"><img data-recalc-dims=\"1\" loading=\"lazy\" decoding=\"async\" class=\"alignnone wp-image-65921 size-full\" src=\"https:\/\/i0.wp.com\/miradordeatarfe.es\/wp-content\/uploads\/2023\/12\/TIRO-A-PICHON-ATARFE.png?resize=640%2C182&#038;ssl=1\" alt=\"\" width=\"640\" height=\"182\" srcset=\"https:\/\/i0.wp.com\/miradordeatarfe.es\/wp-content\/uploads\/2023\/12\/TIRO-A-PICHON-ATARFE.png?w=1026&amp;ssl=1 1026w, https:\/\/i0.wp.com\/miradordeatarfe.es\/wp-content\/uploads\/2023\/12\/TIRO-A-PICHON-ATARFE.png?resize=300%2C85&amp;ssl=1 300w, https:\/\/i0.wp.com\/miradordeatarfe.es\/wp-content\/uploads\/2023\/12\/TIRO-A-PICHON-ATARFE.png?resize=1024%2C290&amp;ssl=1 1024w, https:\/\/i0.wp.com\/miradordeatarfe.es\/wp-content\/uploads\/2023\/12\/TIRO-A-PICHON-ATARFE.png?resize=768%2C218&amp;ssl=1 768w\" sizes=\"auto, (max-width: 640px) 100vw, 640px\" \/><\/a><\/p>\n<h3 style=\"text-align: justify;\"><strong>Bibliograf\u00eda y documentaci\u00f3n<\/strong><\/h3>\n<p style=\"text-align: justify;\">-COLEGIO OFICIAL DE ARQUITECTOS DE GRANADA. Jos\u00e9 Mar\u00eda Garc\u00eda de Paredes en Granada (1962-1990). Colegio Oficial de Arquitectos de Granada, 2001. 84-607-2879-X.<\/p>\n<p style=\"text-align: justify;\">-MESALLES, F\u00e9lix. La Arquitectura del Sol. Sunland Architecture. COA Catalu\u00f1a, COA Comunidad Valenciana, COA Illes Baleares, COA Murcia, COA Almer\u00eda, COA Granada, COA M\u00e1laga, COA Canarias, 2002. 84-86828-38-4.<\/p>\n<p style=\"text-align: justify;\">-MOSQUERA ADELL, Eduardo; MORENO P\u00c9REZ, Jos\u00e9 Ram\u00f3n; PEREZ ESCOLANO, V\u00edctor; PEREZ CANO, Mar\u00eda Teresa. 50 a\u00f1os de arquitectura en Andaluc\u00eda: 1936-1986. Consejer\u00eda de Obras P\u00fablicas y Transportes. Junta de Andaluc\u00eda, 1987. 84-505-4974-4.<\/p>\n<p style=\"text-align: justify;\">-MOSQUERA ADELL, Eduardo; PEREZ CANO, Mar\u00eda Teresa. La Vanguardia Imposible. Quince a\u00f1os de arquitectura contempor\u00e1nea andaluza. Consejer\u00eda de Obras P\u00fablicas y Transportes de la Junta de Andaluc\u00eda, 1990. 84-87001-50-5.<\/p>\n<p style=\"text-align: justify;\">&#8211; Real Sociedad de Tiro Pich\u00f3n. Garc\u00eda de Paredes. Julio 1970, 35-37.<\/p>\n<p style=\"text-align: justify;\">&#8211; Real Sociedad de Tiro Pich\u00f3n. Granada. Agosto 1971, 12-13.<\/p>\n<p style=\"text-align: justify;\">-DE VICENTE. \u201cEl pr\u00edncipe D. Juan Carlos visita instalaciones deportivas de Granada\u201d. ABC de 24 de junio de 1968. p 61<\/p>\n<p style=\"text-align: justify;\">-Cat\u00e1logo de Bienes Inmuebles de Andaluc\u00eda. Instituto Andaluz de Patrimonio Hist\u00f3rico. www.iaph.es.Azud sobre el Cubillas<\/p>\n<h3>PUBLICADO EN EL LIBRO \u00bb ATARFE PATRIMONIO CULTURAL Y NATURAL\u00bb (2015) FRANCISCA L\u00d3PEZ, I\u00d1AKI NIEVA Y MANUEL GUERRERO<\/h3>\n","protected":false},"excerpt":{"rendered":"<p>Se ubica sobre un terreno con una suave pendiente descendente hacia el sur, en direcci\u00f3n&#8230;<\/p>\n","protected":false},"author":1,"featured_media":0,"comment_status":"closed","ping_status":"closed","sticky":false,"template":"","format":"standard","meta":{"_coblocks_attr":"","_coblocks_dimensions":"","_coblocks_responsive_height":"","_coblocks_accordion_ie_support":"","jetpack_post_was_ever_published":false,"_jetpack_newsletter_access":"","_jetpack_dont_email_post_to_subs":false,"_jetpack_newsletter_tier_id":0,"_jetpack_memberships_contains_paywalled_content":false,"_jetpack_memberships_contains_paid_content":false,"footnotes":"","jetpack_publicize_message":"","jetpack_publicize_feature_enabled":true,"jetpack_social_post_already_shared":true,"jetpack_social_options":{"image_generator_settings":{"template":"highway","default_image_id":0,"enabled":false},"version":2}},"categories":[2,1225,186,44],"tags":[],"class_list":["post-65920","post","type-post","status-publish","format-standard","hentry","category-atarfe","category-ha-de-atarfe","category-instituciones","category-noticias-de-hoy"],"jetpack_publicize_connections":[],"jetpack_featured_media_url":"","jetpack_likes_enabled":true,"jetpack_sharing_enabled":true,"_links":{"self":[{"href":"https:\/\/miradordeatarfe.es\/index.php?rest_route=\/wp\/v2\/posts\/65920","targetHints":{"allow":["GET"]}}],"collection":[{"href":"https:\/\/miradordeatarfe.es\/index.php?rest_route=\/wp\/v2\/posts"}],"about":[{"href":"https:\/\/miradordeatarfe.es\/index.php?rest_route=\/wp\/v2\/types\/post"}],"author":[{"embeddable":true,"href":"https:\/\/miradordeatarfe.es\/index.php?rest_route=\/wp\/v2\/users\/1"}],"replies":[{"embeddable":true,"href":"https:\/\/miradordeatarfe.es\/index.php?rest_route=%2Fwp%2Fv2%2Fcomments&post=65920"}],"version-history":[{"count":2,"href":"https:\/\/miradordeatarfe.es\/index.php?rest_route=\/wp\/v2\/posts\/65920\/revisions"}],"predecessor-version":[{"id":66208,"href":"https:\/\/miradordeatarfe.es\/index.php?rest_route=\/wp\/v2\/posts\/65920\/revisions\/66208"}],"wp:attachment":[{"href":"https:\/\/miradordeatarfe.es\/index.php?rest_route=%2Fwp%2Fv2%2Fmedia&parent=65920"}],"wp:term":[{"taxonomy":"category","embeddable":true,"href":"https:\/\/miradordeatarfe.es\/index.php?rest_route=%2Fwp%2Fv2%2Fcategories&post=65920"},{"taxonomy":"post_tag","embeddable":true,"href":"https:\/\/miradordeatarfe.es\/index.php?rest_route=%2Fwp%2Fv2%2Ftags&post=65920"}],"curies":[{"name":"wp","href":"https:\/\/api.w.org\/{rel}","templated":true}]}}