{"id":65923,"date":"2023-12-23T11:20:49","date_gmt":"2023-12-23T10:20:49","guid":{"rendered":"https:\/\/miradordeatarfe.es\/?p=65923"},"modified":"2023-12-21T23:14:38","modified_gmt":"2023-12-21T22:14:38","slug":"aquellas-navidades-atarfenas-recuerdos-de-un-nino-triste-y-solitario","status":"publish","type":"post","link":"https:\/\/miradordeatarfe.es\/?p=65923","title":{"rendered":"AQUELLAS NAVIDADES ATARFE\u00d1AS (RECUERDOS DE UN NI\u00d1O TRISTE Y SOLITARIO) por Fco. L. Rajoy Varela"},"content":{"rendered":"<h3 class=\"textLayer\" style=\"text-align: justify;\" data-main-rotation=\"0\"><span dir=\"ltr\" role=\"presentation\">Hablo de aquellas Navidades de la d\u00e9cada de los 60 y principios de los 70, de aquellas escarchas <\/span><span dir=\"ltr\" role=\"presentation\">matutinas que calaban hasta los huesos y daban paso a ma\u00f1anas luminosas de intensos fr\u00edos y al <\/span><span dir=\"ltr\" role=\"presentation\">fondo, Sierra Nevada cubierta de su eterna capa de armi\u00f1o. La t\u00edpica postal de Navidad.<\/span><\/h3>\n<div class=\"textLayer\" style=\"text-align: justify;\" data-main-rotation=\"0\"><span dir=\"ltr\" role=\"presentation\">No obstante, desde principios de Noviembre ya se respiraba el ambiente navide\u00f1o con el inicio de <\/span><span dir=\"ltr\" role=\"presentation\">las matanzas. Quien pod\u00eda criaba el cerdo en el corral de su casa y lo cebaba a lo largo del a\u00f1o. La <\/span><span dir=\"ltr\" role=\"presentation\">castraci\u00f3n del cerdo formaba\u00a0 arte de esa liturgia, recuerdo a Jalago padre capando alg\u00fan que otro <\/span><span dir=\"ltr\" role=\"presentation\">marrano.<\/span><\/div>\n<div style=\"text-align: justify;\" data-main-rotation=\"0\">\u00a0<\/div>\n<div class=\"textLayer\" style=\"text-align: justify;\" data-main-rotation=\"0\"><span dir=\"ltr\" role=\"presentation\">Recuerdo la actividad fren\u00e9tica que se iniciaba en casa de los Campos, los Pitres, Paco el Cabez\u00f3n y <\/span><span dir=\"ltr\" role=\"presentation\">mi vecina\u00a0 Dolores la Faroles, ah\u00ed en su casa fui testigo presencial de bastantes matanzas y me <\/span><span dir=\"ltr\" role=\"presentation\">empap\u00e9 de la cultura de un pueblo. Hoy en d\u00eda seguro que los animalistas clamar\u00edan al cielo y <\/span><span dir=\"ltr\" role=\"presentation\">exigir\u00edan degollar al amo en vez de al marrano. <\/span><\/div>\n<div style=\"text-align: justify;\" data-main-rotation=\"0\">\u00a0<\/div>\n<div class=\"textLayer\" style=\"text-align: justify;\" data-main-rotation=\"0\"><span dir=\"ltr\" role=\"presentation\">Despu\u00e9s de degollar al cerdo, se le introduc\u00eda en una <\/span><span dir=\"ltr\" role=\"presentation\">artesa con agua hirviendo y se le depilaba todo el cuerpo, a continuaci\u00f3n se le colgaba de un <\/span><span dir=\"ltr\" role=\"presentation\">soporte, se le abr\u00eda en canal y se proced\u00eda a la extracci\u00f3n de las v\u00edsceras y \u00f3rganos con los que se <\/span><span dir=\"ltr\" role=\"presentation\">elaboraban la morcilla, la longaniza, el chorizo, la asadura, etc. Los jamones se salaban y <\/span><span dir=\"ltr\" role=\"presentation\">preparaban para su curaci\u00f3n y posteriormente se colgaban de una viga en la c\u00e1maras altas de la <\/span><span dir=\"ltr\" role=\"presentation\">casas hasta que estaban curados y listos para su consumo.<\/span><\/div>\n<div style=\"text-align: justify;\" data-main-rotation=\"0\">\u00a0<\/div>\n<div class=\"textLayer\" style=\"text-align: justify;\" data-main-rotation=\"0\"><span dir=\"ltr\" role=\"presentation\">Tambi\u00e9n era costumbre tener en los corrales de las casas, gallos, gallinas ponedoras de las que se <\/span><span dir=\"ltr\" role=\"presentation\">obten\u00edan huevos y crianza de pollos, as\u00ed como jaulas con conejos. La mayor\u00eda de estos animales se <\/span><span dir=\"ltr\" role=\"presentation\">dedicaban al consumo propio o bien a su venta. Eran tiempos de pobreza y hab\u00eda que subsistir de <\/span><span dir=\"ltr\" role=\"presentation\">alguna manera.<\/span><\/div>\n<div style=\"text-align: justify;\" data-main-rotation=\"0\">\u00a0<\/div>\n<div class=\"textLayer\" style=\"text-align: justify;\" data-main-rotation=\"0\"><span dir=\"ltr\" role=\"presentation\">Aquellas Navidades en blanco y negro pese a los tiempos econ\u00f3micamente dif\u00edciles no dejaban de <\/span><span dir=\"ltr\" role=\"presentation\">ser entra\u00f1ables. Eran Navidades familiares, humildes, carentes de lujo. Ese esp\u00edritu navide\u00f1o dej\u00f3 <\/span><span dir=\"ltr\" role=\"presentation\">una huella inolvidable en nuestra mente y nuestro coraz\u00f3n.<\/span><\/div>\n<div style=\"text-align: justify;\" data-main-rotation=\"0\">\u00a0<\/div>\n<div class=\"textLayer\" style=\"text-align: justify;\" data-main-rotation=\"0\"><span dir=\"ltr\" role=\"presentation\">Recuerdo el sabor de aquellos mantecados, roscos y polvorones caseros que nuestras madres <\/span><span dir=\"ltr\" role=\"presentation\">elaboraban en casa con los licores que se compraban a granel en la destiler\u00eda de la familia Alonso <\/span><span dir=\"ltr\" role=\"presentation\">Ramal en la calle del Cine al lado de la plaza de los Pe\u00f1ones. Despu\u00e9s se horneaban en alguna de <\/span><span dir=\"ltr\" role=\"presentation\">las tahonas que ten\u00edamos pr\u00f3ximos en el barrio. Los hornos de Bienvenido, Pepe V\u00edlchez, Paco el <\/span><span dir=\"ltr\" role=\"presentation\">de las Prudencias, Callej\u00f3n, los Hermidas, etc. <\/span><span dir=\"ltr\" role=\"presentation\">Todos estos productos navide\u00f1os de sabor casero tan <\/span><span dir=\"ltr\" role=\"presentation\">genuino y original que a\u00fan pasados los a\u00f1os se recuerdan tanto su olor como su sabor.<\/span><\/div>\n<div style=\"text-align: justify;\" data-main-rotation=\"0\">\u00a0<\/div>\n<div class=\"textLayer\" style=\"text-align: justify;\" data-main-rotation=\"0\"><span dir=\"ltr\" role=\"presentation\">Y<\/span> <span dir=\"ltr\" role=\"presentation\">as\u00ed se llegaba al d\u00eda de Nochebuena, la cena en familia tan entra\u00f1able como inolvidable, el canto <\/span><span dir=\"ltr\" role=\"presentation\">de villancicos acompa\u00f1ados de guitarra<\/span><span dir=\"ltr\" role=\"presentation\">s<\/span><span dir=\"ltr\" role=\"presentation\">, pandereta<\/span><span dir=\"ltr\" role=\"presentation\">s<\/span><span dir=\"ltr\" role=\"presentation\">, zambomba<\/span><span dir=\"ltr\" role=\"presentation\">s<\/span> <span dir=\"ltr\" role=\"presentation\">y carra<\/span><span dir=\"ltr\" role=\"presentation\">\u00f1a<\/span><span dir=\"ltr\" role=\"presentation\">ca<\/span><span dir=\"ltr\" role=\"presentation\">s<\/span><span dir=\"ltr\" role=\"presentation\">. Y despu\u00e9s de la <\/span><span dir=\"ltr\" role=\"presentation\">cena las familias acud\u00edamos a la misa del Gallo. Fueron otros tiempos<\/span> <span dir=\"ltr\" role=\"presentation\">y otras costumbres. No <\/span><span dir=\"ltr\" role=\"presentation\">quiero ni puedo olvidarme de aquel Bel\u00e9n que montaba cada a\u00f1o mi vecino Juan de Dios Arjona, no <\/span><span dir=\"ltr\" role=\"presentation\">s\u00f3lo por la cantidad de figuras y hasta el \u00faltimo detalle hecho con un gusto exquisito.<\/span><\/div>\n<div class=\"textLayer\" style=\"text-align: justify;\" data-main-rotation=\"0\"><br role=\"presentation\" \/><br \/>\n<span dir=\"ltr\" role=\"presentation\">E<\/span><span dir=\"ltr\" role=\"presentation\">l d\u00eda de Navidad hab\u00eda comida especial, no faltaba ni un detalle, sopa de caldo con sus trozos de <\/span><span dir=\"ltr\" role=\"presentation\">carne y sangre frita, se com\u00eda alg\u00fan gallo o pollo criado en el corral y de postre mantecados, roscos<\/span> <span dir=\"ltr\" role=\"presentation\">y polvorones.<\/span><\/div>\n<div style=\"text-align: justify;\" data-main-rotation=\"0\">\u00a0<\/div>\n<div class=\"textLayer\" style=\"text-align: justify;\" data-main-rotation=\"0\"><span dir=\"ltr\" role=\"presentation\">N<\/span><span dir=\"ltr\" role=\"presentation\">o quiero caer en el t\u00f3pico err\u00f3neo y nost\u00e1lgico de que cualquier tiempo pasado fue mejor. Fue una <\/span><span dir=\"ltr\" role=\"presentation\">\u00e9poca distinta y con ilusiones distintas.<\/span><\/div>\n<div style=\"text-align: justify;\" data-main-rotation=\"0\">\u00a0<\/div>\n<div class=\"textLayer\" style=\"text-align: justify;\" data-main-rotation=\"0\"><span dir=\"ltr\" role=\"presentation\">Las fiestas navide\u00f1as se cerraban con la cabalgata previa del d\u00eda de Reyes.<\/span> <span dir=\"ltr\" role=\"presentation\">Quien pod\u00eda y quer\u00eda <\/span><span dir=\"ltr\" role=\"presentation\">cog\u00eda el tranv\u00eda que te dejaba frente a la Gran V\u00eda de Granada que era por donde transcurr\u00eda la <\/span><span dir=\"ltr\" role=\"presentation\">Cabalgata o bien a nivel local, en Atarfe, se instalaba el trono de los Reyes en los locales del <\/span><span dir=\"ltr\" role=\"presentation\">Servicio de Extensi\u00f3n Agraria en la calle de la C\u00e1rcel. <\/span><\/div>\n<div style=\"text-align: justify;\" data-main-rotation=\"0\">\u00a0<\/div>\n<div class=\"textLayer\" style=\"text-align: justify;\" data-main-rotation=\"0\"><span dir=\"ltr\" role=\"presentation\">Con que ilusi\u00f3n acud\u00edamos los ni\u00f1os a <\/span><span dir=\"ltr\" role=\"presentation\">entregarle la carta con nuestros deseos y hacernos una foto. Al d\u00eda siguiente \u00e9ramos felices con lo <\/span><span dir=\"ltr\" role=\"presentation\">que nos llegaba. No importara que fuera poco, ni tampoco que el regalo no fuera el que hab\u00edamos <\/span><span dir=\"ltr\" role=\"presentation\">pedido. La ilusi\u00f3n no nos la quitaba nadie, ni por ello \u00e9ramos menos felices.<\/span><\/div>\n<div style=\"text-align: justify;\" data-main-rotation=\"0\">\u00a0<\/div>\n<div style=\"text-align: justify;\" data-main-rotation=\"0\">As\u00ed eran aquellas Navidades y aquella ni\u00f1ez que los Reyes Magos dejaron en la ventana de mi vida como el mejor regalo.<\/div>\n<div data-main-rotation=\"0\">\u00a0<\/div>\n<div class=\"page\" style=\"text-align: justify;\" role=\"region\" data-page-number=\"1\" aria-label=\"P\u00e1gina 1\" data-loaded=\"true\"><strong>Francisco L. Rajoy Varela<\/strong><\/div>\n<div class=\"page\" role=\"region\" data-page-number=\"2\" aria-label=\"P\u00e1gina 2\" data-loaded=\"true\">\n<div class=\"canvasWrapper\">\u00a0<\/div>\n<\/div>\n","protected":false},"excerpt":{"rendered":"<p>Hablo de aquellas Navidades de la d\u00e9cada de los 60 y principios de los 70,&#8230;<\/p>\n","protected":false},"author":1,"featured_media":65924,"comment_status":"closed","ping_status":"closed","sticky":false,"template":"","format":"standard","meta":{"_coblocks_attr":"","_coblocks_dimensions":"","_coblocks_responsive_height":"","_coblocks_accordion_ie_support":"","jetpack_post_was_ever_published":false,"_jetpack_newsletter_access":"","_jetpack_dont_email_post_to_subs":false,"_jetpack_newsletter_tier_id":0,"_jetpack_memberships_contains_paywalled_content":false,"_jetpack_memberships_contains_paid_content":false,"footnotes":"","jetpack_publicize_message":"","jetpack_publicize_feature_enabled":true,"jetpack_social_post_already_shared":true,"jetpack_social_options":{"image_generator_settings":{"template":"highway","default_image_id":0,"enabled":false},"version":2}},"categories":[2,7167,1225,44],"tags":[],"class_list":["post-65923","post","type-post","status-publish","format-standard","has-post-thumbnail","hentry","category-atarfe","category-opinion-de-fco-luis-rajoy","category-ha-de-atarfe","category-noticias-de-hoy"],"jetpack_publicize_connections":[],"jetpack_featured_media_url":"https:\/\/i0.wp.com\/miradordeatarfe.es\/wp-content\/uploads\/2023\/12\/1702807904537-scaled.jpg?fit=1632%2C2560&ssl=1","jetpack_likes_enabled":true,"jetpack_sharing_enabled":true,"_links":{"self":[{"href":"https:\/\/miradordeatarfe.es\/index.php?rest_route=\/wp\/v2\/posts\/65923","targetHints":{"allow":["GET"]}}],"collection":[{"href":"https:\/\/miradordeatarfe.es\/index.php?rest_route=\/wp\/v2\/posts"}],"about":[{"href":"https:\/\/miradordeatarfe.es\/index.php?rest_route=\/wp\/v2\/types\/post"}],"author":[{"embeddable":true,"href":"https:\/\/miradordeatarfe.es\/index.php?rest_route=\/wp\/v2\/users\/1"}],"replies":[{"embeddable":true,"href":"https:\/\/miradordeatarfe.es\/index.php?rest_route=%2Fwp%2Fv2%2Fcomments&post=65923"}],"version-history":[{"count":4,"href":"https:\/\/miradordeatarfe.es\/index.php?rest_route=\/wp\/v2\/posts\/65923\/revisions"}],"predecessor-version":[{"id":66000,"href":"https:\/\/miradordeatarfe.es\/index.php?rest_route=\/wp\/v2\/posts\/65923\/revisions\/66000"}],"wp:featuredmedia":[{"embeddable":true,"href":"https:\/\/miradordeatarfe.es\/index.php?rest_route=\/wp\/v2\/media\/65924"}],"wp:attachment":[{"href":"https:\/\/miradordeatarfe.es\/index.php?rest_route=%2Fwp%2Fv2%2Fmedia&parent=65923"}],"wp:term":[{"taxonomy":"category","embeddable":true,"href":"https:\/\/miradordeatarfe.es\/index.php?rest_route=%2Fwp%2Fv2%2Fcategories&post=65923"},{"taxonomy":"post_tag","embeddable":true,"href":"https:\/\/miradordeatarfe.es\/index.php?rest_route=%2Fwp%2Fv2%2Ftags&post=65923"}],"curies":[{"name":"wp","href":"https:\/\/api.w.org\/{rel}","templated":true}]}}