{"id":65932,"date":"2023-12-26T10:19:45","date_gmt":"2023-12-26T09:19:45","guid":{"rendered":"https:\/\/miradordeatarfe.es\/?p=65932"},"modified":"2023-12-19T21:23:54","modified_gmt":"2023-12-19T20:23:54","slug":"la-administracion-blindada-contra-el-ciudadano","status":"publish","type":"post","link":"https:\/\/miradordeatarfe.es\/?p=65932","title":{"rendered":"La Administraci\u00f3n, blindada contra el ciudadano"},"content":{"rendered":"<h3 class=\"a_st\" style=\"text-align: justify;\">Los lectores escriben sobre las citas previas obligatorias para acceder a cualquier servicio administrativo, la dif\u00edcil situaci\u00f3n de los j\u00f3venes, la subida del precio del aceite, y sobre la vacuna contra la bronquiolitis<\/h3>\n<p class=\"\" style=\"text-align: justify;\">El desconocimiento general sobre c\u00f3mo actuar y la letalidad de <a href=\"https:\/\/elpais.com\/noticias\/pandemia\/\" target=\"_blank\" rel=\"noopener\" data-link-track-dtm=\"\" data-mrf-link=\"https:\/\/elpais.com\/noticias\/pandemia\/\">la pandemia<\/a> obligaron a las distintas administraciones a tomar medidas dr\u00e1sticas, encaminadas a evitar contagios, que cambiaron las din\u00e1micas de aquellos servicios que, frecuentemente, se prestaban de forma directa y m\u00e1s o menos inmediata. Ese tiempo se aprovech\u00f3 para mejorar los servicios telem\u00e1ticos. La pandemia ha terminado y, sin embargo, la Administraci\u00f3n no se ha \u201cdesmilitarizado\u201d. Parece que el peligro para el personal interno no era el virus, sino el ciudadano. Los tel\u00e9fonos siempre comunican, la seguridad responde, como una m\u00e1quina: la web, la web, la web; cualquier asunto requiere cita previa, las citas se demoran semanas\u2026 La Administraci\u00f3n deber\u00eda blindarse de los piratas inform\u00e1ticos, no de los ciudadanos. Estos sufragan con sus impuestos las diferentes administraciones y les dan raz\u00f3n de ser. Esperan de ellas un servicio digno y a la altura. En general, nos merecemos una mejor atenci\u00f3n y un mejor trato.<\/p>\n<p class=\"\" style=\"text-align: justify;\"><b>Guillermo Carrillo Ayala.<\/b> Sevilla<\/p>\n<p>FOTO:Una usuaria consulta la p\u00e1gina de citas previas del INSS para solicitar una cita presencial en el servicio de la Seguridad Social.<span class=\"a_m_m\">OSCAR CORRAL<\/span><\/p>\n<p>https:\/\/elpais.com\/opinion\/2023-10-01\/la-administracion-blindada-contra-el-ciudadano.html?ssm=WH_CM&#038;utm_source=wh&#038;utm_medium=social<\/p>\n","protected":false},"excerpt":{"rendered":"<p>Los lectores escriben sobre las citas previas obligatorias para acceder a cualquier servicio administrativo, la&#8230;<\/p>\n","protected":false},"author":1,"featured_media":65933,"comment_status":"closed","ping_status":"closed","sticky":false,"template":"","format":"standard","meta":{"_coblocks_attr":"","_coblocks_dimensions":"","_coblocks_responsive_height":"","_coblocks_accordion_ie_support":"","jetpack_post_was_ever_published":false,"_jetpack_newsletter_access":"","_jetpack_dont_email_post_to_subs":false,"_jetpack_newsletter_tier_id":0,"_jetpack_memberships_contains_paywalled_content":false,"_jetpack_memberships_contains_paid_content":false,"footnotes":"","jetpack_publicize_message":"","jetpack_publicize_feature_enabled":true,"jetpack_social_post_already_shared":true,"jetpack_social_options":{"image_generator_settings":{"template":"highway","default_image_id":0,"enabled":false},"version":2}},"categories":[1161,44,6937],"tags":[],"class_list":["post-65932","post","type-post","status-publish","format-standard","has-post-thumbnail","hentry","category-ciudadania","category-noticias-de-hoy","category-sociedad"],"jetpack_publicize_connections":[],"jetpack_featured_media_url":"https:\/\/i0.wp.com\/miradordeatarfe.es\/wp-content\/uploads\/2023\/12\/Screenshot-2023-12-19-at-21-21-17-La-Administracion-blindada-contra-el-ciudadano.png?fit=367%2C292&ssl=1","jetpack_likes_enabled":true,"jetpack_sharing_enabled":true,"_links":{"self":[{"href":"https:\/\/miradordeatarfe.es\/index.php?rest_route=\/wp\/v2\/posts\/65932","targetHints":{"allow":["GET"]}}],"collection":[{"href":"https:\/\/miradordeatarfe.es\/index.php?rest_route=\/wp\/v2\/posts"}],"about":[{"href":"https:\/\/miradordeatarfe.es\/index.php?rest_route=\/wp\/v2\/types\/post"}],"author":[{"embeddable":true,"href":"https:\/\/miradordeatarfe.es\/index.php?rest_route=\/wp\/v2\/users\/1"}],"replies":[{"embeddable":true,"href":"https:\/\/miradordeatarfe.es\/index.php?rest_route=%2Fwp%2Fv2%2Fcomments&post=65932"}],"version-history":[{"count":1,"href":"https:\/\/miradordeatarfe.es\/index.php?rest_route=\/wp\/v2\/posts\/65932\/revisions"}],"predecessor-version":[{"id":65934,"href":"https:\/\/miradordeatarfe.es\/index.php?rest_route=\/wp\/v2\/posts\/65932\/revisions\/65934"}],"wp:featuredmedia":[{"embeddable":true,"href":"https:\/\/miradordeatarfe.es\/index.php?rest_route=\/wp\/v2\/media\/65933"}],"wp:attachment":[{"href":"https:\/\/miradordeatarfe.es\/index.php?rest_route=%2Fwp%2Fv2%2Fmedia&parent=65932"}],"wp:term":[{"taxonomy":"category","embeddable":true,"href":"https:\/\/miradordeatarfe.es\/index.php?rest_route=%2Fwp%2Fv2%2Fcategories&post=65932"},{"taxonomy":"post_tag","embeddable":true,"href":"https:\/\/miradordeatarfe.es\/index.php?rest_route=%2Fwp%2Fv2%2Ftags&post=65932"}],"curies":[{"name":"wp","href":"https:\/\/api.w.org\/{rel}","templated":true}]}}