{"id":65944,"date":"2023-12-26T10:27:31","date_gmt":"2023-12-26T09:27:31","guid":{"rendered":"https:\/\/miradordeatarfe.es\/?p=65944"},"modified":"2023-12-26T10:28:00","modified_gmt":"2023-12-26T09:28:00","slug":"atarfeconjunto-zona-cubillas-parte-2a","status":"publish","type":"post","link":"https:\/\/miradordeatarfe.es\/?p=65944","title":{"rendered":"ATARFE:CONJUNTO ZONA CUBILLAS (parte 2\u00aa)"},"content":{"rendered":"<h2 style=\"text-align: justify;\">Pinar del Pantano del Cubillas<\/h2>\n<p style=\"text-align: justify;\">En los alrededores del pantano abundan pinares de repoblaci\u00f3n (pino Carrasco), encinas, quejigos, coscojas, retamas y jaras. Cerca del curso del agua se encuentra vegetaci\u00f3n de ribera m\u00e1s desarrollada: eucaliptos, zonas de juncos y saucedas, rosales silvestres,zarzamoras, etc.<\/p>\n<p style=\"text-align: justify;\">Debido a esta riqueza, las rutas a trav\u00e9s de bosques y riberas ofrecen espacios naturales de gran inter\u00e9s desde el punto de vista paisaj\u00edstico y bot\u00e1nico.<\/p>\n<h3 style=\"text-align: justify;\">Rese\u00f1a Hist\u00f3rica<\/h3>\n<p style=\"text-align: justify;\">Estos terrenos se sometieron a repoblaciones forestales masivas, que a posteriori contendr\u00edan la erosi\u00f3n del terreno y los convertir\u00edan en el bosque de pino carrasco que encontramos en la actualidad.<\/p>\n<p style=\"text-align: justify;\">En la Ley de Obras P\u00fablicas del Consejo de Ministros de 11 de Abril de 1939, se aprob\u00f3 el Plan Forestal en el Pantano del Cubillas, la primera repoblaci\u00f3n forestal de la zona.En 1953 se aprob\u00f3 el plan de repoblaci\u00f3n forestal y ordenaci\u00f3n de cultivos de la cuenca del Pantano del Cubillas, declar\u00e1ndose de Utilidad P\u00fablica y de alto inter\u00e9s nacional por los Ministerios de Obras P\u00fablicas y Agricultura.<\/p>\n<p style=\"text-align: justify;\">Con una ayuda econ\u00f3mica estatal, se convirtieron en regad\u00edos tres mil hect\u00e1reas de tierras de siete municipios granadinos (Albolote, Atarfe, Maracena, Peligros, Pulianas, Pulianillas y Granada) y se mejoraron otras dos mil quinientas hect\u00e1reas (de Pinos Puente, Valderrubio, Atarfe, Maracena y Granada).<\/p>\n<p style=\"text-align: justify;\"><a href=\"https:\/\/i0.wp.com\/miradordeatarfe.es\/wp-content\/uploads\/2023\/12\/cubillas-pinar.png?ssl=1\"><img data-recalc-dims=\"1\" loading=\"lazy\" decoding=\"async\" class=\"alignnone wp-image-65945 \" src=\"https:\/\/i0.wp.com\/miradordeatarfe.es\/wp-content\/uploads\/2023\/12\/cubillas-pinar.png?resize=472%2C265&#038;ssl=1\" alt=\"\" width=\"472\" height=\"265\" \/><\/a><\/p>\n<h2 style=\"text-align: justify;\">Acueducto del pantano de Cubillas<\/h2>\n<p style=\"text-align: justify;\">Localizaci\u00f3n:\u00a0 Junto al trazado de la crta. CN-323, a unos 600 m direcci\u00f3n Caparacena desde el desv\u00edo cercano al camping<\/p>\n<p style=\"text-align: justify;\">Acueducto derivado del pantano de Cubillas, que conduce sus aguas hasta el canal de Atarfe y el canal del cortijillo que abastece la depuradora de Pinos Puente. El canal fue construido en 1954, su secci\u00f3n es rectangular de hormig\u00f3n armado y est\u00e1 sustentada por doble arco parab\u00f3lico, igualmente de hormig\u00f3n armado, que se apoya en sendas pilas. Estas son de secci\u00f3n rectangular, decrecienteen altura en cuatro tramos.<\/p>\n<p style=\"text-align: justify;\">El acueducto salva el antiguo cauce del Cubillas, derivado tras la construcci\u00f3n del pantano. Tiene seis vanos salvados por doble arco. M\u00e1s que la luz de los vanos, llama la atenci\u00f3n la altura de las pilas y m\u00e1s a\u00fan su implantaci\u00f3n en el paisaje, en mitad del antiguo cauce y entra pinares.<\/p>\n<h3 style=\"text-align: justify;\">Rese\u00f1a Hist\u00f3rica<\/h3>\n<p style=\"text-align: justify;\">Su construcci\u00f3n fue realizada por la Confederaci\u00f3n Hidrogr\u00e1fica del Guadalquivir, y el ingeniero que dise\u00f1o el acueducto fue Carlos Fern\u00e1ndez Casado.<\/p>\n<h3>PUBLICADO EN EL LIBRO \u00bb ATARFE PATRIMONIO CULTURAL Y NATURAL\u00bb (2015) FRANCISCA L\u00d3PEZ, I\u00d1AKI NIEVA Y MANUEL GUERRERO<\/h3>\n<p><a href=\"https:\/\/i0.wp.com\/miradordeatarfe.es\/wp-content\/uploads\/2023\/12\/cubillas-4.png?ssl=1\"><img data-recalc-dims=\"1\" loading=\"lazy\" decoding=\"async\" class=\"alignnone wp-image-65946 size-full\" src=\"https:\/\/i0.wp.com\/miradordeatarfe.es\/wp-content\/uploads\/2023\/12\/cubillas-4.png?resize=640%2C202&#038;ssl=1\" alt=\"\" width=\"640\" height=\"202\" srcset=\"https:\/\/i0.wp.com\/miradordeatarfe.es\/wp-content\/uploads\/2023\/12\/cubillas-4.png?w=947&amp;ssl=1 947w, https:\/\/i0.wp.com\/miradordeatarfe.es\/wp-content\/uploads\/2023\/12\/cubillas-4.png?resize=300%2C95&amp;ssl=1 300w, https:\/\/i0.wp.com\/miradordeatarfe.es\/wp-content\/uploads\/2023\/12\/cubillas-4.png?resize=768%2C242&amp;ssl=1 768w\" sizes=\"auto, (max-width: 640px) 100vw, 640px\" \/><\/a><\/p>\n","protected":false},"excerpt":{"rendered":"<p>Pinar del Pantano del Cubillas En los alrededores del pantano abundan pinares de repoblaci\u00f3n (pino&#8230;<\/p>\n","protected":false},"author":1,"featured_media":65947,"comment_status":"closed","ping_status":"closed","sticky":false,"template":"","format":"standard","meta":{"_coblocks_attr":"","_coblocks_dimensions":"","_coblocks_responsive_height":"","_coblocks_accordion_ie_support":"","jetpack_post_was_ever_published":false,"_jetpack_newsletter_access":"","_jetpack_dont_email_post_to_subs":false,"_jetpack_newsletter_tier_id":0,"_jetpack_memberships_contains_paywalled_content":false,"_jetpack_memberships_contains_paid_content":false,"footnotes":"","jetpack_publicize_message":"","jetpack_publicize_feature_enabled":true,"jetpack_social_post_already_shared":false,"jetpack_social_options":{"image_generator_settings":{"template":"highway","default_image_id":0,"enabled":false},"version":2}},"categories":[2,1225,186,44],"tags":[],"class_list":["post-65944","post","type-post","status-publish","format-standard","has-post-thumbnail","hentry","category-atarfe","category-ha-de-atarfe","category-instituciones","category-noticias-de-hoy"],"jetpack_publicize_connections":[],"jetpack_featured_media_url":"https:\/\/i0.wp.com\/miradordeatarfe.es\/wp-content\/uploads\/2023\/12\/cubillas-6.png?fit=273%2C134&ssl=1","jetpack_likes_enabled":true,"jetpack_sharing_enabled":true,"_links":{"self":[{"href":"https:\/\/miradordeatarfe.es\/index.php?rest_route=\/wp\/v2\/posts\/65944","targetHints":{"allow":["GET"]}}],"collection":[{"href":"https:\/\/miradordeatarfe.es\/index.php?rest_route=\/wp\/v2\/posts"}],"about":[{"href":"https:\/\/miradordeatarfe.es\/index.php?rest_route=\/wp\/v2\/types\/post"}],"author":[{"embeddable":true,"href":"https:\/\/miradordeatarfe.es\/index.php?rest_route=\/wp\/v2\/users\/1"}],"replies":[{"embeddable":true,"href":"https:\/\/miradordeatarfe.es\/index.php?rest_route=%2Fwp%2Fv2%2Fcomments&post=65944"}],"version-history":[{"count":2,"href":"https:\/\/miradordeatarfe.es\/index.php?rest_route=\/wp\/v2\/posts\/65944\/revisions"}],"predecessor-version":[{"id":65949,"href":"https:\/\/miradordeatarfe.es\/index.php?rest_route=\/wp\/v2\/posts\/65944\/revisions\/65949"}],"wp:featuredmedia":[{"embeddable":true,"href":"https:\/\/miradordeatarfe.es\/index.php?rest_route=\/wp\/v2\/media\/65947"}],"wp:attachment":[{"href":"https:\/\/miradordeatarfe.es\/index.php?rest_route=%2Fwp%2Fv2%2Fmedia&parent=65944"}],"wp:term":[{"taxonomy":"category","embeddable":true,"href":"https:\/\/miradordeatarfe.es\/index.php?rest_route=%2Fwp%2Fv2%2Fcategories&post=65944"},{"taxonomy":"post_tag","embeddable":true,"href":"https:\/\/miradordeatarfe.es\/index.php?rest_route=%2Fwp%2Fv2%2Ftags&post=65944"}],"curies":[{"name":"wp","href":"https:\/\/api.w.org\/{rel}","templated":true}]}}