{"id":65950,"date":"2023-12-27T10:11:56","date_gmt":"2023-12-27T09:11:56","guid":{"rendered":"https:\/\/miradordeatarfe.es\/?p=65950"},"modified":"2023-12-27T12:19:39","modified_gmt":"2023-12-27T11:19:39","slug":"serrat-recuerdos-de-1980","status":"publish","type":"post","link":"https:\/\/miradordeatarfe.es\/?p=65950","title":{"rendered":"SERRAT: RECUERDOS DE 1980"},"content":{"rendered":"<h3 dir=\"auto\" style=\"text-align: justify;\">Dice Serrat: la vida me demostr\u00f3 que iba en serio.<\/h3>\n<div dir=\"auto\" style=\"text-align: justify;\">Naci\u00f3 su hija Mar\u00eda el 13 de diciembre de 1979 y cinco meses despu\u00e9s muri\u00f3 su padre un 27 de abril, d\u00eda de la virgen de Montserrat (La Moreneta), patrona de Catalunya. Nos dice el Nano: dar vida a los que llegan y enterrar a los que te hicieron nos sit\u00faa en el centro de la bisagra.<\/div>\n<div dir=\"auto\" style=\"text-align: justify;\">\u00a0<\/div>\n<div dir=\"auto\" style=\"text-align: justify;\">Ese a\u00f1o sali\u00f3 a la luz el disco en catal\u00e1n \u00abTal com raja\u00bb (As\u00ed como sale), fu\u00e9 concebido y elaborado en Begur, un pueblo de la Costa Brava, con los arreglos de Ricard Miralles.<\/div>\n<div dir=\"auto\" style=\"text-align: justify;\">\u00a0<\/div>\n<div dir=\"auto\" style=\"text-align: justify;\">\n<figure id=\"attachment_65952\" aria-describedby=\"caption-attachment-65952\" style=\"width: 2048px\" class=\"wp-caption alignnone\"><a href=\"https:\/\/i0.wp.com\/miradordeatarfe.es\/wp-content\/uploads\/2023\/12\/SERRAT3.jpg?ssl=1\"><img data-recalc-dims=\"1\" loading=\"lazy\" decoding=\"async\" class=\"wp-image-65952 size-full\" src=\"https:\/\/i0.wp.com\/miradordeatarfe.es\/wp-content\/uploads\/2023\/12\/SERRAT3.jpg?resize=640%2C545&#038;ssl=1\" alt=\"\" width=\"640\" height=\"545\" srcset=\"https:\/\/i0.wp.com\/miradordeatarfe.es\/wp-content\/uploads\/2023\/12\/SERRAT3.jpg?w=2048&amp;ssl=1 2048w, https:\/\/i0.wp.com\/miradordeatarfe.es\/wp-content\/uploads\/2023\/12\/SERRAT3.jpg?resize=300%2C256&amp;ssl=1 300w, https:\/\/i0.wp.com\/miradordeatarfe.es\/wp-content\/uploads\/2023\/12\/SERRAT3.jpg?resize=1024%2C873&amp;ssl=1 1024w, https:\/\/i0.wp.com\/miradordeatarfe.es\/wp-content\/uploads\/2023\/12\/SERRAT3.jpg?resize=768%2C654&amp;ssl=1 768w, https:\/\/i0.wp.com\/miradordeatarfe.es\/wp-content\/uploads\/2023\/12\/SERRAT3.jpg?resize=1536%2C1309&amp;ssl=1 1536w, https:\/\/i0.wp.com\/miradordeatarfe.es\/wp-content\/uploads\/2023\/12\/SERRAT3.jpg?resize=1320%2C1125&amp;ssl=1 1320w, https:\/\/i0.wp.com\/miradordeatarfe.es\/wp-content\/uploads\/2023\/12\/SERRAT3.jpg?w=1920&amp;ssl=1 1920w\" sizes=\"auto, (max-width: 640px) 100vw, 640px\" \/><\/a><figcaption id=\"caption-attachment-65952\" class=\"wp-caption-text\">mde<\/figcaption><\/figure><br \/>\nEl \u00e1lbum arranca con un tema \u00abTemps era temps\u00bb (Erase una vez), se convirti\u00f3 en uno de los temas m\u00e1s famosos. Magn\u00edfica descripci\u00f3n del d\u00eda a d\u00eda en tiempos de las postguerra espa\u00f1ola, con ese m\u00edtico Bar\u00e7a (1951-52) que lleg\u00f3 a ganar cinco copas con la delantera de Basora, Cesar, Kubala y Manch\u00f3n.<\/div>\n<div dir=\"auto\" style=\"text-align: justify;\">\u00a0<\/div>\n<div dir=\"auto\" style=\"text-align: justify;\">Una s\u00edntesis sociol\u00f2gica de la \u00e9poca. El disco acaba pregunt\u00e1ndose \u00abPer qu\u00e8 la gent s&#8217;avorreix tant\u00bb (por qu\u00e9 la gente se aburre tanto) si la vida te pone por delante tantas posibilidades y tantos retos.<\/div>\n<div dir=\"auto\" style=\"text-align: justify;\">\u00a0<\/div>\n<div dir=\"auto\" style=\"text-align: justify;\">Destacar que hay una mezcla de canciones propias y de versos de tres poetas catalanes.<\/div>\n<div dir=\"auto\" style=\"text-align: justify;\">\u00a0<\/div>\n<div dir=\"auto\" style=\"text-align: justify;\">Josep Vin\u00e7ens Foix (1884-1970) \u00abEs quand dormo que hi veig clar\u00bb ( Cuando duermo lo veo claro).<\/div>\n<div dir=\"auto\" style=\"text-align: justify;\">De Josep Carner \u00abEl gall\u00bb (EL gallo). Adapt\u00f3 de Josep Palau i Fabre (1917), \u00abVaig com les aus\u00bb (Voy como las aves), donde SERRAT pone un dramatismo que emociona.<\/div>\n<div dir=\"auto\">\u00a0<\/div>\n<div dir=\"auto\">\n<figure id=\"attachment_65953\" aria-describedby=\"caption-attachment-65953\" style=\"width: 640px\" class=\"wp-caption alignnone\"><a href=\"https:\/\/i0.wp.com\/miradordeatarfe.es\/wp-content\/uploads\/2023\/12\/SERRAT.jpg?ssl=1\"><img data-recalc-dims=\"1\" loading=\"lazy\" decoding=\"async\" class=\"wp-image-65953 size-large\" src=\"https:\/\/i0.wp.com\/miradordeatarfe.es\/wp-content\/uploads\/2023\/12\/SERRAT.jpg?resize=640%2C635&#038;ssl=1\" alt=\"\" width=\"640\" height=\"635\" srcset=\"https:\/\/i0.wp.com\/miradordeatarfe.es\/wp-content\/uploads\/2023\/12\/SERRAT.jpg?resize=1024%2C1016&amp;ssl=1 1024w, https:\/\/i0.wp.com\/miradordeatarfe.es\/wp-content\/uploads\/2023\/12\/SERRAT.jpg?resize=300%2C298&amp;ssl=1 300w, https:\/\/i0.wp.com\/miradordeatarfe.es\/wp-content\/uploads\/2023\/12\/SERRAT.jpg?resize=150%2C150&amp;ssl=1 150w, https:\/\/i0.wp.com\/miradordeatarfe.es\/wp-content\/uploads\/2023\/12\/SERRAT.jpg?resize=768%2C762&amp;ssl=1 768w, https:\/\/i0.wp.com\/miradordeatarfe.es\/wp-content\/uploads\/2023\/12\/SERRAT.jpg?resize=1536%2C1524&amp;ssl=1 1536w, https:\/\/i0.wp.com\/miradordeatarfe.es\/wp-content\/uploads\/2023\/12\/SERRAT.jpg?resize=1320%2C1310&amp;ssl=1 1320w, https:\/\/i0.wp.com\/miradordeatarfe.es\/wp-content\/uploads\/2023\/12\/SERRAT.jpg?w=2048&amp;ssl=1 2048w, https:\/\/i0.wp.com\/miradordeatarfe.es\/wp-content\/uploads\/2023\/12\/SERRAT.jpg?w=1920&amp;ssl=1 1920w\" sizes=\"auto, (max-width: 640px) 100vw, 640px\" \/><\/a><figcaption id=\"caption-attachment-65953\" class=\"wp-caption-text\">mde<\/figcaption><\/figure> <figure id=\"attachment_65954\" aria-describedby=\"caption-attachment-65954\" style=\"width: 640px\" class=\"wp-caption alignnone\"><a href=\"https:\/\/i0.wp.com\/miradordeatarfe.es\/wp-content\/uploads\/2023\/12\/SERRAT1.jpg?ssl=1\"><img data-recalc-dims=\"1\" loading=\"lazy\" decoding=\"async\" class=\"wp-image-65954 size-large\" src=\"https:\/\/i0.wp.com\/miradordeatarfe.es\/wp-content\/uploads\/2023\/12\/SERRAT1.jpg?resize=640%2C651&#038;ssl=1\" alt=\"\" width=\"640\" height=\"651\" srcset=\"https:\/\/i0.wp.com\/miradordeatarfe.es\/wp-content\/uploads\/2023\/12\/SERRAT1.jpg?resize=1007%2C1024&amp;ssl=1 1007w, https:\/\/i0.wp.com\/miradordeatarfe.es\/wp-content\/uploads\/2023\/12\/SERRAT1.jpg?resize=295%2C300&amp;ssl=1 295w, https:\/\/i0.wp.com\/miradordeatarfe.es\/wp-content\/uploads\/2023\/12\/SERRAT1.jpg?resize=768%2C781&amp;ssl=1 768w, https:\/\/i0.wp.com\/miradordeatarfe.es\/wp-content\/uploads\/2023\/12\/SERRAT1.jpg?resize=1511%2C1536&amp;ssl=1 1511w, https:\/\/i0.wp.com\/miradordeatarfe.es\/wp-content\/uploads\/2023\/12\/SERRAT1.jpg?resize=1024%2C1041&amp;ssl=1 1024w, https:\/\/i0.wp.com\/miradordeatarfe.es\/wp-content\/uploads\/2023\/12\/SERRAT1.jpg?resize=1320%2C1342&amp;ssl=1 1320w, https:\/\/i0.wp.com\/miradordeatarfe.es\/wp-content\/uploads\/2023\/12\/SERRAT1.jpg?w=2014&amp;ssl=1 2014w, https:\/\/i0.wp.com\/miradordeatarfe.es\/wp-content\/uploads\/2023\/12\/SERRAT1.jpg?w=1920&amp;ssl=1 1920w\" sizes=\"auto, (max-width: 640px) 100vw, 640px\" \/><\/a><figcaption id=\"caption-attachment-65954\" class=\"wp-caption-text\">mde<\/figcaption><\/figure><\/p>\n<p>PUBLICADO EN EL FACEBOOK: \u00a0<span class=\"x193iq5w xeuugli x13faqbe x1vvkbs x1xmvt09 x1lliihq x1s928wv xhkezso x1gmr53x x1cpjm7i x1fgarty x1943h6x x1ill7wo x41vudc x1q74xe4 xyesn5m x1xlr1w8 xzsf02u x1yc453h\" dir=\"auto\"><a class=\"x1i10hfl xjbqb8w x6umtig x1b1mbwd xaqea5y xav7gou x9f619 x1ypdohk xt0psk2 xe8uvvx xdj266r x11i5rnm xat24cr x1mh8g0r xexx8yu x4uap5 x18d9i69 xkhd6sd x16tdsg8 x1hl2dhg xggy1nq x1a2a7pz x1heor9g xt0b8zv x1xlr1w8\" tabindex=\"0\" role=\"link\" href=\"https:\/\/www.facebook.com\/groups\/241481794165\/\">Admiradores de Serrat<\/a><\/span><\/p>\n<\/div>\n","protected":false},"excerpt":{"rendered":"<p>Dice Serrat: la vida me demostr\u00f3 que iba en serio. Naci\u00f3 su hija Mar\u00eda el&#8230;<\/p>\n","protected":false},"author":1,"featured_media":65951,"comment_status":"closed","ping_status":"closed","sticky":false,"template":"","format":"standard","meta":{"_coblocks_attr":"","_coblocks_dimensions":"","_coblocks_responsive_height":"","_coblocks_accordion_ie_support":"","jetpack_post_was_ever_published":false,"_jetpack_newsletter_access":"","_jetpack_dont_email_post_to_subs":false,"_jetpack_newsletter_tier_id":0,"_jetpack_memberships_contains_paywalled_content":false,"_jetpack_memberships_contains_paid_content":false,"footnotes":"","jetpack_publicize_message":"","jetpack_publicize_feature_enabled":true,"jetpack_social_post_already_shared":false,"jetpack_social_options":{"image_generator_settings":{"template":"highway","default_image_id":0,"enabled":false},"version":2}},"categories":[1161,44,10],"tags":[],"class_list":["post-65950","post","type-post","status-publish","format-standard","has-post-thumbnail","hentry","category-ciudadania","category-noticias-de-hoy","category-salud"],"jetpack_publicize_connections":[],"jetpack_featured_media_url":"https:\/\/i0.wp.com\/miradordeatarfe.es\/wp-content\/uploads\/2023\/12\/SERRAT2.jpg?fit=2048%2C1368&ssl=1","jetpack_likes_enabled":true,"jetpack_sharing_enabled":true,"_links":{"self":[{"href":"https:\/\/miradordeatarfe.es\/index.php?rest_route=\/wp\/v2\/posts\/65950","targetHints":{"allow":["GET"]}}],"collection":[{"href":"https:\/\/miradordeatarfe.es\/index.php?rest_route=\/wp\/v2\/posts"}],"about":[{"href":"https:\/\/miradordeatarfe.es\/index.php?rest_route=\/wp\/v2\/types\/post"}],"author":[{"embeddable":true,"href":"https:\/\/miradordeatarfe.es\/index.php?rest_route=\/wp\/v2\/users\/1"}],"replies":[{"embeddable":true,"href":"https:\/\/miradordeatarfe.es\/index.php?rest_route=%2Fwp%2Fv2%2Fcomments&post=65950"}],"version-history":[{"count":1,"href":"https:\/\/miradordeatarfe.es\/index.php?rest_route=\/wp\/v2\/posts\/65950\/revisions"}],"predecessor-version":[{"id":65955,"href":"https:\/\/miradordeatarfe.es\/index.php?rest_route=\/wp\/v2\/posts\/65950\/revisions\/65955"}],"wp:featuredmedia":[{"embeddable":true,"href":"https:\/\/miradordeatarfe.es\/index.php?rest_route=\/wp\/v2\/media\/65951"}],"wp:attachment":[{"href":"https:\/\/miradordeatarfe.es\/index.php?rest_route=%2Fwp%2Fv2%2Fmedia&parent=65950"}],"wp:term":[{"taxonomy":"category","embeddable":true,"href":"https:\/\/miradordeatarfe.es\/index.php?rest_route=%2Fwp%2Fv2%2Fcategories&post=65950"},{"taxonomy":"post_tag","embeddable":true,"href":"https:\/\/miradordeatarfe.es\/index.php?rest_route=%2Fwp%2Fv2%2Ftags&post=65950"}],"curies":[{"name":"wp","href":"https:\/\/api.w.org\/{rel}","templated":true}]}}