{"id":65959,"date":"2023-12-27T09:29:59","date_gmt":"2023-12-27T08:29:59","guid":{"rendered":"https:\/\/miradordeatarfe.es\/?p=65959"},"modified":"2023-12-19T22:36:06","modified_gmt":"2023-12-19T21:36:06","slug":"peliculas-de-2023","status":"publish","type":"post","link":"https:\/\/miradordeatarfe.es\/?p=65959","title":{"rendered":"PEL\u00cdCULAS DE 2023"},"content":{"rendered":"<h3 class=\"title\" style=\"text-align: justify;\">Las mejores pel\u00edculas de 2023 que tienes que ver antes de que acabe el a\u00f1o (y no est\u00e1n ni &#8216;Barbie&#8217; ni &#8216;Oppenheimer&#8217;).<\/h3>\n<p style=\"text-align: justify;\">Acaba el a\u00f1o y repasamos las joyas de una temporada marcada por el fen\u00f3meno &#8216;Barbenheimer&#8217; donde hubo mucho m\u00e1s que rascar.<\/p>\n<div class=\"second-col\">\n<p class=\"article-text\" style=\"text-align: justify;\">2023 ha estado marcado <a class=\"link\" href=\"https:\/\/www.eldiario.es\/cultura\/cine\/fenomeno-barbie-ayuda-oppenheimer-historia-revienta-taquilla_1_10403398.html\" data-mrf-recirculation=\"links-noticia\" data-mrf-link=\"https:\/\/www.eldiario.es\/cultura\/cine\/fenomeno-barbie-ayuda-oppenheimer-historia-revienta-taquilla_1_10403398.html\">por un fen\u00f3meno: el <\/a><a class=\"link\" href=\"https:\/\/www.eldiario.es\/cultura\/cine\/fenomeno-barbie-ayuda-oppenheimer-historia-revienta-taquilla_1_10403398.html\" data-mrf-recirculation=\"links-noticia\" data-mrf-link=\"https:\/\/www.eldiario.es\/cultura\/cine\/fenomeno-barbie-ayuda-oppenheimer-historia-revienta-taquilla_1_10403398.html\"><em>Barbenheimer. <\/em><\/a>La uni\u00f3n de <em>Barbie<\/em> y <em>Oppenheimer<\/em> ha sido fundamental para revitalizar la asistencia a las salas, para animar las charlas cin\u00e9filas y para debatir durante horas.<a class=\"link\" href=\"https:\/\/www.eldiario.es\/cultura\/cine\/critica-barbie-blockbuster-feminista-mundo-necesita_129_10391728.html\" data-mrf-recirculation=\"links-noticia\" data-mrf-link=\"https:\/\/www.eldiario.es\/cultura\/cine\/critica-barbie-blockbuster-feminista-mundo-necesita_129_10391728.html\"> \u00bfEres de <\/a><a class=\"link\" href=\"https:\/\/www.eldiario.es\/cultura\/cine\/critica-barbie-blockbuster-feminista-mundo-necesita_129_10391728.html\" data-mrf-recirculation=\"links-noticia\" data-mrf-link=\"https:\/\/www.eldiario.es\/cultura\/cine\/critica-barbie-blockbuster-feminista-mundo-necesita_129_10391728.html\"><em>Barbie <\/em><\/a>o de <em>Oppenheimer?<\/em> Era la pregunta que durante meses se hizo mucha gente. Sin duda son las dos pel\u00edculas m\u00e1s importantes del a\u00f1o, y seguramente son las dos que ha visto todo el mundo. La sorpresa es que adem\u00e1s las dos fueron buenas.<\/p>\n<aside class=\"know-more know-more--with-image\">\n<p class=\"know-more__title\"><strong>Espa\u00f1a fue el pa\u00eds europeo que m\u00e1s ficci\u00f3n produjo para plataformas en 2022<\/strong><\/p>\n<p><a href=\"https:\/\/www.eldiario.es\/cultura\/cine\/espana-pais-europeo-ficcion-produjo-plataformas-2022_1_10764987.html\" data-mrf-recirculation=\"saber-mas\" data-mrf-link=\"https:\/\/www.eldiario.es\/cultura\/cine\/espana-pais-europeo-ficcion-produjo-plataformas-2022_1_10764987.html\"><picture class=\"know-more__img\"><source srcset=\"https:\/\/static.eldiario.es\/clip\/64619090-d599-4660-a503-e106b2bc7101_16-9-aspect-ratio_50p_0.webp\" type=\"image\/webp\" media=\"(max-width: 767px)\" \/><source srcset=\"https:\/\/static.eldiario.es\/clip\/64619090-d599-4660-a503-e106b2bc7101_16-9-aspect-ratio_50p_0.jpg\" type=\"image\/jpg\" media=\"(max-width: 767px)\" \/><source srcset=\"https:\/\/static.eldiario.es\/clip\/64619090-d599-4660-a503-e106b2bc7101_16-9-aspect-ratio_50p_0.webp\" type=\"image\/webp\" media=\"(min-width: 768px)\" \/><source srcset=\"https:\/\/static.eldiario.es\/clip\/64619090-d599-4660-a503-e106b2bc7101_16-9-aspect-ratio_50p_0.jpg\" type=\"image\/jpg\" media=\"(min-width: 768px)\" \/><source srcset=\"https:\/\/static.eldiario.es\/clip\/64619090-d599-4660-a503-e106b2bc7101_16-9-aspect-ratio_default_0.webp\" type=\"image\/webp\" \/><\/picture><\/a>De esas dos pel\u00edculas se seguir\u00e1 hablando, porque est\u00e1n destinadas a marcar la carrera de premios que culminar\u00e1 en marzo con el Oscar, as\u00ed que de momento dej\u00e9moslas en el arc\u00e9n.<a class=\"link\" href=\"https:\/\/www.eldiario.es\/cultura\/cine\/critica-oppenheimer-nolan-mete-cabeza-creador-bomba-atomica-pelicula-politica-madura_129_10388824.html\" data-mrf-recirculation=\"links-noticia\" data-mrf-link=\"https:\/\/www.eldiario.es\/cultura\/cine\/critica-oppenheimer-nolan-mete-cabeza-creador-bomba-atomica-pelicula-politica-madura_129_10388824.html\"> Ni el filme de Nolan <\/a>ni el de Gerwig est\u00e1n en esta selecci\u00f3n de 10 pel\u00edculas que debes ver antes de que se acabe el a\u00f1o.<\/aside>\n<p class=\"article-text\" style=\"text-align: justify;\"><strong>10 joyas estrenadas en Espa\u00f1a entre el 1 de enero y el 31 de diciembre<\/strong>. Algunas est\u00e1n en salas. Otras se estrenan en los pr\u00f3ximos d\u00edas y muchas est\u00e1n ya en plataformas para verlas en los d\u00edas de vacaciones.<\/p>\n<h3 class=\"article-text\" style=\"text-align: justify;\"><a href=\"https:\/\/www.eldiario.es\/cultura\/cine\/babylon-salvaje-homenaje-cine-lleno-fiestas-exceso-cocaina_129_9878948.html\" data-mrf-recirculation=\"links-noticia\" data-mrf-link=\"https:\/\/www.eldiario.es\/cultura\/cine\/babylon-salvaje-homenaje-cine-lleno-fiestas-exceso-cocaina_129_9878948.html\">&#8216;Babylon&#8217; (disponible en Prime Video)<\/a><\/h3>\n<figure style=\"text-align: justify;\"><picture class=\"news-image\"><source srcset=\"https:\/\/static.eldiario.es\/clip\/0820cb6b-b69e-430a-a86d-c50f77c051ff_16-9-discover-aspect-ratio_50p_0.webp\" type=\"image\/webp\" media=\"(max-width: 576px)\" \/><source srcset=\"https:\/\/static.eldiario.es\/clip\/0820cb6b-b69e-430a-a86d-c50f77c051ff_16-9-discover-aspect-ratio_50p_0.jpg\" type=\"image\/jpg\" media=\"(max-width: 576px)\" \/><source srcset=\"https:\/\/static.eldiario.es\/clip\/0820cb6b-b69e-430a-a86d-c50f77c051ff_16-9-discover-aspect-ratio_75p_0.webp\" type=\"image\/webp\" media=\"(max-width: 767px)\" \/><source srcset=\"https:\/\/static.eldiario.es\/clip\/0820cb6b-b69e-430a-a86d-c50f77c051ff_16-9-discover-aspect-ratio_75p_0.jpg\" type=\"image\/jpg\" media=\"(max-width: 767px)\" \/><source srcset=\"https:\/\/static.eldiario.es\/clip\/0820cb6b-b69e-430a-a86d-c50f77c051ff_16-9-discover-aspect-ratio_default_0.webp\" type=\"image\/webp\" media=\"(min-width: 768px)\" \/><source srcset=\"https:\/\/static.eldiario.es\/clip\/0820cb6b-b69e-430a-a86d-c50f77c051ff_16-9-discover-aspect-ratio_default_0.jpg\" type=\"image\/jpg\" media=\"(min-width: 768px)\" \/><source srcset=\"https:\/\/static.eldiario.es\/clip\/0820cb6b-b69e-430a-a86d-c50f77c051ff_16-9-discover-aspect-ratio_default_0.webp\" type=\"image\/webp\" \/><img data-recalc-dims=\"1\" decoding=\"async\" class=\"lazy entered loaded\" src=\"https:\/\/i0.wp.com\/static.eldiario.es\/clip\/0820cb6b-b69e-430a-a86d-c50f77c051ff_16-9-discover-aspect-ratio_default_0.jpg?w=640&#038;ssl=1\" alt=\"\" data-src=\"https:\/\/static.eldiario.es\/clip\/0820cb6b-b69e-430a-a86d-c50f77c051ff_16-9-discover-aspect-ratio_default_0.jpg\" data-ll-status=\"loaded\" \/> <\/picture><figcaption class=\"image-footer\"><span class=\"title\"> Margot Robbie en Babylon <span class=\"author\"> PHOTO CREDIT: SCOTT GARFIELD \/ PARAMOUNT<\/span> <\/span><\/figcaption><\/figure>\n<p class=\"article-text\" style=\"text-align: justify;\">Ostentosa, excesiva, irregular\u2026 todo lo que quieran, pero la mirada de Damien Chazelle sobre el cambio del cine mudo al sonoro en Hollywood es un fest\u00edn divertido, arriesgado, original y maravilloso. Una pel\u00edcula destinada a convertirse en un t\u00edtulo reivindicado dentro de a\u00f1os. Chazelle es un director superdotado que siempre hab\u00eda estado con el freno puesto, aqu\u00ed se despendola con ese Hollywood lleno de sexo, coca\u00edna y juguetes rotos. Margot Robbie est\u00e1 magn\u00e9tica, Brad Pitt tiene una escena para el recuerdo y Diego Calva es un descubrimiento. A eso sumen un cierre que es un triple salto mortal, que rompe cualquier coherencia temporal del filme y que es uno de los mejores homenajes a una sala de cine vistos en mucho tiempo (y eso que han llegado pel\u00edculas sobre directores y homenajes a las salas en los \u00faltimos a\u00f1os).<\/p>\n<h3 class=\"article-text\" style=\"text-align: justify;\">&#8216;<a href=\"https:\/\/www.eldiario.es\/cultura\/cine\/tabu-sexualidad-femenina-arrolla-cannes-creatura-elena-martin_1_10222355.html\" data-mrf-recirculation=\"links-noticia\" data-mrf-link=\"https:\/\/www.eldiario.es\/cultura\/cine\/tabu-sexualidad-femenina-arrolla-cannes-creatura-elena-martin_1_10222355.html\">Creatura&#8217; (disponible en Filmin)<\/a><\/h3>\n<figure style=\"text-align: justify;\"><picture class=\"news-image\"><source srcset=\"https:\/\/static.eldiario.es\/clip\/a23cf54f-d890-4048-afaa-0aa0429e80e6_16-9-discover-aspect-ratio_50p_0.webp\" type=\"image\/webp\" media=\"(max-width: 576px)\" \/><source srcset=\"https:\/\/static.eldiario.es\/clip\/a23cf54f-d890-4048-afaa-0aa0429e80e6_16-9-discover-aspect-ratio_50p_0.jpg\" type=\"image\/jpg\" media=\"(max-width: 576px)\" \/><source srcset=\"https:\/\/static.eldiario.es\/clip\/a23cf54f-d890-4048-afaa-0aa0429e80e6_16-9-discover-aspect-ratio_75p_0.webp\" type=\"image\/webp\" media=\"(max-width: 767px)\" \/><source srcset=\"https:\/\/static.eldiario.es\/clip\/a23cf54f-d890-4048-afaa-0aa0429e80e6_16-9-discover-aspect-ratio_75p_0.jpg\" type=\"image\/jpg\" media=\"(max-width: 767px)\" \/><source srcset=\"https:\/\/static.eldiario.es\/clip\/a23cf54f-d890-4048-afaa-0aa0429e80e6_16-9-discover-aspect-ratio_default_0.webp\" type=\"image\/webp\" media=\"(min-width: 768px)\" \/><source srcset=\"https:\/\/static.eldiario.es\/clip\/a23cf54f-d890-4048-afaa-0aa0429e80e6_16-9-discover-aspect-ratio_default_0.jpg\" type=\"image\/jpg\" media=\"(min-width: 768px)\" \/><source srcset=\"https:\/\/static.eldiario.es\/clip\/a23cf54f-d890-4048-afaa-0aa0429e80e6_16-9-discover-aspect-ratio_default_0.webp\" type=\"image\/webp\" \/><img data-recalc-dims=\"1\" decoding=\"async\" class=\"lazy entered loaded\" src=\"https:\/\/i0.wp.com\/static.eldiario.es\/clip\/a23cf54f-d890-4048-afaa-0aa0429e80e6_16-9-discover-aspect-ratio_default_0.jpg?w=640&#038;ssl=1\" alt=\"\" data-src=\"https:\/\/static.eldiario.es\/clip\/a23cf54f-d890-4048-afaa-0aa0429e80e6_16-9-discover-aspect-ratio_default_0.jpg\" data-ll-status=\"loaded\" \/> <\/picture><figcaption class=\"image-footer\"><span class=\"title\"> Elena Mart\u00edn dirige, escribe y protagoniza &#8216;Creatura&#8217; <span class=\"author\"> Revolutionary Press<\/span> <\/span><\/figcaption><\/figure>\n<p class=\"article-text\" style=\"text-align: justify;\">Hab\u00eda mucha curiosidad por ver c\u00f3mo continuaba Elena Mart\u00edn Gimeno su carrera como directora tras la interesante <em>Julia Ist, <\/em>lo que nadie contaba es que iba a llegar con la mejor pel\u00edcula espa\u00f1ola del a\u00f1o y una que aborda de forma frontal un tema que sigue siendo tab\u00fa en el cine: el deseo femenino. Lo hace adem\u00e1s en diferentes edades, desde la infancia hasta la madurez pasando por la complicada adolescencia. El guion de la directora con Clara Roquet es atrevido, huye de lugares comunes e indaga. Lo hace sin caer en subrayados ni explicaciones. Plantea preguntas, abre debates y muestra el cuerpo como pocas veces lo hace el cine. Un salto de gigante para una cineasta que va a dar mucho que hablar.<\/p>\n<h3 class=\"article-text\" style=\"text-align: justify;\"><a href=\"https:\/\/www.eldiario.es\/cultura\/cine\/decision-to-leave-nueva-maravilla-director-oldboy-conquista-seminci_129_9647299.html\" data-mrf-recirculation=\"links-noticia\" data-mrf-link=\"https:\/\/www.eldiario.es\/cultura\/cine\/decision-to-leave-nueva-maravilla-director-oldboy-conquista-seminci_129_9647299.html\">&#8216;Decision To Leave&#8217; (disponible en Movistar+)<\/a><\/h3>\n<figure style=\"text-align: justify;\"><picture class=\"news-image\"><source srcset=\"https:\/\/static.eldiario.es\/clip\/105f7f61-44b5-42e2-8cc7-2b5640515be7_16-9-discover-aspect-ratio_50p_0.webp\" type=\"image\/webp\" media=\"(max-width: 576px)\" \/><source srcset=\"https:\/\/static.eldiario.es\/clip\/105f7f61-44b5-42e2-8cc7-2b5640515be7_16-9-discover-aspect-ratio_50p_0.jpg\" type=\"image\/jpg\" media=\"(max-width: 576px)\" \/><source srcset=\"https:\/\/static.eldiario.es\/clip\/105f7f61-44b5-42e2-8cc7-2b5640515be7_16-9-discover-aspect-ratio_75p_0.webp\" type=\"image\/webp\" media=\"(max-width: 767px)\" \/><source srcset=\"https:\/\/static.eldiario.es\/clip\/105f7f61-44b5-42e2-8cc7-2b5640515be7_16-9-discover-aspect-ratio_75p_0.jpg\" type=\"image\/jpg\" media=\"(max-width: 767px)\" \/><source srcset=\"https:\/\/static.eldiario.es\/clip\/105f7f61-44b5-42e2-8cc7-2b5640515be7_16-9-discover-aspect-ratio_default_0.webp\" type=\"image\/webp\" media=\"(min-width: 768px)\" \/><source srcset=\"https:\/\/static.eldiario.es\/clip\/105f7f61-44b5-42e2-8cc7-2b5640515be7_16-9-discover-aspect-ratio_default_0.jpg\" type=\"image\/jpg\" media=\"(min-width: 768px)\" \/><source srcset=\"https:\/\/static.eldiario.es\/clip\/105f7f61-44b5-42e2-8cc7-2b5640515be7_16-9-discover-aspect-ratio_default_0.webp\" type=\"image\/webp\" \/><img data-recalc-dims=\"1\" decoding=\"async\" class=\"lazy entered loaded\" src=\"https:\/\/i0.wp.com\/static.eldiario.es\/clip\/105f7f61-44b5-42e2-8cc7-2b5640515be7_16-9-discover-aspect-ratio_default_0.jpg?w=640&#038;ssl=1\" alt=\"\" data-src=\"https:\/\/static.eldiario.es\/clip\/105f7f61-44b5-42e2-8cc7-2b5640515be7_16-9-discover-aspect-ratio_default_0.jpg\" data-ll-status=\"loaded\" \/> <\/picture><figcaption class=\"image-footer\"><span class=\"title\"> Fotograma de Decision to leave <span class=\"author\"> Avalon<\/span> <\/span><\/figcaption><\/figure>\n<p class=\"article-text\" style=\"text-align: justify;\">Lo de Park Chan-Wook es un espect\u00e1culo. Cada pel\u00edcula suya es una lecci\u00f3n de puesta en escena, de ver c\u00f3mo su imaginaci\u00f3n se saca de la manga decisiones visuales y est\u00e9ticas que otros nunca podr\u00edan plantear. En <em>Decision To Leave<\/em> logra su mejor pel\u00edcula desde <em>Oldboy.<\/em> Un <em>thriller <\/em>donde un polic\u00eda se enamora de la sospechosa de un crimen, una trama propia de Hitchcock que \u00e9l usa para dar rienda suelta a su virtuosismo y tambi\u00e9n para plantear c\u00f3mo una cita no es tan diferente a un interrogatorio en una comisar\u00eda. As\u00ed, entre pregunta y pregunta, los personajes se conocen\u2026 o no.\u00a0<\/p>\n<h3 class=\"article-text\" style=\"text-align: justify;\"><a href=\"https:\/\/www.eldiario.es\/cultura\/cine\/nanni-moretti-canta-comunismo-pide-izquierda-vuelva-izquierda-sol-futuro_1_10515130.html\" data-mrf-recirculation=\"links-noticia\" data-mrf-link=\"https:\/\/www.eldiario.es\/cultura\/cine\/nanni-moretti-canta-comunismo-pide-izquierda-vuelva-izquierda-sol-futuro_1_10515130.html\">&#8216;El sol del futuro&#8217; <\/a><\/h3>\n<figure style=\"text-align: justify;\"><picture class=\"news-image\"><source srcset=\"https:\/\/static.eldiario.es\/clip\/a627fc93-2ee4-4dc8-91f0-21c7059fd2d5_16-9-discover-aspect-ratio_50p_0.webp\" type=\"image\/webp\" media=\"(max-width: 576px)\" \/><source srcset=\"https:\/\/static.eldiario.es\/clip\/a627fc93-2ee4-4dc8-91f0-21c7059fd2d5_16-9-discover-aspect-ratio_50p_0.jpg\" type=\"image\/jpg\" media=\"(max-width: 576px)\" \/><source srcset=\"https:\/\/static.eldiario.es\/clip\/a627fc93-2ee4-4dc8-91f0-21c7059fd2d5_16-9-discover-aspect-ratio_75p_0.webp\" type=\"image\/webp\" media=\"(max-width: 767px)\" \/><source srcset=\"https:\/\/static.eldiario.es\/clip\/a627fc93-2ee4-4dc8-91f0-21c7059fd2d5_16-9-discover-aspect-ratio_75p_0.jpg\" type=\"image\/jpg\" media=\"(max-width: 767px)\" \/><source srcset=\"https:\/\/static.eldiario.es\/clip\/a627fc93-2ee4-4dc8-91f0-21c7059fd2d5_16-9-discover-aspect-ratio_default_0.webp\" type=\"image\/webp\" media=\"(min-width: 768px)\" \/><source srcset=\"https:\/\/static.eldiario.es\/clip\/a627fc93-2ee4-4dc8-91f0-21c7059fd2d5_16-9-discover-aspect-ratio_default_0.jpg\" type=\"image\/jpg\" media=\"(min-width: 768px)\" \/><source srcset=\"https:\/\/static.eldiario.es\/clip\/a627fc93-2ee4-4dc8-91f0-21c7059fd2d5_16-9-discover-aspect-ratio_default_0.webp\" type=\"image\/webp\" \/><img data-recalc-dims=\"1\" decoding=\"async\" class=\"lazy entered loaded\" src=\"https:\/\/i0.wp.com\/static.eldiario.es\/clip\/a627fc93-2ee4-4dc8-91f0-21c7059fd2d5_16-9-discover-aspect-ratio_default_0.jpg?w=640&#038;ssl=1\" alt=\"\" data-src=\"https:\/\/static.eldiario.es\/clip\/a627fc93-2ee4-4dc8-91f0-21c7059fd2d5_16-9-discover-aspect-ratio_default_0.jpg\" data-ll-status=\"loaded\" \/> <\/picture><figcaption class=\"image-footer\"><span class=\"title\"> Nanni Moretti bailando en &#8216;El sol del futuro&#8217; <span class=\"author\"> Caramel Films<\/span> <\/span><\/figcaption><\/figure>\n<p class=\"article-text\" style=\"text-align: justify;\">Si a alguien le cae mal Nanni Moretti que no se acerque a esta pel\u00edcula, porque aqu\u00ed Moretti es m\u00e1s Moretti que nunca. El director italiano hace lo que mejor sabe, ese juego de autoficci\u00f3n que nos enamor\u00f3 en <em>Abril <\/em>y <em>Caro Diario<\/em>. Con esta \u00faltima tiene mucho que ver esta joya emocionante. Sustituye su famosa vespa por un patinete el\u00e9ctrico y plantea una pel\u00edcula llena de canciones italianas (el momento<em> Voglio vederti danzare<\/em>, de Battiato es inolvidable). Pero como siempre en su cine hay mucho detr\u00e1s. Un sopapo a Netflix. Una utop\u00eda comunista. Un an\u00e1lisis sobre el poder y la responsabilidad del cine. Una radiograf\u00eda del divorcio. Todo encaja y todo culmina en una escena de la que mejor no hacer <em>spoiler <\/em>pero que quien ame el cine de Moretti va a recibir como un abrazo de un amigo y con l\u00e1grimas en los ojos.<\/p>\n<h3 class=\"article-text\" style=\"text-align: justify;\"><a href=\"https:\/\/www.eldiario.es\/cultura\/cine\/sarah-polley-denuncia-abuso-mujeres-complicidad-institucional-cultural-hablan_1_9952771.html\" data-mrf-recirculation=\"links-noticia\" data-mrf-link=\"https:\/\/www.eldiario.es\/cultura\/cine\/sarah-polley-denuncia-abuso-mujeres-complicidad-institucional-cultural-hablan_1_9952771.html\">&#8216;Ellas hablan&#8217; (disponible en Prime Video)<\/a><\/h3>\n<figure style=\"text-align: justify;\"><picture class=\"news-image\"><source srcset=\"https:\/\/static.eldiario.es\/clip\/0f0bda1d-3bd7-4ba2-8b57-7c96d6735e5a_16-9-discover-aspect-ratio_50p_0.webp\" type=\"image\/webp\" media=\"(max-width: 576px)\" \/><source srcset=\"https:\/\/static.eldiario.es\/clip\/0f0bda1d-3bd7-4ba2-8b57-7c96d6735e5a_16-9-discover-aspect-ratio_50p_0.jpg\" type=\"image\/jpg\" media=\"(max-width: 576px)\" \/><source srcset=\"https:\/\/static.eldiario.es\/clip\/0f0bda1d-3bd7-4ba2-8b57-7c96d6735e5a_16-9-discover-aspect-ratio_75p_0.webp\" type=\"image\/webp\" media=\"(max-width: 767px)\" \/><source srcset=\"https:\/\/static.eldiario.es\/clip\/0f0bda1d-3bd7-4ba2-8b57-7c96d6735e5a_16-9-discover-aspect-ratio_75p_0.jpg\" type=\"image\/jpg\" media=\"(max-width: 767px)\" \/><source srcset=\"https:\/\/static.eldiario.es\/clip\/0f0bda1d-3bd7-4ba2-8b57-7c96d6735e5a_16-9-discover-aspect-ratio_default_0.webp\" type=\"image\/webp\" media=\"(min-width: 768px)\" \/><source srcset=\"https:\/\/static.eldiario.es\/clip\/0f0bda1d-3bd7-4ba2-8b57-7c96d6735e5a_16-9-discover-aspect-ratio_default_0.jpg\" type=\"image\/jpg\" media=\"(min-width: 768px)\" \/><source srcset=\"https:\/\/static.eldiario.es\/clip\/0f0bda1d-3bd7-4ba2-8b57-7c96d6735e5a_16-9-discover-aspect-ratio_default_0.webp\" type=\"image\/webp\" \/><img data-recalc-dims=\"1\" decoding=\"async\" class=\"lazy entered loaded\" src=\"https:\/\/i0.wp.com\/static.eldiario.es\/clip\/0f0bda1d-3bd7-4ba2-8b57-7c96d6735e5a_16-9-discover-aspect-ratio_default_0.jpg?w=640&#038;ssl=1\" alt=\"\" data-src=\"https:\/\/static.eldiario.es\/clip\/0f0bda1d-3bd7-4ba2-8b57-7c96d6735e5a_16-9-discover-aspect-ratio_default_0.jpg\" data-ll-status=\"loaded\" \/> <\/picture><figcaption class=\"image-footer\"><span class=\"title\"> Sarah Polley junto a Claire Foy en el rodaje de &#8216;Ellas hablan&#8217; <span class=\"author\"> Michael Gibson<\/span> <\/span><\/figcaption><\/figure>\n<p class=\"article-text\" style=\"text-align: justify;\">El libro de Miriam Toews es de esos que parecen imposibles de adaptar al cine. Las actas de las mujeres de una comunidad menonita que se plantean si abandonar a los hombres tras los abusos sexuales sufridos son excesivamente narrativas y con pocos asideros para plantear una versi\u00f3n en im\u00e1genes. Pero ah\u00ed llega Sarah Polley, que tras a\u00f1os sin dirigir firma un guion que capta la esencia del libro y que convierte en una pieza de c\u00e1mara de di\u00e1logos poderosos, con fugas on\u00edricas de una belleza sobrecogedora y que se elevan con la excelente banda sonora de Hildur Gu\u00f0nad\u00f3ttir.<\/p>\n<h3 class=\"article-text\" style=\"text-align: justify;\">&#8216;Fallen Leaves&#8217; (estreno en salas el 27 de diciembre)<\/h3>\n<figure style=\"text-align: justify;\"><picture class=\"news-image\"><source srcset=\"https:\/\/static.eldiario.es\/clip\/ab2e2d1d-94b0-4a96-96b5-5115ce621c8c_16-9-discover-aspect-ratio_50p_0.webp\" type=\"image\/webp\" media=\"(max-width: 576px)\" \/><source srcset=\"https:\/\/static.eldiario.es\/clip\/ab2e2d1d-94b0-4a96-96b5-5115ce621c8c_16-9-discover-aspect-ratio_50p_0.jpg\" type=\"image\/jpg\" media=\"(max-width: 576px)\" \/><source srcset=\"https:\/\/static.eldiario.es\/clip\/ab2e2d1d-94b0-4a96-96b5-5115ce621c8c_16-9-discover-aspect-ratio_75p_0.webp\" type=\"image\/webp\" media=\"(max-width: 767px)\" \/><source srcset=\"https:\/\/static.eldiario.es\/clip\/ab2e2d1d-94b0-4a96-96b5-5115ce621c8c_16-9-discover-aspect-ratio_75p_0.jpg\" type=\"image\/jpg\" media=\"(max-width: 767px)\" \/><source srcset=\"https:\/\/static.eldiario.es\/clip\/ab2e2d1d-94b0-4a96-96b5-5115ce621c8c_16-9-discover-aspect-ratio_default_0.webp\" type=\"image\/webp\" media=\"(min-width: 768px)\" \/><source srcset=\"https:\/\/static.eldiario.es\/clip\/ab2e2d1d-94b0-4a96-96b5-5115ce621c8c_16-9-discover-aspect-ratio_default_0.jpg\" type=\"image\/jpg\" media=\"(min-width: 768px)\" \/><source srcset=\"https:\/\/static.eldiario.es\/clip\/ab2e2d1d-94b0-4a96-96b5-5115ce621c8c_16-9-discover-aspect-ratio_default_0.webp\" type=\"image\/webp\" \/><img data-recalc-dims=\"1\" decoding=\"async\" class=\"lazy entered loaded\" src=\"https:\/\/i0.wp.com\/static.eldiario.es\/clip\/ab2e2d1d-94b0-4a96-96b5-5115ce621c8c_16-9-discover-aspect-ratio_default_0.jpg?w=640&#038;ssl=1\" alt=\"\" data-src=\"https:\/\/static.eldiario.es\/clip\/ab2e2d1d-94b0-4a96-96b5-5115ce621c8c_16-9-discover-aspect-ratio_default_0.jpg\" data-ll-status=\"loaded\" \/> <\/picture><figcaption class=\"image-footer\"><span class=\"title\"> &#8216;Fallen Leaves&#8217;, la nueva pel\u00edcula de Aki Kaurismaki <span class=\"author\"> Filmaffinity<\/span> <\/span><\/figcaption><\/figure>\n<p class=\"article-text\" style=\"text-align: justify;\">Ha pasado demasiado tiempo sin la mirada humanista de Aki Kaurismaki. Le ech\u00e1bamos de menos. Su regreso ha sido a lo grande. <em>Fallen Leaves<\/em> (premio del jurado en Cannes) puede ser acusada de ser otra vez la pel\u00edcula que se esperaba del director finland\u00e9s. Por supuesto, \u00bfy qu\u00e9 tiene de malo? Ojal\u00e1 m\u00e1s directores que vean con tanta dignidad a la clase obrera. Capaces de dar esperanza a quienes se parten el lomo. Sus personajes beben, deambulan, se enamora, escuchan m\u00fasica, van al cine\u2026 y lo hacen en un barrio que Kaurismaki mira como nadie, con la esencia de Chaplin y de Tati. La historia de amor m\u00e1s bonita del a\u00f1o.<\/p>\n<h3 class=\"article-text\" style=\"text-align: justify;\"><a href=\"https:\/\/www.eldiario.es\/cultura\/cine\/scorsese-justicia-pide-perdon-nativos-americanos-imponente-killers-of-the-flower-moon_129_10224206.html\" data-mrf-recirculation=\"links-noticia\" data-mrf-link=\"https:\/\/www.eldiario.es\/cultura\/cine\/scorsese-justicia-pide-perdon-nativos-americanos-imponente-killers-of-the-flower-moon_129_10224206.html\">&#8216;Los asesinos de la luna&#8217; (disponible en alquiler en Apple TV+ y Filmin)<\/a><\/h3>\n<figure style=\"text-align: justify;\"><picture class=\"news-image\"><source srcset=\"https:\/\/static.eldiario.es\/clip\/1bc8852c-a093-4456-b0a6-392aaadb7a39_16-9-discover-aspect-ratio_50p_0.webp\" type=\"image\/webp\" media=\"(max-width: 576px)\" \/><source srcset=\"https:\/\/static.eldiario.es\/clip\/1bc8852c-a093-4456-b0a6-392aaadb7a39_16-9-discover-aspect-ratio_50p_0.jpg\" type=\"image\/jpg\" media=\"(max-width: 576px)\" \/><source srcset=\"https:\/\/static.eldiario.es\/clip\/1bc8852c-a093-4456-b0a6-392aaadb7a39_16-9-discover-aspect-ratio_75p_0.webp\" type=\"image\/webp\" media=\"(max-width: 767px)\" \/><source srcset=\"https:\/\/static.eldiario.es\/clip\/1bc8852c-a093-4456-b0a6-392aaadb7a39_16-9-discover-aspect-ratio_75p_0.jpg\" type=\"image\/jpg\" media=\"(max-width: 767px)\" \/><source srcset=\"https:\/\/static.eldiario.es\/clip\/1bc8852c-a093-4456-b0a6-392aaadb7a39_16-9-discover-aspect-ratio_default_0.webp\" type=\"image\/webp\" media=\"(min-width: 768px)\" \/><source srcset=\"https:\/\/static.eldiario.es\/clip\/1bc8852c-a093-4456-b0a6-392aaadb7a39_16-9-discover-aspect-ratio_default_0.jpg\" type=\"image\/jpg\" media=\"(min-width: 768px)\" \/><source srcset=\"https:\/\/static.eldiario.es\/clip\/1bc8852c-a093-4456-b0a6-392aaadb7a39_16-9-discover-aspect-ratio_default_0.webp\" type=\"image\/webp\" \/><img data-recalc-dims=\"1\" decoding=\"async\" class=\"lazy entered loaded\" src=\"https:\/\/i0.wp.com\/static.eldiario.es\/clip\/1bc8852c-a093-4456-b0a6-392aaadb7a39_16-9-discover-aspect-ratio_default_0.jpg?w=640&#038;ssl=1\" alt=\"\" data-src=\"https:\/\/static.eldiario.es\/clip\/1bc8852c-a093-4456-b0a6-392aaadb7a39_16-9-discover-aspect-ratio_default_0.jpg\" data-ll-status=\"loaded\" \/> <\/picture><figcaption class=\"image-footer\"><span class=\"title\"> \u00abKillers of the Flower Moon\u00bb, la \u00faltima pel\u00edcula de Martin Scorsese protagonizada por Robert de Niro, Leonardo DiCaprio, Lily Gladstone y Jesse Plemons. EFE\/Imagen cedida <\/span><\/figcaption><\/figure>\n<p class=\"article-text\" style=\"text-align: justify;\">Otro que no falla. Coppola ha descrito a Scorsese como el mejor director vivo, y seguramente tiene raz\u00f3n. Solo alguien con un talento sobrenatural es capaz de dirigir, con 81 a\u00f1os, una pel\u00edcula tan vibrante y pol\u00edtica como<em> Los asesinos de la luna<\/em>, una adaptaci\u00f3n sobresaliente del ensayo period\u00edstico de David Grann. Scorsese vuelve a uno de sus temas favoritos, la fundaci\u00f3n de EEUU basada en la avaricia y el asesinato. Lo hace fij\u00e1ndose en aquellos olvidados por la historia y por el cine, las comunidades nativas que fueron masacradas para quedarse con sus tierras\u2026 y hasta con su petr\u00f3leo. Tres horas y medias que no pesan y que culminan con una escena tan personal y emotiva que parece destinada a ser una de las mejores de una carrera descomunal.<\/p>\n<h3 class=\"article-text\" style=\"text-align: justify;\"><a href=\"https:\/\/www.eldiario.es\/cultura\/cine\/jafar-panahi-apunta-leon-oro-brillante-punetazo-regimen-irani_129_9303265.html\" data-mrf-recirculation=\"links-noticia\" data-mrf-link=\"https:\/\/www.eldiario.es\/cultura\/cine\/jafar-panahi-apunta-leon-oro-brillante-punetazo-regimen-irani_129_9303265.html\">&#8216;Los osos no existen&#8217; (disponible en alquiler en Movistar+)<\/a><\/h3>\n<figure style=\"text-align: justify;\"><picture class=\"news-image\"><source srcset=\"https:\/\/static.eldiario.es\/clip\/fc895005-1775-4e20-a138-8615174f3479_16-9-discover-aspect-ratio_50p_0.webp\" type=\"image\/webp\" media=\"(max-width: 576px)\" \/><source srcset=\"https:\/\/static.eldiario.es\/clip\/fc895005-1775-4e20-a138-8615174f3479_16-9-discover-aspect-ratio_50p_0.jpg\" type=\"image\/jpg\" media=\"(max-width: 576px)\" \/><source srcset=\"https:\/\/static.eldiario.es\/clip\/fc895005-1775-4e20-a138-8615174f3479_16-9-discover-aspect-ratio_75p_0.webp\" type=\"image\/webp\" media=\"(max-width: 767px)\" \/><source srcset=\"https:\/\/static.eldiario.es\/clip\/fc895005-1775-4e20-a138-8615174f3479_16-9-discover-aspect-ratio_75p_0.jpg\" type=\"image\/jpg\" media=\"(max-width: 767px)\" \/><source srcset=\"https:\/\/static.eldiario.es\/clip\/fc895005-1775-4e20-a138-8615174f3479_16-9-discover-aspect-ratio_default_0.webp\" type=\"image\/webp\" media=\"(min-width: 768px)\" \/><source srcset=\"https:\/\/static.eldiario.es\/clip\/fc895005-1775-4e20-a138-8615174f3479_16-9-discover-aspect-ratio_default_0.jpg\" type=\"image\/jpg\" media=\"(min-width: 768px)\" \/><source srcset=\"https:\/\/static.eldiario.es\/clip\/fc895005-1775-4e20-a138-8615174f3479_16-9-discover-aspect-ratio_default_0.webp\" type=\"image\/webp\" \/><img data-recalc-dims=\"1\" decoding=\"async\" class=\"lazy entered loaded\" src=\"https:\/\/i0.wp.com\/static.eldiario.es\/clip\/fc895005-1775-4e20-a138-8615174f3479_16-9-discover-aspect-ratio_default_0.jpg?w=640&#038;ssl=1\" alt=\"\" data-src=\"https:\/\/static.eldiario.es\/clip\/fc895005-1775-4e20-a138-8615174f3479_16-9-discover-aspect-ratio_default_0.jpg\" data-ll-status=\"loaded\" \/> <\/picture><figcaption class=\"image-footer\"><span class=\"title\"> Fotograma de &#8216;No Bears&#8217;, la \u00faltima pel\u00edcula de Panahi antes de ser apresado <span class=\"author\"> Biennale<\/span> <\/span><\/figcaption><\/figure>\n<p class=\"article-text\" style=\"text-align: justify;\">\u00bfSe puede rodar si te han prohibido salir de tu casa?, \u00bfse puede rodar con la amenaza constante de ser detenido y encarcelado? Jafar Panahi ha demostrado durante los \u00faltimos a\u00f1os que sus ganas de contar historias, de denunciar al Gobierno iran\u00ed y de ser el azote del poder pueden cualquier imposici\u00f3n. Ha rodado desde un taxi, desde su casa y ahora, sin poder salir de su pa\u00eds, se las apa\u00f1a para nunca pisar la frontera en una historia donde se interpreta a s\u00ed mismo, un cineasta que rueda a distancia mientras \u00e9l descubre el miedo, la censura y el conservadurismo de Ir\u00e1n. Un juego de espejos e historias que se superponen que confirman que no hay barreras para \u00e9l.<\/p>\n<h3 class=\"article-text\" style=\"text-align: justify;\"><a href=\"https:\/\/www.eldiario.es\/cultura\/cine\/passages-triangulo-toxico-erotico-analiza-muestra-hipocresia-eeuu-sexo_1_10480219.html\" data-mrf-recirculation=\"links-noticia\" data-mrf-link=\"https:\/\/www.eldiario.es\/cultura\/cine\/passages-triangulo-toxico-erotico-analiza-muestra-hipocresia-eeuu-sexo_1_10480219.html\">&#8216;Passages&#8217; (disponible en alquiler en Movistar+ y el 22 de diciembre en Filmin)<\/a><\/h3>\n<figure style=\"text-align: justify;\"><picture class=\"news-image\"><source srcset=\"https:\/\/static.eldiario.es\/clip\/ad69889f-c591-459d-b96d-8c61ffb2e258_16-9-discover-aspect-ratio_50p_0.webp\" type=\"image\/webp\" media=\"(max-width: 576px)\" \/><source srcset=\"https:\/\/static.eldiario.es\/clip\/ad69889f-c591-459d-b96d-8c61ffb2e258_16-9-discover-aspect-ratio_50p_0.jpg\" type=\"image\/jpg\" media=\"(max-width: 576px)\" \/><source srcset=\"https:\/\/static.eldiario.es\/clip\/ad69889f-c591-459d-b96d-8c61ffb2e258_16-9-discover-aspect-ratio_75p_0.webp\" type=\"image\/webp\" media=\"(max-width: 767px)\" \/><source srcset=\"https:\/\/static.eldiario.es\/clip\/ad69889f-c591-459d-b96d-8c61ffb2e258_16-9-discover-aspect-ratio_75p_0.jpg\" type=\"image\/jpg\" media=\"(max-width: 767px)\" \/><source srcset=\"https:\/\/static.eldiario.es\/clip\/ad69889f-c591-459d-b96d-8c61ffb2e258_16-9-discover-aspect-ratio_default_0.webp\" type=\"image\/webp\" media=\"(min-width: 768px)\" \/><source srcset=\"https:\/\/static.eldiario.es\/clip\/ad69889f-c591-459d-b96d-8c61ffb2e258_16-9-discover-aspect-ratio_default_0.jpg\" type=\"image\/jpg\" media=\"(min-width: 768px)\" \/><source srcset=\"https:\/\/static.eldiario.es\/clip\/ad69889f-c591-459d-b96d-8c61ffb2e258_16-9-discover-aspect-ratio_default_0.webp\" type=\"image\/webp\" \/><img data-recalc-dims=\"1\" decoding=\"async\" class=\"lazy entered loaded\" src=\"https:\/\/i0.wp.com\/static.eldiario.es\/clip\/ad69889f-c591-459d-b96d-8c61ffb2e258_16-9-discover-aspect-ratio_default_0.jpg?w=640&#038;ssl=1\" alt=\"\" data-src=\"https:\/\/static.eldiario.es\/clip\/ad69889f-c591-459d-b96d-8c61ffb2e258_16-9-discover-aspect-ratio_default_0.jpg\" data-ll-status=\"loaded\" \/> <\/picture><figcaption class=\"image-footer\"><span class=\"title\"> Ad\u00e8le Exarchopoulos y Franz Rogowski en &#8216;Passages&#8217; <span class=\"author\"> Caramel Films<\/span> <\/span><\/figcaption><\/figure>\n<p class=\"article-text\" style=\"text-align: justify;\">El mejor actor del momento se llama Franz Rogowski. Le hemos visto a las \u00f3rdenes de Haneke, de Malick, de Petzold, y siempre brilla. Ahora est\u00e1 en un momento plet\u00f3rico y lo confirma con su papel de director de cine eg\u00f3latra e insoportable en <em>Passages<\/em>. Un drama sobre un tri\u00e1ngulo amoroso entre Rogowski y otras dos fuerzas de la naturaleza, Ben Whishaw y Ad\u00e8le Exarchopoulos. Ambos caen rendidos a este personaje tan repugnante como hipn\u00f3tico. Ira Sachs realiza un retrato complejo y nada complaciente de las relaciones sentimentales y demuestra que las escenas de sexo pueden ser er\u00f3ticas, narrativas y realistas (lo que le cost\u00f3 su carrera comercial en EEUU).<\/p>\n<div id=\"container-after-news-outlook\" style=\"text-align: justify;\">\n<h6 class=\"warning-message\">el art\u00edculo contin\u00faa despu\u00e9s del siguiente mensaje<\/h6>\n<div id=\"container-after-news-inside\">\n<h2 class=\"outlook-header\">T\u00fa nos haces independientes<\/h2>\n<p class=\"article-text\">\u00a0<\/p>\n<p>Solo respondemos ante socios y socias: ante personas como t\u00fa que creen que nuestro trabajo importa. Por eso, si nos lees habitualmente y crees en el periodismo con valores, pedimos tu colaboraci\u00f3n para que podamos seguir siendo independientes. <a href=\"https:\/\/usuarios.eldiario.es\/hazte_socio\/?itm_n=despiece&amp;itm_c=impacto\" data-gtm-vis-recent-on-screen-13458752_233=\"4413\" data-gtm-vis-first-on-screen-13458752_233=\"4413\" data-gtm-vis-total-visible-time-13458752_233=\"100\" data-gtm-vis-has-fired-13458752_233=\"1\" data-gtm-vis-recent-on-screen13458752_233=\"227516\" data-gtm-vis-first-on-screen13458752_233=\"227517\" data-gtm-vis-total-visible-time13458752_233=\"100\" data-gtm-vis-has-fired13458752_233=\"1\"> <span class=\"blackie\">Te llevar\u00e1 menos de un minuto y puedes hacerlo desde aqu\u00ed con cuotas que van desde 1 \u20ac al mes.<\/span><\/a><\/p>\n<p class=\"article-text\">Aunque parezca una cantidad peque\u00f1a, sumada a las de muchas m\u00e1s personas, es lo que hace posible que existamos.<\/p>\n<p>&nbsp;<\/p>\n<p>Muchas personas, con peque\u00f1as decisiones, pueden hacer grandes cosas.<\/p>\n<p><a href=\"https:\/\/usuarios.eldiario.es\/hazte_socio\/?itm_n=despiece&amp;itm_c=impacto\" data-gtm-vis-has-fired-13458752_233=\"1\" data-gtm-vis-has-fired13458752_233=\"1\"><span class=\"blackie\">Haz posible el periodismo independiente.<\/span><\/a><\/p>\n<\/div>\n<\/div>\n<h3 class=\"article-text\" style=\"text-align: justify;\"><a href=\"https:\/\/www.eldiario.es\/cultura\/cine\/tar-brillante-mirada-abuso-cate-blanchett-colosal-conquista-venecia_129_9280725.html\" data-mrf-recirculation=\"links-noticia\" data-mrf-link=\"https:\/\/www.eldiario.es\/cultura\/cine\/tar-brillante-mirada-abuso-cate-blanchett-colosal-conquista-venecia_129_9280725.html\">&#8216;Tar&#8217; (disponible en Movistar+)<\/a><\/h3>\n<figure style=\"text-align: justify;\"><picture class=\"news-image\"><source srcset=\"https:\/\/static.eldiario.es\/clip\/fa568310-5aaf-43f9-8371-7bade49f808d_16-9-discover-aspect-ratio_50p_0.webp\" type=\"image\/webp\" media=\"(max-width: 576px)\" \/><source srcset=\"https:\/\/static.eldiario.es\/clip\/fa568310-5aaf-43f9-8371-7bade49f808d_16-9-discover-aspect-ratio_50p_0.jpg\" type=\"image\/jpg\" media=\"(max-width: 576px)\" \/><source srcset=\"https:\/\/static.eldiario.es\/clip\/fa568310-5aaf-43f9-8371-7bade49f808d_16-9-discover-aspect-ratio_75p_0.webp\" type=\"image\/webp\" media=\"(max-width: 767px)\" \/><source srcset=\"https:\/\/static.eldiario.es\/clip\/fa568310-5aaf-43f9-8371-7bade49f808d_16-9-discover-aspect-ratio_75p_0.jpg\" type=\"image\/jpg\" media=\"(max-width: 767px)\" \/><source srcset=\"https:\/\/static.eldiario.es\/clip\/fa568310-5aaf-43f9-8371-7bade49f808d_16-9-discover-aspect-ratio_default_0.webp\" type=\"image\/webp\" media=\"(min-width: 768px)\" \/><source srcset=\"https:\/\/static.eldiario.es\/clip\/fa568310-5aaf-43f9-8371-7bade49f808d_16-9-discover-aspect-ratio_default_0.jpg\" type=\"image\/jpg\" media=\"(min-width: 768px)\" \/><source srcset=\"https:\/\/static.eldiario.es\/clip\/fa568310-5aaf-43f9-8371-7bade49f808d_16-9-discover-aspect-ratio_default_0.webp\" type=\"image\/webp\" \/><img data-recalc-dims=\"1\" decoding=\"async\" class=\"lazy entered loaded\" src=\"https:\/\/i0.wp.com\/static.eldiario.es\/clip\/fa568310-5aaf-43f9-8371-7bade49f808d_16-9-discover-aspect-ratio_default_0.jpg?w=640&#038;ssl=1\" alt=\"\" data-src=\"https:\/\/static.eldiario.es\/clip\/fa568310-5aaf-43f9-8371-7bade49f808d_16-9-discover-aspect-ratio_default_0.jpg\" data-ll-status=\"loaded\" \/> <\/picture><figcaption class=\"image-footer\"><span class=\"title\"> Fotograma de la actriz Cate Blanchet en el papel protagonista de una directora de orquesta en la pel\u00edcula \u00abTAR\u00bb. <\/span><\/figcaption><\/figure>\n<p class=\"article-text\" style=\"text-align: justify;\"><em>Tar<\/em> parece realizada por robots perfectos y mejores que los seres humanos, porque todo en ella es de una precisi\u00f3n que asusta. Desde el guion de Todd Field a su puesta en escena que funciona como un reloj. Sus planos largos, fijos. Su tempo. Su construcci\u00f3n de la tensi\u00f3n sin artificios. Y luego llega ella, Cate Blanchett, inmejorable como esta conductora de orquesta que ha triunfado imitando los comportamientos de los se\u00f1ores que ha visto. Un retrato sobre el abuso de poder que huye de manique\u00edsmos y que tiene hasta un dardo para Pl\u00e1cido Domingo.<\/p>\n<h3 class=\"article-text\" style=\"text-align: justify;\"><a href=\"https:\/\/www.eldiario.es\/cultura\/cine\/almodovar-reinventa-western-sensual-precioso-corto-destroza-masculinidad-genero_129_10211562.html\" data-mrf-recirculation=\"links-noticia\" data-mrf-link=\"https:\/\/www.eldiario.es\/cultura\/cine\/almodovar-reinventa-western-sensual-precioso-corto-destroza-masculinidad-genero_129_10211562.html\">Bonus: &#8216;Extra\u00f1a forma de vida&#8217; (disponible en Movistar+)<\/a><\/h3>\n<figure style=\"text-align: justify;\"><picture class=\"news-image\"><source srcset=\"https:\/\/static.eldiario.es\/clip\/9926a665-1823-488d-a033-b51234483105_16-9-discover-aspect-ratio_50p_1073051.webp\" type=\"image\/webp\" media=\"(max-width: 576px)\" \/><source srcset=\"https:\/\/static.eldiario.es\/clip\/9926a665-1823-488d-a033-b51234483105_16-9-discover-aspect-ratio_50p_1073051.jpg\" type=\"image\/jpg\" media=\"(max-width: 576px)\" \/><source srcset=\"https:\/\/static.eldiario.es\/clip\/9926a665-1823-488d-a033-b51234483105_16-9-discover-aspect-ratio_75p_1073051.webp\" type=\"image\/webp\" media=\"(max-width: 767px)\" \/><source srcset=\"https:\/\/static.eldiario.es\/clip\/9926a665-1823-488d-a033-b51234483105_16-9-discover-aspect-ratio_75p_1073051.jpg\" type=\"image\/jpg\" media=\"(max-width: 767px)\" \/><source srcset=\"https:\/\/static.eldiario.es\/clip\/9926a665-1823-488d-a033-b51234483105_16-9-discover-aspect-ratio_default_1073051.webp\" type=\"image\/webp\" media=\"(min-width: 768px)\" \/><source srcset=\"https:\/\/static.eldiario.es\/clip\/9926a665-1823-488d-a033-b51234483105_16-9-discover-aspect-ratio_default_1073051.jpg\" type=\"image\/jpg\" media=\"(min-width: 768px)\" \/><source srcset=\"https:\/\/static.eldiario.es\/clip\/9926a665-1823-488d-a033-b51234483105_16-9-discover-aspect-ratio_default_1073051.webp\" type=\"image\/webp\" \/><img data-recalc-dims=\"1\" decoding=\"async\" class=\"lazy entered loaded\" src=\"https:\/\/i0.wp.com\/static.eldiario.es\/clip\/9926a665-1823-488d-a033-b51234483105_16-9-discover-aspect-ratio_default_1073051.jpg?w=640&#038;ssl=1\" alt=\"\" data-src=\"https:\/\/static.eldiario.es\/clip\/9926a665-1823-488d-a033-b51234483105_16-9-discover-aspect-ratio_default_1073051.jpg\" data-ll-status=\"loaded\" \/> <\/picture><figcaption class=\"image-footer\"><span class=\"title\"> Pedro Almod\u00f3var junto a sus vaqueros de &#8216;Extra\u00f1a forma de vida&#8217; <span class=\"author\"> Nico Bustos \/ El Deseo<\/span> <\/span><\/figcaption><\/figure>\n<p class=\"article-text\" style=\"text-align: justify;\">Los vaqueros tambi\u00e9n hacen la cama despu\u00e9s de follar. Con esa frase se podr\u00eda resumir la magia y lo especial del cortometraje que dirigi\u00f3 este a\u00f1o Pedro Almod\u00f3var. Solo \u00e9l es capaz de coger un g\u00e9nero tan machirulo como el w\u00e9stern y hacer algo que rezume erotismo y romanticismo. Ayuda la banda sonora de Alberto Iglesias. Si alguno se pregunta c\u00f3mo ser\u00eda ese<em> Brokeback Mountain<\/em> que Almod\u00f3var nunca rod\u00f3 aqu\u00ed tiene una pista. \u201cHace a\u00f1os me preguntaste qu\u00e9 podr\u00edan hacer dos hombres viviendo juntos en un rancho. Te responder\u00e9 ahora\u201d, una frase final hermos\u00edsima que abre una pel\u00edcula que nunca veremos.<\/p>\n<\/div>\n<p><a href=\"https:\/\/www.eldiario.es\/autores\/javier-zurro\/\" data-mrf-link=\"https:\/\/www.eldiario.es\/autores\/javier-zurro\/\"><strong>Javier Zurro<\/strong><\/a><\/p>\n<p><span class=\"title\">FOTO: Pedro Pascal, vaqueros y amantes en &#8216;Extra\u00f1a forma de vida&#8217; <span class=\"author\"> El Deseo D.A. S.L.U., (c) Iglesias Mas<\/span> <\/span><\/p>\n<p>https:\/\/www.eldiario.es\/cultura\/cine\/mejores-peliculas-2023-tienes-ver-acabe-ano-no-barbie-oppenheimer_1_10767561.html<\/p>\n<footer class=\"news-info \" data-mrf-recirculation=\"firma\">\n<div class=\"info-wrapper\">\n<p class=\"authors\">\u00a0<\/p>\n<\/div>\n<\/footer>\n<p>&nbsp;<\/p>\n","protected":false},"excerpt":{"rendered":"<p>Las mejores pel\u00edculas de 2023 que tienes que ver antes de que acabe el a\u00f1o&#8230;<\/p>\n","protected":false},"author":1,"featured_media":65960,"comment_status":"closed","ping_status":"closed","sticky":false,"template":"","format":"standard","meta":{"_coblocks_attr":"","_coblocks_dimensions":"","_coblocks_responsive_height":"","_coblocks_accordion_ie_support":"","jetpack_post_was_ever_published":false,"_jetpack_newsletter_access":"","_jetpack_dont_email_post_to_subs":false,"_jetpack_newsletter_tier_id":0,"_jetpack_memberships_contains_paywalled_content":false,"_jetpack_memberships_contains_paid_content":false,"footnotes":"","jetpack_publicize_message":"","jetpack_publicize_feature_enabled":true,"jetpack_social_post_already_shared":true,"jetpack_social_options":{"image_generator_settings":{"template":"highway","default_image_id":0,"enabled":false},"version":2}},"categories":[1161,44,6937],"tags":[],"class_list":["post-65959","post","type-post","status-publish","format-standard","has-post-thumbnail","hentry","category-ciudadania","category-noticias-de-hoy","category-sociedad"],"jetpack_publicize_connections":[],"jetpack_featured_media_url":"https:\/\/i0.wp.com\/miradordeatarfe.es\/wp-content\/uploads\/2023\/12\/PELI.webp?fit=1200%2C675&ssl=1","jetpack_likes_enabled":true,"jetpack_sharing_enabled":true,"_links":{"self":[{"href":"https:\/\/miradordeatarfe.es\/index.php?rest_route=\/wp\/v2\/posts\/65959","targetHints":{"allow":["GET"]}}],"collection":[{"href":"https:\/\/miradordeatarfe.es\/index.php?rest_route=\/wp\/v2\/posts"}],"about":[{"href":"https:\/\/miradordeatarfe.es\/index.php?rest_route=\/wp\/v2\/types\/post"}],"author":[{"embeddable":true,"href":"https:\/\/miradordeatarfe.es\/index.php?rest_route=\/wp\/v2\/users\/1"}],"replies":[{"embeddable":true,"href":"https:\/\/miradordeatarfe.es\/index.php?rest_route=%2Fwp%2Fv2%2Fcomments&post=65959"}],"version-history":[{"count":1,"href":"https:\/\/miradordeatarfe.es\/index.php?rest_route=\/wp\/v2\/posts\/65959\/revisions"}],"predecessor-version":[{"id":65961,"href":"https:\/\/miradordeatarfe.es\/index.php?rest_route=\/wp\/v2\/posts\/65959\/revisions\/65961"}],"wp:featuredmedia":[{"embeddable":true,"href":"https:\/\/miradordeatarfe.es\/index.php?rest_route=\/wp\/v2\/media\/65960"}],"wp:attachment":[{"href":"https:\/\/miradordeatarfe.es\/index.php?rest_route=%2Fwp%2Fv2%2Fmedia&parent=65959"}],"wp:term":[{"taxonomy":"category","embeddable":true,"href":"https:\/\/miradordeatarfe.es\/index.php?rest_route=%2Fwp%2Fv2%2Fcategories&post=65959"},{"taxonomy":"post_tag","embeddable":true,"href":"https:\/\/miradordeatarfe.es\/index.php?rest_route=%2Fwp%2Fv2%2Ftags&post=65959"}],"curies":[{"name":"wp","href":"https:\/\/api.w.org\/{rel}","templated":true}]}}