{"id":65962,"date":"2023-12-22T08:30:52","date_gmt":"2023-12-22T07:30:52","guid":{"rendered":"https:\/\/miradordeatarfe.es\/?p=65962"},"modified":"2023-12-21T23:13:19","modified_gmt":"2023-12-21T22:13:19","slug":"la-provincia-de-granada-suma-algo-mas-de-8-000-habitantes-gracias-sobre-todo-a-la-poblacion-extranjera","status":"publish","type":"post","link":"https:\/\/miradordeatarfe.es\/?p=65962","title":{"rendered":"La provincia de Granada suma algo m\u00e1s de 8.000 habitantes gracias sobre todo a la poblaci\u00f3n extranjera"},"content":{"rendered":"<h3 style=\"text-align: justify;\">Las personas procedentes de Colombia y Ucrania son las que m\u00e1s aumentan al inicio de 2023, mientras que disminuyen las de Reino Unido y Ruman\u00eda.<\/h3>\n<div class=\"cuerpo\" style=\"text-align: justify;\">\n<p>La provincia de Granada ha sumado al inicio de 2023 algo m\u00e1s de 8.000 habitantes, sobre todo gracias al aumento de la poblaci\u00f3n extranjera. Seg\u00fan el \u00faltimo censo del Instituto Nacional de Estad\u00edstica (INE), publicado hace unos d\u00edas, Granada cuenta, a 1 de enero de este a\u00f1o, con <strong>934.072 habitantes, 8.053 m\u00e1s que un a\u00f1o ante<\/strong>s. De ese incremento, <strong>6.590<\/strong> residentes <strong>proceden de otros pa\u00edse<\/strong>s, mientras que la poblaci\u00f3n nacional crece en 1.463 personas.\u00a0<\/p>\n<p>Pese al \u00e9xodo que sufri\u00f3 la poblaci\u00f3n de Ucrania tras la invasi\u00f3n de Rusia, iniciada en febrero de 2022, no ha sido este pa\u00eds el que m\u00e1s habitantes ha aportado a Granada durante el a\u00f1o pasado. <strong>Colombia<\/strong> es la naci\u00f3n con m\u00e1s aumento de residentes extranjeros en la provincia: <strong>1.588 m\u00e1s <\/strong>han llegado a Granada. La poblaci\u00f3n colombiana en la provincia <strong>ha crecido<\/strong> nada menos que <strong>un 53%<\/strong>, de los 2.994 a los 4.582 habitantes en un solo a\u00f1o.\u00a0<\/p>\n<p>Le sigue, ahora s\u00ed, <strong>Ucrania<\/strong>, con <strong>813 personas m\u00e1s<\/strong>. Porcentualmente es un incremento mayor, porque la poblaci\u00f3n ucraniana no era tan numerosa en Granada. Se ha <strong>m\u00e1s que duplicado<\/strong>, de las 568 personas que resid\u00edan a inicios de 2022 a las 1.381 un a\u00f1o despu\u00e9s.\u00a0<\/p>\n<p>La siguiente tabla muestra los diez pa\u00edses con mayor aumento de habitantes en la proivncia de Granada entre el 1 de enero 2022 e igual fecha de 2023:\u00a0<\/p>\n<table border=\"1\" cellspacing=\"1\" cellpadding=\"1\">\n<caption>LOS DIEZ PA\u00cdSES QUE M\u00c1S CRECEN EN GRANADA<\/caption>\n<tbody>\n<tr>\n<td>Pa\u00eds<\/td>\n<td>Variaci\u00f3n 2023\/2022<\/td>\n<td>Poblaci\u00f3n 2023<\/td>\n<\/tr>\n<tr>\n<td>Colombia<\/td>\n<td>+1.588<\/td>\n<td>4.582<\/td>\n<\/tr>\n<tr>\n<td>Ucrania<\/td>\n<td>+813<\/td>\n<td>1.381<\/td>\n<\/tr>\n<tr>\n<td>Marruecos<\/td>\n<td>+697<\/td>\n<td>18.161<\/td>\n<\/tr>\n<tr>\n<td>Venezuela<\/td>\n<td>+546<\/td>\n<td>2.448<\/td>\n<\/tr>\n<tr>\n<td>Argentina<\/td>\n<td>+458<\/td>\n<td>2.270<\/td>\n<\/tr>\n<tr>\n<td>Honduras<\/td>\n<td>+395<\/td>\n<td>1.738<\/td>\n<\/tr>\n<tr>\n<td>Rusia<\/td>\n<td>+305<\/td>\n<td>1.461<\/td>\n<\/tr>\n<tr>\n<td>Per\u00fa<\/td>\n<td>+283<\/td>\n<td>884<\/td>\n<\/tr>\n<tr>\n<td>Italia<\/td>\n<td>+272<\/td>\n<td>2.731<\/td>\n<\/tr>\n<tr>\n<td>Estados Unidos<\/td>\n<td>+148<\/td>\n<td>1.175<\/td>\n<\/tr>\n<\/tbody>\n<\/table>\n<p class=\"pie\">Fuente: Instituto Nacional de Estad\u00edstica<\/p>\n<p>Tras Colombia y Ucrania, el vecino <strong>Marruecos<\/strong> es el tercer pa\u00eds con m\u00e1s aumento de habitantes en Granada,<strong> 697<\/strong>. Pero es Am\u00e9rica del Sur la zona geogr\u00e1fica mundial con m\u00e1s aumento de residentes en la provincia: <strong>Venezuela (+546), Argentina (+458) <\/strong>y destacan <strong>Honduras<\/strong>, por su menor poblaci\u00f3n respecto al resto (poco m\u00e1s de 10 millones de habitantes), que ha incrementado en casi 400 personas su presencia en Granada, y tambi\u00e9n <strong>Per\u00fa,<\/strong> que ha pasado de apenas 600 residentes a cerca de 900.\u00a0<\/p>\n<p>Del total de pa\u00edses con residentes en Granada, Marruecos sigue siendo el principal, con m\u00e1s de 18.000 personas, y contin\u00faa en ascenso, al contrario que <strong>Ruman\u00eda<\/strong>, el seguno pa\u00eds con m\u00e1s presencia, cuya poblaci\u00f3n en Granada desciende en 170 personas.\u00a0<\/p>\n<p>Tambi\u00e9n bajan los habitantes del <strong>Reino Unido, <\/strong>en 268 personas, aunque sigue siendo el tercer pa\u00eds con m\u00e1s residentes en Granada, 6.573. <strong>Colombia<\/strong> se consolida como la cuarta naci\u00f3n que aporta m\u00e1s habitantes, 4.582, tras su gran aumento del \u00faltimo a\u00f1o.\u00a0<\/p>\n<table border=\"1\" cellspacing=\"1\" cellpadding=\"1\">\n<caption>LOS 20 PA\u00cdSES CON M\u00c1S POBLACI\u00d3N EXTRANJERA EN GRANADA<\/caption>\n<tbody>\n<tr>\n<td>Pa\u00eds<\/td>\n<td>Poblaci\u00f3n en Granada 2023<\/td>\n<td>Variaci\u00f3n\/2022<\/td>\n<\/tr>\n<tr>\n<td>Marruecos<\/td>\n<td>18.161<\/td>\n<td>+697<\/td>\n<\/tr>\n<tr>\n<td>Ruman\u00eda<\/td>\n<td>8.267<\/td>\n<td>-170<\/td>\n<\/tr>\n<tr>\n<td>Reino Unido<\/td>\n<td>6.573<\/td>\n<td>-268<\/td>\n<\/tr>\n<tr>\n<td>Colombia<\/td>\n<td>4.582<\/td>\n<td>+1.558<\/td>\n<\/tr>\n<tr>\n<td>Senegal<\/td>\n<td>2.793<\/td>\n<td>+84<\/td>\n<\/tr>\n<tr>\n<td>Italia<\/td>\n<td>2.731<\/td>\n<td>+272<\/td>\n<\/tr>\n<tr>\n<td>Venezuela<\/td>\n<td>2.448<\/td>\n<td>+546<\/td>\n<\/tr>\n<tr>\n<td>Argentina<\/td>\n<td>2.270<\/td>\n<td>+458<\/td>\n<\/tr>\n<tr>\n<td>Bolivia<\/td>\n<td>2.197<\/td>\n<td>-17<\/td>\n<\/tr>\n<tr>\n<td>China<\/td>\n<td>2.163<\/td>\n<td>+22<\/td>\n<\/tr>\n<tr>\n<td>Honduras<\/td>\n<td>1.738<\/td>\n<td>+395<\/td>\n<\/tr>\n<tr>\n<td>Francia<\/td>\n<td>1.665<\/td>\n<td>+35<\/td>\n<\/tr>\n<tr>\n<td>Alemania<\/td>\n<td>1.615<\/td>\n<td>+70<\/td>\n<\/tr>\n<tr>\n<td>Rusia<\/td>\n<td>1.461<\/td>\n<td>+305<\/td>\n<\/tr>\n<tr>\n<td>Ucrania<\/td>\n<td>1.381<\/td>\n<td>+813<\/td>\n<\/tr>\n<tr>\n<td>Estados Unidos<\/td>\n<td>1.175<\/td>\n<td>+148<\/td>\n<\/tr>\n<tr>\n<td>Pa\u00edses Bajos<\/td>\n<td>1.069<\/td>\n<td>+122<\/td>\n<\/tr>\n<tr>\n<td>Brasil<\/td>\n<td>1.053<\/td>\n<td>+58<\/td>\n<\/tr>\n<tr>\n<td>B\u00e9lgica<\/td>\n<td>951<\/td>\n<td>+30<\/td>\n<\/tr>\n<tr>\n<td>Per\u00fa<\/td>\n<td>884<\/td>\n<td>+283<\/td>\n<\/tr>\n<\/tbody>\n<\/table>\n<p class=\"pie\">Fuente: Instituto Nacional de Estad\u00edstica<\/p>\n<p>De los 20 pa\u00edses con mayor presencia en Granada, <strong>nueve son europeos<\/strong> (Ruman\u00eda, Reino Unido, Italia, Francia, Alemania, Rusia, Ucrania, Pa\u00edses Bajos y B\u00e9lgica). <strong>Ocho son americanos<\/strong>: Colombia, Venezuela, Argentina, Bolivia, Honduras, Estados Unidos, Brasil y Per\u00fa). Y hay <strong>dos africanos<\/strong> (Marruecos y Senegal) y <strong>uno asi\u00e1tico<\/strong>, China.\u00a0<\/p>\n<p>En total, las<strong> 77.605 personas extranjeras<\/strong> censadas en Granada representan <strong>el 8,3% de la poblaci\u00f3n<\/strong> de la provincia, un porcentaje inferior al del conjunto de Espa\u00f1a, donde suponen el 12,7% de los habitantes.\u00a0<\/p>\n<p>EL INDEPENDIENTE DE GRANADA. \u00a0<span class=\"autor\">J. M. M. <\/span> -.<\/p>\n<p>FOTO:Viandantes por la calle Mesones, en una imagen de archivo.Miguel Rodr\u00edguez \/archivo<\/p>\n<p>https:\/\/www.elindependientedegranada.es\/ciudadania\/provincia-granada-suma-algo-mas-8000-habitantes-gracias-sobre-todo-poblacion-extranjera<\/p>\n<\/div>\n<div>\n<div id=\"disqus_thread\" style=\"text-align: justify;\">\u00a0<\/div>\n<\/div>\n","protected":false},"excerpt":{"rendered":"<p>Las personas procedentes de Colombia y Ucrania son las que m\u00e1s aumentan al inicio de&#8230;<\/p>\n","protected":false},"author":1,"featured_media":65963,"comment_status":"closed","ping_status":"closed","sticky":false,"template":"","format":"standard","meta":{"_coblocks_attr":"","_coblocks_dimensions":"","_coblocks_responsive_height":"","_coblocks_accordion_ie_support":"","jetpack_post_was_ever_published":false,"_jetpack_newsletter_access":"","_jetpack_dont_email_post_to_subs":false,"_jetpack_newsletter_tier_id":0,"_jetpack_memberships_contains_paywalled_content":false,"_jetpack_memberships_contains_paid_content":false,"footnotes":"","jetpack_publicize_message":"","jetpack_publicize_feature_enabled":true,"jetpack_social_post_already_shared":true,"jetpack_social_options":{"image_generator_settings":{"template":"highway","default_image_id":0,"enabled":false},"version":2}},"categories":[1161,10781,44],"tags":[],"class_list":["post-65962","post","type-post","status-publish","format-standard","has-post-thumbnail","hentry","category-ciudadania","category-granada","category-noticias-de-hoy"],"jetpack_publicize_connections":[],"jetpack_featured_media_url":"https:\/\/i0.wp.com\/miradordeatarfe.es\/wp-content\/uploads\/2023\/12\/aglomer.jpg?fit=750%2C447&ssl=1","jetpack_likes_enabled":true,"jetpack_sharing_enabled":true,"_links":{"self":[{"href":"https:\/\/miradordeatarfe.es\/index.php?rest_route=\/wp\/v2\/posts\/65962","targetHints":{"allow":["GET"]}}],"collection":[{"href":"https:\/\/miradordeatarfe.es\/index.php?rest_route=\/wp\/v2\/posts"}],"about":[{"href":"https:\/\/miradordeatarfe.es\/index.php?rest_route=\/wp\/v2\/types\/post"}],"author":[{"embeddable":true,"href":"https:\/\/miradordeatarfe.es\/index.php?rest_route=\/wp\/v2\/users\/1"}],"replies":[{"embeddable":true,"href":"https:\/\/miradordeatarfe.es\/index.php?rest_route=%2Fwp%2Fv2%2Fcomments&post=65962"}],"version-history":[{"count":1,"href":"https:\/\/miradordeatarfe.es\/index.php?rest_route=\/wp\/v2\/posts\/65962\/revisions"}],"predecessor-version":[{"id":65964,"href":"https:\/\/miradordeatarfe.es\/index.php?rest_route=\/wp\/v2\/posts\/65962\/revisions\/65964"}],"wp:featuredmedia":[{"embeddable":true,"href":"https:\/\/miradordeatarfe.es\/index.php?rest_route=\/wp\/v2\/media\/65963"}],"wp:attachment":[{"href":"https:\/\/miradordeatarfe.es\/index.php?rest_route=%2Fwp%2Fv2%2Fmedia&parent=65962"}],"wp:term":[{"taxonomy":"category","embeddable":true,"href":"https:\/\/miradordeatarfe.es\/index.php?rest_route=%2Fwp%2Fv2%2Fcategories&post=65962"},{"taxonomy":"post_tag","embeddable":true,"href":"https:\/\/miradordeatarfe.es\/index.php?rest_route=%2Fwp%2Fv2%2Ftags&post=65962"}],"curies":[{"name":"wp","href":"https:\/\/api.w.org\/{rel}","templated":true}]}}