{"id":65965,"date":"2023-12-20T14:50:19","date_gmt":"2023-12-20T13:50:19","guid":{"rendered":"https:\/\/miradordeatarfe.es\/?p=65965"},"modified":"2023-12-20T14:50:19","modified_gmt":"2023-12-20T13:50:19","slug":"atarfe-supera-los-20-000-habitantes-y-se-convierte-en-la-cuarta-ciudad-del-area-metropolitana-de-granada","status":"publish","type":"post","link":"https:\/\/miradordeatarfe.es\/?p=65965","title":{"rendered":"Atarfe supera los 20.000 habitantes y se convierte en la cuarta ciudad del \u00c1rea Metropolitana de Granada"},"content":{"rendered":"<h3 class=\"intro\" style=\"text-align: justify;\">La Zubia y Albolote est\u00e1n cerca de conseguirlo, Armilla supera ya los 25.000 habitantes y Las Gabias se consolida como la segunda localidad m\u00e1s poblada de la comarca<\/h3>\n<p style=\"text-align: justify;\"><strong>Atarfe se ha convertido ya en la cuarta ciudad del \u00c1rea Metropolitana de Granada despu\u00e9s de superar los 20.000 habitantes, <\/strong>un registro por encima del que se mantienen Armilla, Las Gabias y Maracena y al que se aproximan La Zubia y Albolote.<\/p>\n<p style=\"text-align: justify;\">Seg\u00fan se desprende de los \u00faltimos datos del Instituto Nacional de Estad\u00edstica, correspondientes al Censo de Poblaci\u00f3n a 1 de enero de 2023, <strong>Atarfe <\/strong>ha logrado superar la barrera que le deja en 20.128, despu\u00e9s de haber ganado en el \u00faltimo a\u00f1o 608 habitantes, lo que supone el mayor crecimiento registrado en toda la comarca metropolitana.<\/p>\n<p style=\"text-align: justify;\">De este modo, <strong>Atarfe <\/strong>ha consolidado el crecimiento que viene experimentando sobre todo desde comienzos de este siglo, cuando entonces el n\u00famero de habitantes se aproximaba a los 11.000 y ahora los supera en 9.000 m\u00e1s.<\/p>\n<p style=\"text-align: justify;\">Entre las competencias y funciones que ahora asumir\u00e1 <strong>Atarfe <\/strong>por superar los 20.000 habitantes se encuentran la posibilidad de pedir financiaci\u00f3n y subvenciones europeas, como ya hacen otros municipios cercanos, y asumir competencias que hasta ahora gestiona la Diputaci\u00f3n.<\/p>\n<h3 class=\"wp-block-heading\" style=\"text-align: justify;\">Las otras ciudades metropolitanas y las que quieren serlo<\/h3>\n<p style=\"text-align: justify;\"><strong>Atarfe <\/strong>entra en el grupo de cuatro ciudades metropolitanas que superan los 20.000 habitantes, entre las que <strong>Armilla <\/strong>fue la primera en entrar en \u00e9l y que ya supera los 25.000 habitantes.<\/p>\n<p style=\"text-align: justify;\">El municipio armillero ha pasado de los 24.601 vecinos censados a los 25.008 en la actualidad, lo que suponen 407 m\u00e1s que los que ten\u00eda a 1 de enero de 2022. La segunda localidad m\u00e1s poblada es <strong>Las Gabias<\/strong>, que se consolida en esta posici\u00f3n despu\u00e9s de sumar otros 577 vecinos, el segundo mayor crecimiento de la comarca metropolitana en datos brutos por detr\u00e1s de Atarfe y que la sit\u00faa ya con 23.008 vecinos.<\/p>\n<p style=\"text-align: justify;\"><strong>Maracena<\/strong>, por su parte, ha experimentado un aumento de 38 ciudadanos en el \u00faltimo a\u00f1o hasta situarse en los 22.364 habitantes en total, siendo la tercera de la comarca en n\u00famero de vecinos empadronados. Pr\u00f3ximos a estas cifras se encuentran otros dos municipios del \u00c1rea Metropolitana de Granada, como son los casos de <strong>La Zubia<\/strong> con 19.900 habitantes y que ha aumentado en 308 en el \u00faltimo a\u00f1o.<\/p>\n<p style=\"text-align: justify;\">De mantener este crecimiento para 2024, ser\u00e1 este el a\u00f1o en que el municipio zubiense se sume al listado de ciudades metropolitanas que est\u00e1n por encima de los 20.000 habitantes. En cuanto a <strong>Albolote<\/strong>, su incremento ha sido de 246 habitantes en el \u00faltimo a\u00f1o hasta el 1 de enero de 2023, lo que le deja ya a las puertas tambi\u00e9n de ese anhelo con 19.472 ciudadanos empadronados.<\/p>\n<p style=\"text-align: justify;\"><span class=\"section-name\"> <span class=\"autor\"> <a title=\"Entradas de Luis F. Ruiz\" href=\"https:\/\/www.ahoragranada.com\/columnista\/luis-f-ruiz\/\" rel=\"author\"><span style=\"font-size: 14pt;\"><strong>Luis F. Ruiz<\/strong><\/span><\/a> <\/span><\/span><\/p>\n<blockquote class=\"wp-embedded-content\" data-secret=\"PudijbmNnE\"><p><a href=\"https:\/\/www.ahoragranada.com\/noticias\/atarfe-supera-los-20-000-habitantes-y-se-convierte-en-la-cuarta-ciudad-del-area-metropolitana-de-granada\/\">Atarfe supera los 20.000 habitantes y se convierte en la cuarta ciudad del \u00c1rea Metropolitana de Granada<\/a><\/p><\/blockquote>\n<p><iframe loading=\"lazy\" class=\"wp-embedded-content\" sandbox=\"allow-scripts\" security=\"restricted\" style=\"position: absolute; visibility: hidden;\" title=\"\u00abAtarfe supera los 20.000 habitantes y se convierte en la cuarta ciudad del \u00c1rea Metropolitana de Granada\u00bb \u2014 Ahora Granada\" src=\"https:\/\/www.ahoragranada.com\/noticias\/atarfe-supera-los-20-000-habitantes-y-se-convierte-en-la-cuarta-ciudad-del-area-metropolitana-de-granada\/embed\/#?secret=jO14SZNfRl#?secret=PudijbmNnE\" data-secret=\"PudijbmNnE\" width=\"600\" height=\"338\" frameborder=\"0\" marginwidth=\"0\" marginheight=\"0\" scrolling=\"no\"><\/iframe><\/p>\n","protected":false},"excerpt":{"rendered":"<p>La Zubia y Albolote est\u00e1n cerca de conseguirlo, Armilla supera ya los 25.000 habitantes y&#8230;<\/p>\n","protected":false},"author":1,"featured_media":65966,"comment_status":"closed","ping_status":"closed","sticky":false,"template":"","format":"standard","meta":{"_coblocks_attr":"","_coblocks_dimensions":"","_coblocks_responsive_height":"","_coblocks_accordion_ie_support":"","jetpack_post_was_ever_published":false,"_jetpack_newsletter_access":"","_jetpack_dont_email_post_to_subs":false,"_jetpack_newsletter_tier_id":0,"_jetpack_memberships_contains_paywalled_content":false,"_jetpack_memberships_contains_paid_content":false,"footnotes":"","jetpack_publicize_message":"","jetpack_publicize_feature_enabled":true,"jetpack_social_post_already_shared":true,"jetpack_social_options":{"image_generator_settings":{"template":"highway","default_image_id":0,"enabled":false},"version":2}},"categories":[2,6916,1161,44],"tags":[],"class_list":["post-65965","post","type-post","status-publish","format-standard","has-post-thumbnail","hentry","category-atarfe","category-ayuntamiento-de-atarfe","category-ciudadania","category-noticias-de-hoy"],"jetpack_publicize_connections":[],"jetpack_featured_media_url":"https:\/\/i0.wp.com\/miradordeatarfe.es\/wp-content\/uploads\/2023\/12\/Archivo-2019.-Atarfe-ayuntamiento-plaza-centro-de-salud-iglesia-AlexCamara-24-746x420-1.jpg?fit=746%2C420&ssl=1","jetpack_likes_enabled":true,"jetpack_sharing_enabled":true,"_links":{"self":[{"href":"https:\/\/miradordeatarfe.es\/index.php?rest_route=\/wp\/v2\/posts\/65965","targetHints":{"allow":["GET"]}}],"collection":[{"href":"https:\/\/miradordeatarfe.es\/index.php?rest_route=\/wp\/v2\/posts"}],"about":[{"href":"https:\/\/miradordeatarfe.es\/index.php?rest_route=\/wp\/v2\/types\/post"}],"author":[{"embeddable":true,"href":"https:\/\/miradordeatarfe.es\/index.php?rest_route=\/wp\/v2\/users\/1"}],"replies":[{"embeddable":true,"href":"https:\/\/miradordeatarfe.es\/index.php?rest_route=%2Fwp%2Fv2%2Fcomments&post=65965"}],"version-history":[{"count":1,"href":"https:\/\/miradordeatarfe.es\/index.php?rest_route=\/wp\/v2\/posts\/65965\/revisions"}],"predecessor-version":[{"id":65967,"href":"https:\/\/miradordeatarfe.es\/index.php?rest_route=\/wp\/v2\/posts\/65965\/revisions\/65967"}],"wp:featuredmedia":[{"embeddable":true,"href":"https:\/\/miradordeatarfe.es\/index.php?rest_route=\/wp\/v2\/media\/65966"}],"wp:attachment":[{"href":"https:\/\/miradordeatarfe.es\/index.php?rest_route=%2Fwp%2Fv2%2Fmedia&parent=65965"}],"wp:term":[{"taxonomy":"category","embeddable":true,"href":"https:\/\/miradordeatarfe.es\/index.php?rest_route=%2Fwp%2Fv2%2Fcategories&post=65965"},{"taxonomy":"post_tag","embeddable":true,"href":"https:\/\/miradordeatarfe.es\/index.php?rest_route=%2Fwp%2Fv2%2Ftags&post=65965"}],"curies":[{"name":"wp","href":"https:\/\/api.w.org\/{rel}","templated":true}]}}