{"id":65971,"date":"2023-12-22T11:00:01","date_gmt":"2023-12-22T10:00:01","guid":{"rendered":"https:\/\/miradordeatarfe.es\/?p=65971"},"modified":"2023-12-21T23:13:41","modified_gmt":"2023-12-21T22:13:41","slug":"navidad-en-atarfe-compra-en-los-comercios-de-atarfe","status":"publish","type":"post","link":"https:\/\/miradordeatarfe.es\/?p=65971","title":{"rendered":"Navidad en Atarfe \u00a1Compra en los Comercios de Atarfe!"},"content":{"rendered":"<h3>\u00a0Esta Navidad compramos en los Comercios de Atarfe \u00a1Cada compra cuenta! <\/h3>\n<p>\u00a1Comprar en Atarfe es construir un futuro m\u00e1s pr\u00f3spero para nuestro pueblo!\u00a0 Agradecemos a la Asociaci\u00f3n de Empresarios y Comerciantes de Atarfe, y al Ayuntamiento su gran labor.<\/p>\n<p><strong>Los productos de cercan\u00eda nos han acompa\u00f1ado durante toda nuestra vida<\/strong>. En las tiendas de barrio, en los mercados de la plaza\u2026 En cada esquina, siempre ha habido un vendedor que nos ha ofrecido una sonrisa mientras compr\u00e1bamos las verduras o la carne para nuestra mesa.<\/p>\n<p>La situaci\u00f3n del confinamiento oblig\u00f3 a muchas de estas pymes a bajar las persianas, de forma que <strong>los espa\u00f1oles hemos puesto todo nuestro empe\u00f1o en ayudar a estas familias<\/strong> a subsistir durante la pandemia. <a href=\"https:\/\/ecomvalue21.com\/visa-espana-durante-la-pandemia-covid-19-ha-subido-un-52-el-comercio-electronico-y-un-15-los-pagos-con-el-movil\/\" target=\"_blank\" rel=\"noopener noreferrer\">As\u00ed lo afirma Visa en un informe sobre h\u00e1bitos de consumo<\/a>, en el que defiende que <strong>Espa\u00f1a es el pa\u00eds del sur de Europa donde m\u00e1s ha crecido el comercio local en 2020 (con un 77%).<\/strong><\/p>\n<p>Vamos a darte <strong>algunos motivos para participar de este gran impulso que hacemos los ciudadanos<\/strong> para que las tiendas puedan sobrevivir en estos tiempos tan complicados.<\/p>\n<ul>\n<li><strong>Los productos de proximidad son sin\u00f3nimo de frescura y sostenibilidad. <\/strong>Los agricultores y los ganaderos se preocupan <strong>porque los alimentos que recibimos lleguen en las mejores condiciones<\/strong>, reduciendo el uso de pesticidas y proporcionando un pienso adecuado a los animales. Los vendedores finales se encargan de que cada producto tenga un trato cuidadoso hasta que llega a nosotros.<\/li>\n<li><strong>Fomenta la econom\u00eda local. <\/strong>La <a href=\"https:\/\/www.ocu.org\/consumo-familia\/consumo-colaborativo\/noticias\/consumo-local-coronavirus\" target=\"_blank\" rel=\"noopener noreferrer\">Organizaci\u00f3n de Consumidores y Usuarios (OCU)<\/a> sostiene que \u201cel dinero que se gasta en el peque\u00f1o comercio revierte hasta tres veces m\u00e1s en la comunidad que el gastado en una gran superficie\u201d. El motivo es que, cuando contribuimos al consumo local, <strong>generamos m\u00e1s puestos de trabajo y m\u00e1s ingresos<\/strong> para que los ayuntamientos lleven a cabo medidas en favor de la sociedad.<\/li>\n<li><strong>El desperdicio de alimentos es menor. <\/strong>Cuando se reduce la cadena de distribuci\u00f3n, es m\u00e1s probable que se conserven las propiedades del alimento y que este llegue en buen estado hasta el consumidor.<\/li>\n<li><strong>Permite acceder a nuevos productos. <\/strong>Seguro que alguna vez has llegado al mercadillo y te has sorprendido porque hay una mermelada nueva, o una miel artesanal con una pinta estupenda. Es normal <strong>que algunos vendedores te ofrezcan productos y servicios que no encuentras en un hipermercado<\/strong>, porque tienen acceso a fuentes que provienen del entorno y no necesitan fabricarlos o producirlos en la otra punta de Espa\u00f1a.<\/li>\n<li><strong>Comprar en tiendas de barrio es muy f\u00e1cil. <\/strong>Cada vez m\u00e1s comercios deciden acercar sus productos a la gente a trav\u00e9s de <strong>servicios de entrega a domicilio<\/strong>. Adem\u00e1s, tenemos <strong>las opciones tradicionales <\/strong>para pedir comida o comprar ropa desde el tel\u00e9fono o a trav\u00e9s de internet. En algunos casos, la empresa tiene redes sociales en las que aceptan los pedidos.<\/li>\n<\/ul>\n<p><a href=\"https:\/\/i0.wp.com\/miradordeatarfe.es\/wp-content\/uploads\/2023\/12\/Imagen-de-WhatsApp-2023-12-21-a-las-09.43.08_3972420f.jpg?ssl=1\"><img data-recalc-dims=\"1\" loading=\"lazy\" decoding=\"async\" class=\"alignnone wp-image-65972 \" src=\"https:\/\/i0.wp.com\/miradordeatarfe.es\/wp-content\/uploads\/2023\/12\/Imagen-de-WhatsApp-2023-12-21-a-las-09.43.08_3972420f.jpg?resize=640%2C640&#038;ssl=1\" alt=\"\" width=\"640\" height=\"640\" srcset=\"https:\/\/i0.wp.com\/miradordeatarfe.es\/wp-content\/uploads\/2023\/12\/Imagen-de-WhatsApp-2023-12-21-a-las-09.43.08_3972420f.jpg?w=700&amp;ssl=1 700w, https:\/\/i0.wp.com\/miradordeatarfe.es\/wp-content\/uploads\/2023\/12\/Imagen-de-WhatsApp-2023-12-21-a-las-09.43.08_3972420f.jpg?resize=300%2C300&amp;ssl=1 300w, https:\/\/i0.wp.com\/miradordeatarfe.es\/wp-content\/uploads\/2023\/12\/Imagen-de-WhatsApp-2023-12-21-a-las-09.43.08_3972420f.jpg?resize=150%2C150&amp;ssl=1 150w\" sizes=\"auto, (max-width: 640px) 100vw, 640px\" \/><\/a><\/p>\n","protected":false},"excerpt":{"rendered":"<p>\u00a0Esta Navidad compramos en los Comercios de Atarfe \u00a1Cada compra cuenta! \u00a1Comprar en Atarfe es&#8230;<\/p>\n","protected":false},"author":1,"featured_media":65973,"comment_status":"closed","ping_status":"closed","sticky":false,"template":"","format":"standard","meta":{"_coblocks_attr":"","_coblocks_dimensions":"","_coblocks_responsive_height":"","_coblocks_accordion_ie_support":"","jetpack_post_was_ever_published":false,"_jetpack_newsletter_access":"","_jetpack_dont_email_post_to_subs":false,"_jetpack_newsletter_tier_id":0,"_jetpack_memberships_contains_paywalled_content":false,"_jetpack_memberships_contains_paid_content":false,"footnotes":"","jetpack_publicize_message":"","jetpack_publicize_feature_enabled":true,"jetpack_social_post_already_shared":true,"jetpack_social_options":{"image_generator_settings":{"template":"highway","default_image_id":0,"enabled":false},"version":2}},"categories":[2,6916,186,44],"tags":[],"class_list":["post-65971","post","type-post","status-publish","format-standard","has-post-thumbnail","hentry","category-atarfe","category-ayuntamiento-de-atarfe","category-instituciones","category-noticias-de-hoy"],"jetpack_publicize_connections":[],"jetpack_featured_media_url":"https:\/\/i0.wp.com\/miradordeatarfe.es\/wp-content\/uploads\/2023\/12\/th-1.jpeg?fit=279%2C180&ssl=1","jetpack_likes_enabled":true,"jetpack_sharing_enabled":true,"_links":{"self":[{"href":"https:\/\/miradordeatarfe.es\/index.php?rest_route=\/wp\/v2\/posts\/65971","targetHints":{"allow":["GET"]}}],"collection":[{"href":"https:\/\/miradordeatarfe.es\/index.php?rest_route=\/wp\/v2\/posts"}],"about":[{"href":"https:\/\/miradordeatarfe.es\/index.php?rest_route=\/wp\/v2\/types\/post"}],"author":[{"embeddable":true,"href":"https:\/\/miradordeatarfe.es\/index.php?rest_route=\/wp\/v2\/users\/1"}],"replies":[{"embeddable":true,"href":"https:\/\/miradordeatarfe.es\/index.php?rest_route=%2Fwp%2Fv2%2Fcomments&post=65971"}],"version-history":[{"count":1,"href":"https:\/\/miradordeatarfe.es\/index.php?rest_route=\/wp\/v2\/posts\/65971\/revisions"}],"predecessor-version":[{"id":65974,"href":"https:\/\/miradordeatarfe.es\/index.php?rest_route=\/wp\/v2\/posts\/65971\/revisions\/65974"}],"wp:featuredmedia":[{"embeddable":true,"href":"https:\/\/miradordeatarfe.es\/index.php?rest_route=\/wp\/v2\/media\/65973"}],"wp:attachment":[{"href":"https:\/\/miradordeatarfe.es\/index.php?rest_route=%2Fwp%2Fv2%2Fmedia&parent=65971"}],"wp:term":[{"taxonomy":"category","embeddable":true,"href":"https:\/\/miradordeatarfe.es\/index.php?rest_route=%2Fwp%2Fv2%2Fcategories&post=65971"},{"taxonomy":"post_tag","embeddable":true,"href":"https:\/\/miradordeatarfe.es\/index.php?rest_route=%2Fwp%2Fv2%2Ftags&post=65971"}],"curies":[{"name":"wp","href":"https:\/\/api.w.org\/{rel}","templated":true}]}}