{"id":65988,"date":"2024-01-01T09:30:49","date_gmt":"2024-01-01T08:30:49","guid":{"rendered":"https:\/\/miradordeatarfe.es\/?p=65988"},"modified":"2023-12-27T18:36:21","modified_gmt":"2023-12-27T17:36:21","slug":"la-cama-de-los-padres","status":"publish","type":"post","link":"https:\/\/miradordeatarfe.es\/?p=65988","title":{"rendered":"La cama de los Padres"},"content":{"rendered":"<h3 dir=\"auto\">En la cama de los padres, el \u00faltimo refugio de los miedos, la paz es absoluta y total.<\/h3>\n<p dir=\"auto\" style=\"text-align: justify;\">\u201cLa cama de los padres tiene un im\u00e1n y, ac\u00e1 para m\u00ed (nadie me convence de lo contrario), tiene una magia, somn\u00edfero, un polvo misterioso de amor impregnado en las almohadas, que hace que los ni\u00f1os se duerman inmediatamente y que la peor de las pesadillas, el m\u00e1s tembloroso terror nocturno, huya a siete pies.<\/p>\n<div dir=\"auto\" style=\"text-align: justify;\">Ah\u00ed llegan, llevados por padres agotados y perdedores, o por su propio pie, todos sudados y asustados, pajaritos a volar de noche a caminar por los pasillos de la casa, hasta que lleguen al lugar de los lugares. Dos colos con s\u00e1banas suaves y el olor de los progenitores. Caen como moscas a dormir tranquilos.<\/div>\n<div dir=\"auto\" style=\"text-align: justify;\">\u00a0<\/div>\n<div dir=\"auto\" style=\"text-align: justify;\">Los padres fingen que les importa, a la ma\u00f1ana siguiente: \u201c\u00a1Fuiste para nuestra cama otra vez! \u00bfCu\u00e1ndo es que aprender\u00e1s a superar los miedos y a dormir solo? \u00a1Tienes que crecer!\u201d<\/div>\n<div dir=\"auto\" style=\"text-align: justify;\">\u00a0<\/div>\n<div dir=\"auto\" style=\"text-align: justify;\">Pero ni miran a los ojos de los hijos cuando dicen estas cosas, con miedo de que descubran que en ese breve regreso al nido, a la cuna inicial, los padres se llenan de amor y ternura y tambi\u00e9n ellos se escudan en sus inquietudes.<\/div>\n<div dir=\"auto\" style=\"text-align: justify;\">\u00a0<\/div>\n<div dir=\"auto\" style=\"text-align: justify;\">Un cuello caliente. Una manita gordita en nuestro pelo. Un pie de regreso a la costilla de la madre. La respiraci\u00f3n tranquila en la funda compartida.<\/div>\n<div dir=\"auto\" style=\"text-align: justify;\">El deseo secreto de que el nido quede as\u00ed para siempre y que la ma\u00f1ana tarde mucho en llegar.<\/div>\n<div dir=\"auto\" style=\"text-align: justify;\">\u00a0<\/div>\n<div dir=\"auto\" style=\"text-align: justify;\">\u00a1Que el polvo misterioso de amor de las almohadas preserve para siempre estas excursiones nocturnas de mimo que no son m\u00e1s que un inteligente presagio, de una nostalgia inmensa, de los mejores d\u00edas de esta vida!\u201d<\/div>\n","protected":false},"excerpt":{"rendered":"<p>En la cama de los padres, el \u00faltimo refugio de los miedos, la paz es&#8230;<\/p>\n","protected":false},"author":1,"featured_media":65989,"comment_status":"closed","ping_status":"closed","sticky":false,"template":"","format":"standard","meta":{"_coblocks_attr":"","_coblocks_dimensions":"","_coblocks_responsive_height":"","_coblocks_accordion_ie_support":"","jetpack_post_was_ever_published":false,"_jetpack_newsletter_access":"","_jetpack_dont_email_post_to_subs":false,"_jetpack_newsletter_tier_id":0,"_jetpack_memberships_contains_paywalled_content":false,"_jetpack_memberships_contains_paid_content":false,"footnotes":"","jetpack_publicize_message":"","jetpack_publicize_feature_enabled":true,"jetpack_social_post_already_shared":true,"jetpack_social_options":{"image_generator_settings":{"template":"highway","default_image_id":0,"enabled":false},"version":2}},"categories":[1161,44,10],"tags":[],"class_list":["post-65988","post","type-post","status-publish","format-standard","has-post-thumbnail","hentry","category-ciudadania","category-noticias-de-hoy","category-salud"],"jetpack_publicize_connections":[],"jetpack_featured_media_url":"https:\/\/i0.wp.com\/miradordeatarfe.es\/wp-content\/uploads\/2023\/12\/FB_IMG_1703068442962.jpg?fit=720%2C641&ssl=1","jetpack_likes_enabled":true,"jetpack_sharing_enabled":true,"_links":{"self":[{"href":"https:\/\/miradordeatarfe.es\/index.php?rest_route=\/wp\/v2\/posts\/65988","targetHints":{"allow":["GET"]}}],"collection":[{"href":"https:\/\/miradordeatarfe.es\/index.php?rest_route=\/wp\/v2\/posts"}],"about":[{"href":"https:\/\/miradordeatarfe.es\/index.php?rest_route=\/wp\/v2\/types\/post"}],"author":[{"embeddable":true,"href":"https:\/\/miradordeatarfe.es\/index.php?rest_route=\/wp\/v2\/users\/1"}],"replies":[{"embeddable":true,"href":"https:\/\/miradordeatarfe.es\/index.php?rest_route=%2Fwp%2Fv2%2Fcomments&post=65988"}],"version-history":[{"count":1,"href":"https:\/\/miradordeatarfe.es\/index.php?rest_route=\/wp\/v2\/posts\/65988\/revisions"}],"predecessor-version":[{"id":65990,"href":"https:\/\/miradordeatarfe.es\/index.php?rest_route=\/wp\/v2\/posts\/65988\/revisions\/65990"}],"wp:featuredmedia":[{"embeddable":true,"href":"https:\/\/miradordeatarfe.es\/index.php?rest_route=\/wp\/v2\/media\/65989"}],"wp:attachment":[{"href":"https:\/\/miradordeatarfe.es\/index.php?rest_route=%2Fwp%2Fv2%2Fmedia&parent=65988"}],"wp:term":[{"taxonomy":"category","embeddable":true,"href":"https:\/\/miradordeatarfe.es\/index.php?rest_route=%2Fwp%2Fv2%2Fcategories&post=65988"},{"taxonomy":"post_tag","embeddable":true,"href":"https:\/\/miradordeatarfe.es\/index.php?rest_route=%2Fwp%2Fv2%2Ftags&post=65988"}],"curies":[{"name":"wp","href":"https:\/\/api.w.org\/{rel}","templated":true}]}}