{"id":65995,"date":"2023-12-22T09:33:06","date_gmt":"2023-12-22T08:33:06","guid":{"rendered":"https:\/\/miradordeatarfe.es\/?p=65995"},"modified":"2023-12-21T23:12:10","modified_gmt":"2023-12-21T22:12:10","slug":"adios-al-gigante-de-la-montana-julio-perea","status":"publish","type":"post","link":"https:\/\/miradordeatarfe.es\/?p=65995","title":{"rendered":"Adi\u00f3s al gigante de la monta\u00f1a: JULIO PEREA"},"content":{"rendered":"<div class=\"v-h__sub-w v-h__sub-w--7\">\n<h3 class=\"v-a-sub-t\" style=\"text-align: justify;\">El monta\u00f1ismo granadino, andaluz y espa\u00f1ol despide a uno de sus grandes valedores. Ju<span class=\"v-fc__text\">lio Perea, presidente de la Federaci\u00f3n Andaluza de Monta\u00f1ismo.<\/span> <span class=\"v-fc__ath\">FEDAMON<\/span><\/h3>\n<\/div>\n<p class=\"v-p\" style=\"text-align: justify;\">Luto negro en una Sierra Nevada blanca de invierno y el resto de sierras, picos, collados, vaguadas, sendas, caminos, senderos, trochas, atajos, cumbres y lomas de la monta\u00f1a entera andaluza para despedir al presidente de la Federaci\u00f3n Andaluza de Monta\u00f1a, <a title=\"el granadino Julio Perea, fallecido este jueves a los 71 a\u00f1os de edad\" href=\"https:\/\/www.ideal.es\/deportes\/provincial-granada\/fallece-julio-perea-presidente-federacion-andaluza-montanismo-20231221102707-nt.html\" data-voc-vtm-id=\"in-text-traffic\" data-mrf-link=\"https:\/\/www.ideal.es\/deportes\/provincial-granada\/fallece-julio-perea-presidente-federacion-andaluza-montanismo-20231221102707-nt.html\">el granadino Julio Perea, fallecido este jueves a los 71 a\u00f1os de edad<\/a>.<\/p>\n<p class=\"v-p\" style=\"text-align: justify;\">Julio Perea, presidente de la Federaci\u00f3n Andaluza de Monta\u00f1ismo, ha fallecido este jueves. Dedicado toda su vida a la docencia, el granadino era t\u00e9cnico de senderos y monitor de monta\u00f1ismo. Ejerc\u00eda el m\u00e1ximo cargo de la entidad desde enero de 2013 mientras formaba parte igualmente de la directiva de la Federaci\u00f3n Espa\u00f1ola de Deportes de Monta\u00f1a y Escalada.<\/p>\n<p class=\"v-p\" style=\"text-align: justify;\">Jos\u00e9 Miguel Garc\u00eda de la Torre, vicepresidente de la Federaci\u00f3n Andaluza de Monta\u00f1a, recordaba la trayectoria de Julio Perea mientras acompa\u00f1aba a la familia, compa\u00f1eros y amigos en el tanatorio del cementerio de San Jos\u00e9 de Granada, donde se vela su cuerpo. \u00abJulio lleva en la Federaci\u00f3n Andaluza de Monta\u00f1ismo desde 2008, fue vicepresidente con David Bertr\u00e1n, y en 2012 se present\u00f3 a presidente. Su candidatura gan\u00f3 las elecciones y hasta el d\u00eda de hoy\u00bb.<\/p>\n<p class=\"v-p\" style=\"text-align: justify;\">Disfrutaba as\u00ed Julio Perea de su tercer mandato cuando ha fallecido. Sin embargo, explica Jos\u00e9 Miguel Garc\u00eda de la Torre su idea inicial era no volver a presentarse, porque en 2024 hay de nuevo elecciones. \u00abPero anunci\u00f3 que si la salud se lo permit\u00eda estaba dispuesto a volver a presentarse. Nadie pensaba que le viniera tan r\u00e1pido esta enfermedad. Se ha ido muy deprisa\u00bb, se lamenta.<\/p>\n<div class=\"v-c-cmp v-n-mrg\" style=\"text-align: justify;\">\n<h3 class=\"v-cmp-suh\">Un trabajo intenso y fecundo<\/h3>\n<\/div>\n<p class=\"v-p\" style=\"text-align: justify;\">Respecto a su trabajo en la Federaci\u00f3n Andaluza de Monta\u00f1ismo, se le recuerda como un defensor a ultranza. \u00abSiempre ha defendido a capa y espada la Federaci\u00f3n, que es muy compleja porque tenemos ocho deportes. Realmente es una multifederaci\u00f3n\u00bb.<\/p>\n<p class=\"v-p\" style=\"text-align: justify;\">Tambi\u00e9n destaca el vicepresidente el componente social. \u00abEn la Federaci\u00f3n Andaluza de Monta\u00f1a tenemos un rasgo diferente, distinto. Trabajamos la igualdad de g\u00e9nero, la inclusi\u00f3n social, hasta el punto que somos pioneros en Espa en estos puntos. Hemos defendido siempre todo lo relacionado con la inclusi\u00f3n de personas diferentes\u00bb.<\/p>\n<p class=\"v-p\" style=\"text-align: justify;\">De esta forma, tienen muchas opciones. \u00abTenemos caracter\u00edsticas \u00fanicas en Espa\u00f1a, a\u00f1ade, como licencias para parados, para mayores de 65 a\u00f1os, son siempre licencias especiales. Tambi\u00e9n tenemos licencias para estudiantes. Para facilitar a todos los sectores para que sean federados de monta\u00f1a. Algo que sali\u00f3 de la mano de la presidencia de Julio Perea\u00bb. El resultado es que la Federaci\u00f3n Andaluza de Monta\u00f1a cuenta con 40.000 licencias en Andaluc\u00eda, de las que 8.000 tienen car\u00e1cter nacional.<\/p>\n<p class=\"v-p\" style=\"text-align: justify;\">Otro apunte necesario para describir la trayectoria de Julio Perea es la s\u00f3lida base de la Federaci\u00f3n Andaluza de Monta\u00f1a para el futuro. De hecho, hay muchas esperanzas en el esqu\u00ed de monta\u00f1a, que ser\u00e1 ol\u00edmpico. \u00abTenemos deportistas que pueden optar a ser medallistas en Mil\u00e1n en 2026\u00bb, augura.<\/p>\n<div class=\"v-c-cmp v-n-mrg\" style=\"text-align: justify;\">\n<h3 class=\"v-cmp-suh\">Apuesta por la juventud<\/h3>\n<\/div>\n<p class=\"v-p\" style=\"text-align: justify;\">Su profesi\u00f3n de maestro dot\u00f3 a Julio Perea de un especial inter\u00e9s por el deporte escolar. \u00abJulio ven\u00eda del magisterio y siempre apoy\u00f3 el deporte en la edad escolar. Hasta le punto que en la Federaci\u00f3n Espa\u00f1ola no se tocaba, y desde Andaluc\u00eda lo hemos introducido en Espa\u00f1a y ahora trabajan en todo el pa\u00eds con j\u00f3venes en este corte de edad\u00bb.<\/p>\n<p class=\"v-p\" style=\"text-align: justify;\">Jos\u00e9 Miguel Garc\u00eda de la Torre concluye que de la mano de Julio hemos sido pioneros en muchos temas en el monta\u00f1ismo. \u00abHasta en la expansi\u00f3n de la pr\u00e1ctica de las marchas n\u00f3rdicas, que tambi\u00e9n somos pioneros\u00bb.<\/p>\n<p class=\"v-p\" style=\"text-align: justify;\">Desde el plano m\u00e1s personal, Jos\u00e9 Miguel Garc\u00eda de la Torre describe a Julio Perea como una persona entregada. \u00abJulio se entregaba totalmente. Para \u00e9l la federaci\u00f3n estaba incluso antes que la familia. Era una persona que no ten\u00eda ni horario ni kil\u00f3metros. Cada a\u00f1o se recorrr\u00eda Andaluc\u00eda veinte veces. Asist\u00eda a todos los actos p\u00fablicos. Siempre estaba presente\u00bb.<\/p>\n<p class=\"v-p\" style=\"text-align: justify;\">La consecuencia de esta disposici\u00f3n es que Julio Perea era conocido y querido en todos los rincones de Andaluc\u00eda. \u00abAs\u00ed que era muy apreciado por toda la gente porque siempre respond\u00eda a todas las llamadas. A los premios, las galas, los actos, siempre estaba Julio, siempre. Pod\u00eda ahcerse cuarenta o cincuenta mil kil\u00f3metros al a\u00f1o. Esto hace que te ganes el cari\u00f1o y el respeto del mundo del deporte en general y del monta\u00f1ismo en particular\u00bb.<\/p>\n<div class=\"v-c-cmp v-n-mrg\" style=\"text-align: justify;\">\n<h3 class=\"v-cmp-suh\">Comprometido con Sierra Nevada<\/h3>\n<\/div>\n<p class=\"v-p\" style=\"text-align: justify;\">Manolo Hern\u00e1ndez Linares, actual presidente de honor del Club Sociedad Sierra Nevada, responde a este peri\u00f3dico con l\u00e1grimas y la voz entrecortada. Manolo, entre otras muchas responsabilidades en distintas etapas de su vida, presidente del Club Sociedad Sierra Nevada, vicepresidente de la Federaci\u00f3n Andaluza de Deportes o presidente del Comit\u00e9 Alpino, iba a entregar esta misma tarde de jueves al fallecido Julio Perea la m\u00e1xima distinci\u00f3n de la Sociedad Sierra Nevada, la Artemisa Granatensis.<\/p>\n<p class=\"v-p\" style=\"text-align: justify;\"><a href=\"https:\/\/i0.wp.com\/miradordeatarfe.es\/wp-content\/uploads\/2023\/12\/Sin-titulo-4.jpeg?ssl=1\"><img data-recalc-dims=\"1\" loading=\"lazy\" decoding=\"async\" class=\"size-full wp-image-65996 alignleft\" src=\"https:\/\/i0.wp.com\/miradordeatarfe.es\/wp-content\/uploads\/2023\/12\/Sin-titulo-4.jpeg?resize=300%2C168&#038;ssl=1\" alt=\"\" width=\"300\" height=\"168\" \/><\/a>\u00abDesgraciadamente, no va apoder ser. Es un d\u00eda fat\u00eddico\u00bb, comparte. \u00abCuando el presidente de la Sociedad Sierra Nevada, Juan Antonio Fajardo, le comunic\u00f3 la distinci\u00f3n a Julio Perea, \u00e9l se alegr\u00f3 mucho de tal noticia\u00bb.<\/p>\n<p class=\"v-p\" style=\"text-align: justify;\">Manolo Hern\u00e1ndez Linares ha conocido a Julio Perea de primera mano. Lo retrata con buenas palabras. \u00abUn hombre comprometido con Sierra Nevada y sobre todo con el monta\u00f1ismo\u00bb.<\/p>\n<p class=\"v-p\" style=\"text-align: justify;\">\u00abEstuvo durante tres periodos de presidente del Club Sociedad Sierra Nevada y nos pidi\u00f3 permiso a los socios para presentarse a la presidencia de la Federaci\u00f3n Andaluza de Monta\u00f1a y le dijimos que adelante. Le apoyamos. Ha hecho una labor magn\u00edfica. Ha creado miles de federados cuando antes solo hab\u00eda 8.000. Es un trabajo maravilloso\u00bb, recuerda.<\/p>\n<p class=\"v-p\" style=\"text-align: justify;\">En el plano personal, las palabras bellas continuan. \u00abSiempre ha sido una persona muy honesta e inquieta por el deporte de la monta\u00f1a para que se desarrollara\u00bb.<\/p>\n<div class=\"v-c-cmp v-n-mrg\" style=\"text-align: justify;\">\n<h3 class=\"v-cmp-suh\">Condolencias<\/h3>\n<\/div>\n<p class=\"v-p\" style=\"text-align: justify;\">En su comunicado oficial, la Federaci\u00f3n Andaluza de Deportes de Monta\u00f1a, Escalada y Senderismo, siente profundamente comunicar el fallecimiento de su presidente, Julio Perea Ca\u00f1as, y desea trasladar sus condolencias a todos los clubes, deportistas y entidades relacionadas con la monta\u00f1a, as\u00ed como a sus familiares, amigos y allegados. Su p\u00e9rdida deja una enorme huella en el mundo de la monta\u00f1a que tanto amaba, pero sin duda su obra y sus innumerables logros permanecer\u00e1n para siempre con nosotros\u00bb, dice la nota.<\/p>\n<p class=\"v-p\" style=\"text-align: justify;\">Julio Perea, fue diputado provincial de Deportes y edil en Nig\u00fcelas y Lecr\u00edn. El velatorio del presidente se encuentra ubicado en la Sala 3 del Cementerio de San Jos\u00e9 de Granada y la misa tendr\u00e1 lugar este viernes 22 de diciembre a las 10 horas. La federaci\u00f3n de monta\u00f1ismo a nivel nacional ha anunciado que sus sedes permanecer\u00e1n cerradas hoy jueves 21 y ma\u00f1ana viernes 22 de diciembre en se\u00f1al luto.<\/p>\n<p style=\"text-align: justify;\"><a href=\"https:\/\/www.ideal.es\/autor\/javier-f-barrera-395.html\" data-mrf-link=\"https:\/\/www.ideal.es\/autor\/javier-f-barrera-395.html\"><strong>Javier F. Barrera<\/strong><\/a><\/p>\n<p>FOTO: <span class=\"v-fc__text\">Julio Perea, presidente de la Federaci\u00f3n Andaluza de Monta\u00f1ismo.<\/span> <span class=\"v-fc__ath\">FEDAMON<\/span><\/p>\n<p>https:\/\/www.ideal.es\/granada\/adios-gigante-montana-20231221162605-nt.html<\/p>\n","protected":false},"excerpt":{"rendered":"<p>El monta\u00f1ismo granadino, andaluz y espa\u00f1ol despide a uno de sus grandes valedores. Julio Perea,&#8230;<\/p>\n","protected":false},"author":1,"featured_media":65997,"comment_status":"closed","ping_status":"closed","sticky":false,"template":"","format":"standard","meta":{"_coblocks_attr":"","_coblocks_dimensions":"","_coblocks_responsive_height":"","_coblocks_accordion_ie_support":"","jetpack_post_was_ever_published":false,"_jetpack_newsletter_access":"","_jetpack_dont_email_post_to_subs":false,"_jetpack_newsletter_tier_id":0,"_jetpack_memberships_contains_paywalled_content":false,"_jetpack_memberships_contains_paid_content":false,"footnotes":"","jetpack_publicize_message":"","jetpack_publicize_feature_enabled":true,"jetpack_social_post_already_shared":true,"jetpack_social_options":{"image_generator_settings":{"template":"highway","default_image_id":0,"enabled":false},"version":2}},"categories":[182,44],"tags":[],"class_list":["post-65995","post","type-post","status-publish","format-standard","has-post-thumbnail","hentry","category-deportes","category-noticias-de-hoy"],"jetpack_publicize_connections":[],"jetpack_featured_media_url":"https:\/\/i0.wp.com\/miradordeatarfe.es\/wp-content\/uploads\/2023\/12\/Julio-Perea-kjyC-U2101053718229YUH-1200x840%40Ideal.webp?fit=1200%2C840&ssl=1","jetpack_likes_enabled":true,"jetpack_sharing_enabled":true,"_links":{"self":[{"href":"https:\/\/miradordeatarfe.es\/index.php?rest_route=\/wp\/v2\/posts\/65995","targetHints":{"allow":["GET"]}}],"collection":[{"href":"https:\/\/miradordeatarfe.es\/index.php?rest_route=\/wp\/v2\/posts"}],"about":[{"href":"https:\/\/miradordeatarfe.es\/index.php?rest_route=\/wp\/v2\/types\/post"}],"author":[{"embeddable":true,"href":"https:\/\/miradordeatarfe.es\/index.php?rest_route=\/wp\/v2\/users\/1"}],"replies":[{"embeddable":true,"href":"https:\/\/miradordeatarfe.es\/index.php?rest_route=%2Fwp%2Fv2%2Fcomments&post=65995"}],"version-history":[{"count":2,"href":"https:\/\/miradordeatarfe.es\/index.php?rest_route=\/wp\/v2\/posts\/65995\/revisions"}],"predecessor-version":[{"id":65999,"href":"https:\/\/miradordeatarfe.es\/index.php?rest_route=\/wp\/v2\/posts\/65995\/revisions\/65999"}],"wp:featuredmedia":[{"embeddable":true,"href":"https:\/\/miradordeatarfe.es\/index.php?rest_route=\/wp\/v2\/media\/65997"}],"wp:attachment":[{"href":"https:\/\/miradordeatarfe.es\/index.php?rest_route=%2Fwp%2Fv2%2Fmedia&parent=65995"}],"wp:term":[{"taxonomy":"category","embeddable":true,"href":"https:\/\/miradordeatarfe.es\/index.php?rest_route=%2Fwp%2Fv2%2Fcategories&post=65995"},{"taxonomy":"post_tag","embeddable":true,"href":"https:\/\/miradordeatarfe.es\/index.php?rest_route=%2Fwp%2Fv2%2Ftags&post=65995"}],"curies":[{"name":"wp","href":"https:\/\/api.w.org\/{rel}","templated":true}]}}