{"id":66014,"date":"2023-12-25T11:35:45","date_gmt":"2023-12-25T10:35:45","guid":{"rendered":"https:\/\/miradordeatarfe.es\/?p=66014"},"modified":"2023-12-25T11:39:34","modified_gmt":"2023-12-25T10:39:34","slug":"atarfe-celebra-la-cabalgata-de-papa-y-mama-noel","status":"publish","type":"post","link":"https:\/\/miradordeatarfe.es\/?p=66014","title":{"rendered":"ATARFE CELEBRA LA CABALGATA DE PAPA Y MAMA NOEL"},"content":{"rendered":"<h3 style=\"text-align: justify;\">El 23 de diciembre de 2023 es la primera vez que Papa Noel viene con Mama Noel en Atarfe\u00a0 desde las 17:00 horas<\/h3>\n<p style=\"text-align: justify;\">La Cabalgata, se realiz\u00f3 desde la Plaza de Toros y recorri\u00f3 las calles de Atarfe, llevando la ilusi\u00f3n de la Navidad a cada rinc\u00f3n de nuestro pueblo.<\/p>\n<div class=\"x11i5rnm xat24cr x1mh8g0r x1vvkbs xtlvy1s x126k92a\" style=\"text-align: justify;\">\n<div dir=\"auto\">El recorrido terminar\u00e1 en la Plaza del Ayuntamiento, donde a las 19:30 se celebr\u00f3\u00a0 una Zambomba Flamenca .<\/div>\n<\/div>\n<div class=\"x11i5rnm xat24cr x1mh8g0r x1vvkbs xtlvy1s x126k92a\" style=\"text-align: justify;\">\n<div dir=\"auto\">El objetivo de que ning\u00fan ni\u00f1o o ni\u00f1a (ni los grandes tampoco), se queden sin disfrutar de estos momentos tan especiales ha llenado de personas nuestras calles. <\/div>\n<div dir=\"auto\">\u00a0<\/div>\n<div dir=\"auto\">Al terminar el recorrido muchos ni\u00f1os y ni\u00f1as pasaron al ayuntamiento para intercambiar palabras y abrazos de estos personajes.<\/div>\n<\/div>\n<p style=\"text-align: justify;\">\u00a0<\/p>\n<p><div class=\"jetpack-video-wrapper\"><iframe loading=\"lazy\" title=\"\ud83c\udf1f\ud83c\udf1f\ud83c\udf1f \u00a1Feliz Noche Buena!\" width=\"640\" height=\"360\" src=\"https:\/\/www.youtube.com\/embed\/hGmAN-MKWFo?feature=oembed\" frameborder=\"0\" allow=\"accelerometer; autoplay; clipboard-write; encrypted-media; gyroscope; picture-in-picture; web-share\" referrerpolicy=\"strict-origin-when-cross-origin\" allowfullscreen><\/iframe><\/div><\/p>\n","protected":false},"excerpt":{"rendered":"<p>El 23 de diciembre de 2023 es la primera vez que Papa Noel viene con&#8230;<\/p>\n","protected":false},"author":1,"featured_media":66015,"comment_status":"closed","ping_status":"closed","sticky":false,"template":"","format":"standard","meta":{"_coblocks_attr":"","_coblocks_dimensions":"","_coblocks_responsive_height":"","_coblocks_accordion_ie_support":"","jetpack_post_was_ever_published":false,"_jetpack_newsletter_access":"","_jetpack_dont_email_post_to_subs":false,"_jetpack_newsletter_tier_id":0,"_jetpack_memberships_contains_paywalled_content":false,"_jetpack_memberships_contains_paid_content":false,"footnotes":"","jetpack_publicize_message":"","jetpack_publicize_feature_enabled":true,"jetpack_social_post_already_shared":true,"jetpack_social_options":{"image_generator_settings":{"template":"highway","default_image_id":0,"enabled":false},"version":2}},"categories":[2,6916,44],"tags":[],"class_list":["post-66014","post","type-post","status-publish","format-standard","has-post-thumbnail","hentry","category-atarfe","category-ayuntamiento-de-atarfe","category-noticias-de-hoy"],"jetpack_publicize_connections":[],"jetpack_featured_media_url":"https:\/\/i0.wp.com\/miradordeatarfe.es\/wp-content\/uploads\/2023\/12\/IMG20231223183412-scaled.jpg?fit=2560%2C1928&ssl=1","jetpack_likes_enabled":true,"jetpack_sharing_enabled":true,"_links":{"self":[{"href":"https:\/\/miradordeatarfe.es\/index.php?rest_route=\/wp\/v2\/posts\/66014","targetHints":{"allow":["GET"]}}],"collection":[{"href":"https:\/\/miradordeatarfe.es\/index.php?rest_route=\/wp\/v2\/posts"}],"about":[{"href":"https:\/\/miradordeatarfe.es\/index.php?rest_route=\/wp\/v2\/types\/post"}],"author":[{"embeddable":true,"href":"https:\/\/miradordeatarfe.es\/index.php?rest_route=\/wp\/v2\/users\/1"}],"replies":[{"embeddable":true,"href":"https:\/\/miradordeatarfe.es\/index.php?rest_route=%2Fwp%2Fv2%2Fcomments&post=66014"}],"version-history":[{"count":1,"href":"https:\/\/miradordeatarfe.es\/index.php?rest_route=\/wp\/v2\/posts\/66014\/revisions"}],"predecessor-version":[{"id":66016,"href":"https:\/\/miradordeatarfe.es\/index.php?rest_route=\/wp\/v2\/posts\/66014\/revisions\/66016"}],"wp:featuredmedia":[{"embeddable":true,"href":"https:\/\/miradordeatarfe.es\/index.php?rest_route=\/wp\/v2\/media\/66015"}],"wp:attachment":[{"href":"https:\/\/miradordeatarfe.es\/index.php?rest_route=%2Fwp%2Fv2%2Fmedia&parent=66014"}],"wp:term":[{"taxonomy":"category","embeddable":true,"href":"https:\/\/miradordeatarfe.es\/index.php?rest_route=%2Fwp%2Fv2%2Fcategories&post=66014"},{"taxonomy":"post_tag","embeddable":true,"href":"https:\/\/miradordeatarfe.es\/index.php?rest_route=%2Fwp%2Fv2%2Ftags&post=66014"}],"curies":[{"name":"wp","href":"https:\/\/api.w.org\/{rel}","templated":true}]}}