{"id":66035,"date":"2023-12-28T08:30:33","date_gmt":"2023-12-28T07:30:33","guid":{"rendered":"https:\/\/miradordeatarfe.es\/?p=66035"},"modified":"2023-12-28T09:58:51","modified_gmt":"2023-12-28T08:58:51","slug":"estas-son-las-mejores-canciones-de-2023","status":"publish","type":"post","link":"https:\/\/miradordeatarfe.es\/?p=66035","title":{"rendered":"Estas son las mejores canciones de 2023"},"content":{"rendered":"<h3 style=\"text-align: justify;\">Se acaba un a\u00f1o que nos ha dejado verdaderos \u00e9xitos musicales. La redacci\u00f3n de LOS40 comparte su selecci\u00f3n personal que va desde &#8216;Los \u00c1ngeles&#8217; de Aitana a &#8216;(It Goes Like) Nanana&#8217; de Peggy Gou<\/h3>\n<p style=\"text-align: justify;\">Ahora s\u00ed que s\u00ed.<b> Al 2023 le quedan muy pocos d\u00edas<\/b>, as\u00ed que si hay algo que te ha quedado por cumplir de esa lista que hiciste al principio del a\u00f1o, ap\u00farate porque el tiempo se agota. Se acaba un a\u00f1o de retos, aventuras y lecciones. Pero tambi\u00e9n se acaba un a\u00f1o que nos ha dejado verdaderos \u00e9xitos musicales.<\/p>\n<p style=\"text-align: justify;\">En LOS40 hemos echado la vista atr\u00e1s y hemos recopilado una lista de las que, para el equipo de redacci\u00f3n, son las mejores que nos ha dado el 2023. \u00bfQu\u00e9 nos deparar\u00e1 el 2024 musicalmente? Tendremos que esperar para saberlo. De momento, <b>aqu\u00ed te dejamos nuestro recopilatorio de las mejores canciones que han visto la luz en estos 365 d\u00edas.<\/b> \u00a1Para gustos los colores!<\/p>\n<h3 style=\"text-align: justify;\"><a href=\"https:\/\/los40.com\/tag\/carolina_giraldo_navarro\/a\/\" target=\"_blank\" rel=\"noopener\">Karol G<\/a>:<i> Mientras Me Curo Del Cora<\/i> (por Alberto Palao)<\/h3>\n<p style=\"text-align: justify;\">Puede que muchos piensen que la mejor canci\u00f3n de Karol G de 2023 ha sido <i>TQG<\/i>. No voy a rebatirlo. Simplemente es porque no se han fijado en Mientras me curo del cora: la canci\u00f3n con la que arranca el disco Ma\u00f1ana Ser\u00e1 Bonito. Karol G samplea una canci\u00f3n conocida por todo el mundo: <i>Don&#8217;t Worry Be Happy<\/i>. Coge esa base y le da una nueva vida con una letra cargada de esperanza. Un tema que deber\u00eda ser un himno para todas aquellas personas que no est\u00e1n pasando por su mejor momento. Porque la esperanza es lo \u00faltimo que se pierde.<\/p>\n<section class=\"c-sum \">\n<div id=\"video_2023030883925500\">\n<div>\n<div class=\"posicionador c-pl-v\">\n<div class=\"bts\">\u00a0<\/div>\n<\/div>\n<\/div>\n<\/div>\n<\/section>\n<section class=\"c-sum \">\n<div id=\"video_2023030883925500\">\n<div><a class=\"posicionador\"><img data-recalc-dims=\"1\" loading=\"lazy\" decoding=\"async\" src=\"https:\/\/i0.wp.com\/img.youtube.com\/vi\/37wmW9kYAlQ\/mqdefault.jpg?resize=640%2C359&#038;ssl=1\" alt=\"video\" width=\"640\" height=\"359\" \/><\/a><\/div>\n<\/div>\n<\/section>\n<h3 style=\"text-align: justify;\"><a href=\"https:\/\/los40.com\/tag\/ana_mena_rojas\/a\/\" target=\"_blank\" rel=\"noopener\">Ana Mena<\/a>: <i>Madrid City<\/i> (por Alberto Palao)<\/h3>\n<p style=\"text-align: justify;\">Si Ana Mena dice que tiene un temazo es porque tiene un temazo. Lo dijo con<i> Las 12<\/i> y lo volvi\u00f3 a decir con <i>Madrid City<\/i>. La malague\u00f1a ha vuelto a demostrar que pocas personas como ella son capaces de hacer una canci\u00f3n pop bailable en nuestro pa\u00eds. El tema no deja de crecer y cuando piensas que no puede llevarte a m\u00e1s, te sale con ese puente al ritmo del teclado. Ana, amiga, te has vuelto a superar.<\/p>\n<section class=\"c-sum \">\n<div id=\"video_1695938516557\">\n<div>\n<div class=\"posicionador c-pl-v\">\n<div class=\"bts\">\u00a0<\/div>\n<\/div>\n<\/div>\n<\/div>\n<\/section>\n<section class=\"c-sum \">\n<div id=\"video_1695938516557\">\n<div><a class=\"posicionador\"><img data-recalc-dims=\"1\" loading=\"lazy\" decoding=\"async\" src=\"https:\/\/i0.wp.com\/img.youtube.com\/vi\/sh2lLZBnrfA\/mqdefault.jpg?resize=640%2C359&#038;ssl=1\" alt=\"video\" width=\"640\" height=\"359\" \/><\/a><\/div>\n<\/div>\n<\/section>\n<h3 style=\"text-align: justify;\"><a href=\"https:\/\/los40.com\/tag\/emilia_mernes\/a\/\" target=\"_blank\" rel=\"noopener\">Emilia<\/a>: <i>GTA.mp3<\/i> (por Ana Rojas)<\/h3>\n<p style=\"text-align: justify;\">La princesa del pop argentino nos brindaba aqu\u00ed uno de sus adelantos clave de su disco<i> .mp3<\/i>. Un concepto nuevo y fresco, estructurado a trav\u00e9s de la una tem\u00e1tica dosmilera que representa su transici\u00f3n desde la m\u00fasica urbana hacia un nuevo horizonte de ritmos electr\u00f3nicos. Una canci\u00f3n sensual y pegadiza que pone en el mapa el deseo femenino en su m\u00e1xima expresi\u00f3n.<\/p>\n<section class=\"c-sum \">\n<div id=\"video_1694164139432\">\n<div>\n<div class=\"posicionador c-pl-v\">\n<div class=\"bts\">\u00a0<\/div>\n<\/div>\n<\/div>\n<\/div>\n<\/section>\n<section class=\"c-sum \">\n<div id=\"video_1694164139432\">\n<div><a class=\"posicionador\"><img data-recalc-dims=\"1\" loading=\"lazy\" decoding=\"async\" src=\"https:\/\/i0.wp.com\/img.youtube.com\/vi\/u61hJHutEFs\/mqdefault.jpg?resize=640%2C359&#038;ssl=1\" alt=\"video\" width=\"640\" height=\"359\" \/><\/a><\/div>\n<\/div>\n<\/section>\n<h3 style=\"text-align: justify;\"><a href=\"https:\/\/los40.com\/tag\/miley_cyrus\/a\/\" target=\"_blank\" rel=\"noopener\">Miley Cyrus<\/a>: <i>Flowers<\/i> (por Ann Montenegro y Cristina Zavala)<\/h3>\n<p style=\"text-align: justify;\"><b>Ann:<\/b> Ha sido uno de los himnos que nos deja este 2023. Nos recuerda que somos m\u00e1s que suficientes, a solas, con una misma, y que no necesitamos de nadie para completarnos. Adem\u00e1s, en su videoclip hemos visto a una Miley completamente sincera y libre, mostr\u00e1ndose tal y como es, permiti\u00e9ndose bailar por toda una casa que ella misma llena con sus ganas.<\/p>\n<p style=\"text-align: justify;\"><b>Cristina:<\/b> Cuando est\u00e1s un d\u00eda comiendo y escuchas a tu hija y a tu madre hablar de una misma canci\u00f3n, sabes que ese tema ha conseguido lo que pocos, llegar a generaciones muy distintas. Y eso lo viv\u00ed con <i>Flowers<\/i> de Miley Cyrus, otro de esos himnos de empoderamiento femenino que hemos vivido este a\u00f1o. Y es que, al margen de que la melod\u00eda quiz\u00e1s es bastante sencilla dentro de un pop muy previsible, lo cierto es que a veces menos, es m\u00e1s. Y una cantante que siempre ha estado rodeada de prejuicios, ha logrado volver a dar un golpe sobre la mesa y demostrar que nada est\u00e1 escrito.<\/p>\n<section class=\"c-sum \">\n<div id=\"video_2023011332539429\">\n<div>\n<div class=\"posicionador c-pl-v\">\n<div class=\"bts\">\u00a0<\/div>\n<\/div>\n<\/div>\n<\/div>\n<\/section>\n<section class=\"c-sum \">\n<div id=\"video_2023011332539429\">\n<div><a class=\"posicionador\"><img data-recalc-dims=\"1\" loading=\"lazy\" decoding=\"async\" src=\"https:\/\/i0.wp.com\/img.youtube.com\/vi\/G7KNmW9a75Y\/mqdefault.jpg?resize=640%2C359&#038;ssl=1\" alt=\"video\" width=\"640\" height=\"359\" \/><\/a><\/div>\n<\/div>\n<\/section>\n<h3 style=\"text-align: justify;\"><a href=\"https:\/\/los40.com\/tag\/rosalia_vila\/a\/\" target=\"_blank\" rel=\"noopener\">Rosal\u00eda<\/a> y <a href=\"https:\/\/los40.com\/tag\/rauw_alejandro\/a\/\" target=\"_blank\" rel=\"noopener\">Rauw Alejandro<\/a>: <i>Beso<\/i> (por Juan Ignacio Herrero)<\/h3>\n<p style=\"text-align: justify;\">El amor, el motor m\u00e1s importante de nuestras vidas y de la m\u00fasica, encontr\u00f3 en El beso una de sus m\u00e1ximas expresiones. Dos de los artistas m\u00e1s de moda del momento se enfrentaron a un folio en blanco para declararse a quienes pensaban que era el amor de su vida. Un tema lleno de sentimientos universales y comunes para millones de personas.<\/p>\n<section class=\"c-sum \">\n<div id=\"video_1689951654009\">\n<div>\n<div class=\"posicionador c-pl-v\">\n<div class=\"bts\">\u00a0<\/div>\n<\/div>\n<\/div>\n<\/div>\n<\/section>\n<section class=\"c-sum \">\n<div id=\"video_1689951654009\">\n<div><a class=\"posicionador\"><img data-recalc-dims=\"1\" loading=\"lazy\" decoding=\"async\" src=\"https:\/\/i0.wp.com\/img.youtube.com\/vi\/QXQQAsIhHMw\/mqdefault.jpg?resize=640%2C359&#038;ssl=1\" alt=\"video\" width=\"640\" height=\"359\" \/><\/a><\/div>\n<\/div>\n<\/section>\n<h3 style=\"text-align: justify;\"><a href=\"https:\/\/los40.com\/tag\/aitana_ocana_morales\/a\/\" target=\"_blank\" rel=\"noopener\">Aitana<\/a>: <i>Los \u00c1ngeles<\/i> (por Adriano Moreno)<\/h3>\n<p style=\"text-align: justify;\">No es mi canci\u00f3n favorita de la era<i> alpha<\/i>. Sin embargo, Los \u00c1ngeles bien merece estar en este ranking por todo lo que ha supuesto para Aitana. M\u00e1s all\u00e1 de los streams y los n\u00fameros uno \u2013 que tiene un porr\u00f3n \u2013, esta canci\u00f3n ha supuesto un antes y un despu\u00e9s en la carrera de la artista. Carta de presentaci\u00f3n de su tercer trabajo discogr\u00e1fico y una prueba irrefutable de la capacidad de Aitana para crear hits y romper el molde cuando el mundo quiere o espera otra cosa. Excelencia pop y un himno de corte electr\u00f3nico que quedar\u00e1 para la posteridad.<\/p>\n<section class=\"c-sum \">\n<div id=\"video_2023033001750688\">\n<div>\n<div class=\"posicionador c-pl-v\">\n<div class=\"bts\">\u00a0<\/div>\n<\/div>\n<\/div>\n<\/div>\n<\/section>\n<section class=\"c-sum \">\n<div id=\"video_2023033001750688\">\n<div><a class=\"posicionador\"><img data-recalc-dims=\"1\" loading=\"lazy\" decoding=\"async\" src=\"https:\/\/i0.wp.com\/img.youtube.com\/vi\/XUctUGKs1Sc\/mqdefault.jpg?resize=640%2C359&#038;ssl=1\" alt=\"video\" width=\"640\" height=\"359\" \/><\/a><\/div>\n<\/div>\n<\/section>\n<h3 style=\"text-align: justify;\">Emilia feat Ludmilla: <i>No_Se_Ve.mp3<\/i> (por Adriano Moreno)<\/h3>\n<p style=\"text-align: justify;\">Si ha habido una colaboraci\u00f3n top este 2023 esa ha sido la de Emilia junto a Ludmilla. La canci\u00f3n por excelencia de su segundo \u00e1lbum de estudio, <i>.mp3<\/i>, es uno de esos temas que se pegan desde la primera escucha. Un pop electr\u00f3nico que va un pasito m\u00e1s all\u00e1 incluyendo los sonidos inconfundibles del funk carioca en un estribillo potent\u00edsimo. <i>No_Se_Ve.mp3 <\/i>se lo merece todo y Emilia m\u00e1s de lo mismo. Ojal\u00e1 una continuaci\u00f3n pronto, que yo soy muy de que las segundas partes s\u00ed pueden ser buenas.<\/p>\n<section class=\"c-sum \">\n<div id=\"video_1692973572581\">\n<div>\n<div class=\"posicionador c-pl-v\">\n<div class=\"bts\">\u00a0<\/div>\n<\/div>\n<\/div>\n<\/div>\n<\/section>\n<section class=\"c-sum \">\n<div id=\"video_1692973572581\">\n<div><a class=\"posicionador\"><img data-recalc-dims=\"1\" loading=\"lazy\" decoding=\"async\" src=\"https:\/\/i0.wp.com\/img.youtube.com\/vi\/fLzU21ltH4U\/mqdefault.jpg?resize=640%2C359&#038;ssl=1\" alt=\"video\" width=\"640\" height=\"359\" \/><\/a><\/div>\n<\/div>\n<\/section>\n<h3 style=\"text-align: justify;\"><a href=\"https:\/\/los40.com\/tag\/billie_eilish\/a\/\" target=\"_blank\" rel=\"noopener\">Billie Eilish<\/a>: <i>What Was I Made For<\/i> (por Juan Ignacio Herrero)<\/h3>\n<p style=\"text-align: justify;\">Puede que dentro de la BSO de <i>Barbie<\/i>, el fen\u00f3meno cinematogr\u00e1fico del a\u00f1o, quedara a la sombra del glamour y el brilli-brilli de <i>Dance the night <\/i>de Dua Lipa. Pero What was I made for es una de las composiciones m\u00e1s emocionantes del d\u00fao formado por los hermanos Billie y Finneas. La susurrante voz de la int\u00e9rprete hace imborrable cada estrofa de la canci\u00f3n.<\/p>\n<h3 style=\"text-align: justify;\">Emilia, <a href=\"https:\/\/los40.com\/tag\/martina_stoessel\/a\/\" target=\"_blank\" rel=\"noopener\">TINI<\/a>: <i>La_Original.mp3 <\/i>(por Alba Benito)<\/h3>\n<p style=\"text-align: justify;\"><i>La_Original.mp3 <\/i>de<b> <\/b>Emilia y Tini ha sido para muchas el tema del momento en el \u00faltimo trimestre del 2023. Una vuelta a los dos mil repleta de brillo y empoderamiento. Sin duda, la canci\u00f3n tiene los ingredientes perfectos para ser ese hit que no querr\u00e1s parar de escuchar cuando est\u00e9s con amigas.<\/p>\n<section class=\"c-sum \">\n<div id=\"video_1699006190117\">\n<div>\n<div class=\"posicionador c-pl-v\">\n<div class=\"bts\">\u00a0<\/div>\n<\/div>\n<\/div>\n<\/div>\n<\/section>\n<section class=\"c-sum \">\n<div id=\"video_1699006190117\">\n<div><a class=\"posicionador\"><img data-recalc-dims=\"1\" loading=\"lazy\" decoding=\"async\" src=\"https:\/\/i0.wp.com\/img.youtube.com\/vi\/rIcZ6X0jIl4\/mqdefault.jpg?resize=640%2C359&#038;ssl=1\" alt=\"video\" width=\"640\" height=\"359\" \/><\/a><\/div>\n<\/div>\n<\/section>\n<h3 style=\"text-align: justify;\"><a href=\"https:\/\/los40.com\/tag\/salomon_villada_hoyos\/a\/\" target=\"_blank\" rel=\"noopener\">Feid<\/a> y <a href=\"https:\/\/los40.com\/tag\/young_miko\/a\/\" target=\"_blank\" rel=\"noopener\">Young Miko<\/a>: <i>Classy 101 <\/i>(por Laura Coca)<\/h3>\n<p style=\"text-align: justify;\">Para m\u00ed, ha sido mi m\u00e1s fiel acompa\u00f1ante de viajes y aventuras. Y es que el imparable talento de Miko lleg\u00f3 a o\u00eddos de Feid, quien no dud\u00f3 en subirse a esta canci\u00f3n que la puertorrique\u00f1a hab\u00eda escrito para \u00e9l. Adem\u00e1s de tener una letra de lo m\u00e1s positiva, sus ritmos invitan a cualquiera a darlo todo en la pista de baile. Vamos, una canci\u00f3n con la que te encuentras moviendo tu cabeza de lado a lado de manera inconsciente cada vez que la escuchas.<\/p>\n<section class=\"c-sum \">\n<div id=\"video_1685556310768\">\n<div>\n<div class=\"posicionador c-pl-v\">\n<div class=\"bts\">\u00a0<\/div>\n<\/div>\n<\/div>\n<\/div>\n<\/section>\n<section class=\"c-sum \">\n<div id=\"video_1685556310768\">\n<div><a class=\"posicionador\"><img data-recalc-dims=\"1\" loading=\"lazy\" decoding=\"async\" src=\"https:\/\/i0.wp.com\/img.youtube.com\/vi\/cD5T1Y4b7wA\/mqdefault.jpg?resize=640%2C359&#038;ssl=1\" alt=\"video\" width=\"640\" height=\"359\" \/><\/a><\/div>\n<\/div>\n<\/section>\n<h3 style=\"text-align: justify;\"><a href=\"https:\/\/los40.com\/tag\/troye_sivan_mellet\/a\/\" target=\"_blank\" rel=\"noopener\">Troye Sivan<\/a>: <i>One Of Your Girls<\/i> (por Alberto Palao)<\/h3>\n<p style=\"text-align: justify;\">Pocos artistas masculinos sirven como Troye Sivan. El artista australiano ha demostrado tener un sexto sentido para producir en <i>One Of Your Girls<\/i>. Y es que m\u00e1s all\u00e1 de la letra, que representa muy bien los pensamientos de un chico gay que desea ser el centro de atenci\u00f3n de un hetero \u2014\u00bfa qu\u00e9 chico homosexual no le ha pasado?\u2014, Troye te mete tres d\u00e9cadas musicalmente sin que te des cuenta en la misma canci\u00f3n. El 2020 con la tem\u00e1tica; Los noventa con el sampleo de Backstreet Boys; y los setenta con el uso de sintetizadores. Un viaje sonoro que guarda much\u00edsimas capas.<\/p>\n<section class=\"c-sum \">\n<div id=\"video_2023101315405500\">\n<div>\n<div class=\"posicionador c-pl-v\">\n<div class=\"bts\">\u00a0<\/div>\n<\/div>\n<\/div>\n<\/div>\n<\/section>\n<section class=\"c-sum \">\n<div id=\"video_2023101315405500\">\n<div><a class=\"posicionador\"><img data-recalc-dims=\"1\" loading=\"lazy\" decoding=\"async\" src=\"https:\/\/i0.wp.com\/img.youtube.com\/vi\/ZhGl8McrOHo\/mqdefault.jpg?resize=640%2C359&#038;ssl=1\" alt=\"video\" width=\"640\" height=\"359\" \/><\/a><\/div>\n<\/div>\n<\/section>\n<h3 style=\"text-align: justify;\"><a href=\"https:\/\/los40.com\/tag\/miguel_cantos_gomez\/a\/\" target=\"_blank\" rel=\"noopener\">Saiko<\/a>: <i>Supernova<\/i> (por Ana Rojas)<\/h3>\n<p style=\"text-align: justify;\">Saiko ha arrasado este 2023 sampleando una de las canciones m\u00e1s m\u00edticas de uno de los artistas espa\u00f1oles m\u00e1s ic\u00f3nicos: \u00abUn violinista en tu tejado\u00bb del mism\u00edsimo Melendi. El artista granadino ha cambiado el juego de la mano de Came Beats y Uli con una hipn\u00f3tica producci\u00f3n que ha subido la apuesta en la b\u00fasqueda de nuevos ritmos y estilos, convirti\u00e9ndose en uno de los hits por excelencia del a\u00f1o.<\/p>\n<section class=\"c-sum \">\n<div id=\"video_2023051219815432\">\n<div>\n<div class=\"posicionador c-pl-v\">\n<div class=\"bts\">\u00a0<\/div>\n<\/div>\n<\/div>\n<\/div>\n<\/section>\n<section class=\"c-sum \">\n<div id=\"video_2023051219815432\">\n<div><a class=\"posicionador\"><img data-recalc-dims=\"1\" loading=\"lazy\" decoding=\"async\" src=\"https:\/\/i0.wp.com\/img.youtube.com\/vi\/BbZi8xGMyuM\/mqdefault.jpg?resize=640%2C359&#038;ssl=1\" alt=\"video\" width=\"640\" height=\"359\" \/><\/a><\/div>\n<\/div>\n<\/section>\n<h3 style=\"text-align: justify;\">Rauw Alejandro y <a href=\"https:\/\/los40.com\/tag\/gonzalo_conde\/a\/\" target=\"_blank\" rel=\"noopener\">Bizarrap<\/a>: <i>Baby Hello<\/i> (por Laura Coca)<\/h3>\n<p style=\"text-align: justify;\">Estaba claro que este combo no pod\u00eda salir mal, pero una vez que lo escuchas no eres consciente de que iban a presentar una canci\u00f3n tan pegadiza. Adem\u00e1s de unirse en su respectiva<i> session<\/i>, presentaron esta canci\u00f3n con Rauw como artista principal que nos lleva directos a una macrosesi\u00f3n de sonidos dance que tienen mucho que ver con el concepto de <i>Saturno<\/i> del puertorrique\u00f1o. Con una base pegadiza y unos efectos vocales hipnotizantes, demuestran que est\u00e1n en la primera liga de la industria.<\/p>\n<section class=\"c-sum \">\n<div id=\"video_1691056442023\">\n<div>\n<div class=\"posicionador c-pl-v\">\n<div class=\"bts\">\u00a0<\/div>\n<\/div>\n<\/div>\n<\/div>\n<\/section>\n<section class=\"c-sum \">\n<div id=\"video_1691056442023\">\n<div><a class=\"posicionador\"><img data-recalc-dims=\"1\" loading=\"lazy\" decoding=\"async\" src=\"https:\/\/i0.wp.com\/img.youtube.com\/vi\/-WevdSfpw-Q\/mqdefault.jpg?resize=640%2C359&#038;ssl=1\" alt=\"video\" width=\"640\" height=\"359\" \/><\/a><\/div>\n<\/div>\n<\/section>\n<h3 style=\"text-align: justify;\">Bizarrap y <a href=\"https:\/\/los40.com\/tag\/shakira\/a\/\" target=\"_blank\" rel=\"noopener\">Shakira<\/a>: <i>Music Sessions #53<\/i> (por Paula Hergar y Cristina Zavala)<\/h3>\n<p style=\"text-align: justify;\"><b>Paula:<\/b> \u00bfC\u00f3mo una canci\u00f3n sin nombre ha podido ser comentada por el mundo entero? Juntando a Shakira y Bizarrap. Ella logr\u00f3 convertir su peor momento personal en oro: cantando como venganza, creando como forma de desahogo, sonriendo por no llorar y dejando que hablen de ella, bien si no hay m\u00e1s remedio. Le da igual lo que opinen, ella es artista y eso est\u00e1 por encima de cualquier mortal. As\u00ed, acumul\u00f3 todo su talento y dej\u00f3 que Bizarrap hiciera su magia.<\/p>\n<p style=\"text-align: justify;\"><b>Cristina: <\/b>Lo de elegir la mejor canci\u00f3n del a\u00f1o es bastante subjetivo porque al margen de la calidad musical y la repercusi\u00f3n medi\u00e1tica que pueda tener, depende del momento vital que uno est\u00e9 atravesando para que le remueva de una u otra manera. Pero, si hay una canci\u00f3n que ha llegado a mucha gente es la sesi\u00f3n de Shakira con Bizarrap. Ha generado extremos, los que no entienden que arremeta as\u00ed contra el padre de sus hijos y los que adoran el himno de empoderamiento femenino que ha logrado crear. El caso es que, sin ponerse en un extremo u otro, hay que reivindicar el valor de una canci\u00f3n capaz de generar debate en torno a la libertad de expresi\u00f3n a trav\u00e9s del arte. Shakira ha logrado sobreponerse a una ruptura complicada y la m\u00fasica ha sido su v\u00eda de escape y, por ende, el de muchas mujeres que se han sentido identificadas con ella. Y eso ya tiene m\u00e9rito.<\/p>\n<section class=\"c-sum \">\n<div id=\"video_1689331099318\">\n<div>\n<div class=\"posicionador c-pl-v\">\n<div class=\"bts\">\u00a0<\/div>\n<\/div>\n<\/div>\n<\/div>\n<\/section>\n<section class=\"c-sum \">\n<div id=\"video_1689331099318\">\n<div><a class=\"posicionador\"><img data-recalc-dims=\"1\" loading=\"lazy\" decoding=\"async\" src=\"https:\/\/i0.wp.com\/img.youtube.com\/vi\/CocEMWdc7Ck\/mqdefault.jpg?resize=640%2C359&#038;ssl=1\" alt=\"video\" width=\"640\" height=\"359\" \/><\/a><\/div>\n<\/div>\n<\/section>\n<h3 style=\"text-align: justify;\"><a href=\"https:\/\/los40.com\/tag\/mauro_monzon\/a\/\" target=\"_blank\" rel=\"noopener\">LIT Killah<\/a>, <a href=\"https:\/\/los40.com\/tag\/mauro_ezequiel_lombardo\/a\/\" target=\"_blank\" rel=\"noopener\">Duki<\/a>, <a href=\"https:\/\/los40.com\/tag\/enzo_sauthier\/a\/\" target=\"_blank\" rel=\"noopener\">FMK<\/a>, <a href=\"https:\/\/los40.com\/tag\/emilia_mernes\/a\/\" target=\"_blank\" rel=\"noopener\">Emilia<\/a>, <a href=\"https:\/\/los40.com\/tag\/maria_becerra\/a\/\" target=\"_blank\" rel=\"noopener\">Mar\u00eda Becerra<\/a>, <a href=\"https:\/\/los40.com\/tag\/thomas_nicolas_tobar\/a\/\" target=\"_blank\" rel=\"noopener\">Rusherking<\/a>, <a href=\"https:\/\/los40.com\/tag\/tiago_uriel_pacheco\/a\/\" target=\"_blank\" rel=\"noopener\">Tiago PZK<\/a>: <i>Los Del Espacio <\/i>(por Ana Escobar)<\/h3>\n<p style=\"text-align: justify;\">Una imprescindible en las playlists de verano. Esta supercolaboraci\u00f3n (con lo dif\u00edcil que es juntar y empastar tantas voces en una misma canci\u00f3n) demuestra que Argentina es una de las grandes potencias del g\u00e9nero urbano a nivel mundial, con artistas muy j\u00f3venes y emergentes que a\u00fan tienen much\u00edsimo que ofrecer al panorama musical.<\/p>\n<section class=\"c-sum \">\n<div id=\"video_1703153586390\">\n<div>\n<div class=\"posicionador c-pl-v\">\n<div class=\"bts\">\u00a0<\/div>\n<\/div>\n<\/div>\n<\/div>\n<\/section>\n<section class=\"c-sum \">\n<div id=\"video_1703153586390\">\n<div><a class=\"posicionador\"><img data-recalc-dims=\"1\" loading=\"lazy\" decoding=\"async\" src=\"https:\/\/i0.wp.com\/img.youtube.com\/vi\/eBSQug_xtwc\/mqdefault.jpg?resize=640%2C359&#038;ssl=1\" alt=\"video\" width=\"640\" height=\"359\" \/><\/a><\/div>\n<\/div>\n<\/section>\n<h3 style=\"text-align: justify;\">Aitana: <i>Pensando En Ti<\/i> (por Mario Caridad)<\/h3>\n<p style=\"text-align: justify;\">Aitana cierra <i>alpha<\/i> y se despide de la electr\u00f3nica con la que es sin duda una de las mejores canciones del a\u00f1o, <i>Pensando en ti<\/i>. Lo tiene todo: un estribillo pegadizo, autorreferencias a su primer tema (\u201choy he dejado mi tel\u00e9fono para no llamarteeeeeee\u201d) y lo m\u00e1s importante: un ritmo que nos invita a romper la pista de baile mientras nos permitimos ser lo suficientemente ni\u00f1atxs como para dedicarle una canci\u00f3n a un amor que ya no est\u00e1. Aitana se confiesa en voz alta y tiene la valent\u00eda de poner en palabras las indirectas que cualquier quincea\u00f1era (o veintea\u00f1ero) compartir\u00eda en sus mejores amigos. Y eso es digno de este repaso de lo mejor del a\u00f1o.<\/p>\n<section class=\"c-sum \">\n<div id=\"video_1695340820666\">\n<div>\n<div class=\"posicionador c-pl-v\">\n<div class=\"bts\">\u00a0<\/div>\n<\/div>\n<\/div>\n<\/div>\n<\/section>\n<section class=\"c-sum \">\n<div id=\"video_1695340820666\">\n<div><a class=\"posicionador\"><img data-recalc-dims=\"1\" loading=\"lazy\" decoding=\"async\" src=\"https:\/\/i0.wp.com\/img.youtube.com\/vi\/SW93alx4z9I\/mqdefault.jpg?resize=640%2C359&#038;ssl=1\" alt=\"video\" width=\"640\" height=\"359\" \/><\/a><\/div>\n<\/div>\n<\/section>\n<h3 style=\"text-align: justify;\"><a href=\"https:\/\/los40.com\/tag\/sam_smith\/a\/\" target=\"_blank\" rel=\"noopener\">Sam Smith<\/a> y <a href=\"https:\/\/los40.com\/tag\/kim_petras\/a\/\" target=\"_blank\" rel=\"noopener\">Kim Petras<\/a>:<i> Unholy <\/i>(por Ana Escobar)<\/h3>\n<p style=\"text-align: justify;\">La mejor colaboraci\u00f3n pop de 2023. Sam Smith y Kim Petras no solo han ganado un Premio Grammy con esta canci\u00f3n, tambi\u00e9n han sentado un precedente para otros artistas no normativos de la industria y, sobre todo, desafiado una oleada de odio procedente de las altas esferas de la sociedad norteamericana. Acusados de hacer un ritual sat\u00e1nico, Petras y Smith crearon un himno de excelencia pop y queer. \u00a1Y nos encanta!<\/p>\n<section class=\"c-sum \">\n<div id=\"video_1701789834749\">\n<div>\n<div class=\"posicionador c-pl-v\">\n<div class=\"bts\">\u00a0<\/div>\n<\/div>\n<\/div>\n<\/div>\n<\/section>\n<section class=\"c-sum \">\n<div id=\"video_1701789834749\">\n<div><a class=\"posicionador\"><img data-recalc-dims=\"1\" loading=\"lazy\" decoding=\"async\" src=\"https:\/\/i0.wp.com\/img.youtube.com\/vi\/Uq9gPaIzbe8\/mqdefault.jpg?resize=640%2C359&#038;ssl=1\" alt=\"video\" width=\"640\" height=\"359\" \/><\/a><\/div>\n<\/div>\n<\/section>\n<h3 style=\"text-align: justify;\"><a href=\"https:\/\/los40.com\/tag\/peggy_gou\/a\/\" target=\"_blank\" rel=\"noopener\">Peggy Gou<\/a>: <i>(It Goes Like) Nanana <\/i>(por Ann Montenegro)<\/h3>\n<p style=\"text-align: justify;\">El salto definitivo de Peggy Gou al gran p\u00fablico. Una canci\u00f3n pegadiza, alegre, que te lleva al verano y a todos esos buenos momentos cargados de luz.<\/p>\n<section class=\"c-sum \">\n<div id=\"video_1695909232401\">\n<div>\n<div class=\"posicionador c-pl-v\">\n<div class=\"bts\">\u00a0<\/div>\n<\/div>\n<\/div>\n<\/div>\n<\/section>\n<section class=\"c-sum \">\n<div id=\"video_1695909232401\">\n<div><a class=\"posicionador\"><img data-recalc-dims=\"1\" loading=\"lazy\" decoding=\"async\" src=\"https:\/\/i0.wp.com\/img.youtube.com\/vi\/sCz5y84dwuA\/mqdefault.jpg?resize=640%2C359&#038;ssl=1\" alt=\"video\" width=\"640\" height=\"359\" \/><\/a><\/div>\n<\/div>\n<\/section>\n<h3 style=\"text-align: justify;\"><a href=\"https:\/\/los40.com\/tag\/arde_bogota\/a\/\" target=\"_blank\" rel=\"noopener\">Arde Bogot\u00e1<\/a>: <i>La Salvaci\u00f3n<\/i> (por Alberto Palao)<\/h3>\n<p style=\"text-align: justify;\">Hay canciones que emocionan desde que las descubres y que sabes que van a formar parte de la banda sonora de tu vida desde el primer momento que las escuchas. La salvaci\u00f3n de Arde Bogot\u00e1 es una de ellas. Esta balada rock es un aut\u00e9ntico regalo que cuenta con uno de los mejores puentes sonoros en espa\u00f1ol de los \u00faltimos a\u00f1os. Ese crescendo de la voz de Antonio junto a los violines que termina con el solo de guitarra y es simplemente una maravilla. La seguiremos escuchando en festivales dentro de diez a\u00f1os. Guarda tuit.<\/p>\n<section class=\"c-sum \">\n<div id=\"video_2023051213455954\">\n<div>\n<div class=\"posicionador c-pl-v\">\n<div class=\"bts\">\u00a0<\/div>\n<\/div>\n<\/div>\n<\/div>\n<\/section>\n<section class=\"c-sum \">\n<div id=\"video_2023051213455954\">\n<div><a class=\"posicionador\"><img data-recalc-dims=\"1\" loading=\"lazy\" decoding=\"async\" src=\"https:\/\/i0.wp.com\/img.youtube.com\/vi\/SIdKGqtub3A\/mqdefault.jpg?resize=640%2C359&#038;ssl=1\" alt=\"video\" width=\"640\" height=\"359\" \/><\/a><\/div>\n<\/div>\n<\/section>\n<h3 style=\"text-align: justify;\"><a href=\"https:\/\/los40.com\/los40\/2022\/08\/04\/musica\/1659603667_228148.html\" target=\"_blank\" rel=\"noopener\">Judeline<\/a> &#8211; <i>Canijo<\/i> (por Alberto Palao)<\/h3>\n<p style=\"text-align: justify;\">Canijo de Judeline es una de las mejores cartas de presentaci\u00f3n que hemos podido escuchar en mucho tiempo. Y s\u00ed, sabemos que esta artista de J\u00e9rez de la Frontera lleva tiempo sacando canciones, pero este tema ha marcado un antes y un despu\u00e9s. Judeline se lleva una historia tan local, como puede ser un primer amor de barrio, a un sonido totalmente internacional. Canijo suena tan de aqu\u00ed, pero tan de all\u00ed. Tan del sur de Espa\u00f1a, pero tan de videoclip de MTV. Y eso, se\u00f1ores y se\u00f1oras, es puro arte.<\/p>\n<section class=\"c-sum \">\n<div id=\"video_1703153685534\">\n<div>\n<div class=\"posicionador c-pl-v\">\n<div class=\"bts\">\u00a0<\/div>\n<\/div>\n<\/div>\n<\/div>\n<\/section>\n<section class=\"c-sum \">\n<div id=\"video_1703153685534\">\n<div><a class=\"posicionador\"><img data-recalc-dims=\"1\" loading=\"lazy\" decoding=\"async\" src=\"https:\/\/i0.wp.com\/img.youtube.com\/vi\/SSYhUGsS_9s\/mqdefault.jpg?resize=640%2C359&#038;ssl=1\" alt=\"video\" width=\"640\" height=\"359\" \/><\/a><\/div>\n<\/div>\n<\/section>\n<h3 style=\"text-align: justify;\"><a href=\"https:\/\/los40.com\/tag\/julieta_gracian_salas\/a\/\" target=\"_blank\" rel=\"noopener\">Julieta<\/a> &#8211; <i>Cari<\/i> (por Mario Caridad)<\/h3>\n<p style=\"text-align: justify;\">Pero en la discoteca no nos podemos despistar. Igual que hay tiempo para llorar mientras se baila se abre ante nosotros un mundo de posibilidades: un lugar donde conocer gente y experimentar un verdadero crush. Es aqu\u00ed donde aparece <i>Cari<\/i>, de Julieta. La barcelonesa ha superado las barreras catalanas para conquistar Espa\u00f1a y el resto del mundo enamor\u00e1ndonos con un electropop que atraviesa nuestro cerebro y se queda en nuestra mente sin pagar el alquiler. <i>Cari<\/i> nos recuerda la magia de las primeras veces: los primeros likes, los primeros roneos, los primeros besos y las primeras dudas.<\/p>\n<section class=\"c-sum \">\n<div id=\"video_20230510132416969\">\n<div>\n<div class=\"posicionador c-pl-v\">\n<div class=\"bts\">\u00a0<\/div>\n<\/div>\n<\/div>\n<\/div>\n<\/section>\n<section class=\"c-sum \">\n<div id=\"video_20230510132416969\">\n<div><a class=\"posicionador\"><img data-recalc-dims=\"1\" loading=\"lazy\" decoding=\"async\" src=\"https:\/\/i0.wp.com\/img.youtube.com\/vi\/XgDUBNi-tRc\/mqdefault.jpg?resize=640%2C359&#038;ssl=1\" alt=\"video\" width=\"640\" height=\"359\" \/><\/a><\/div>\n<\/div>\n<\/section>\n<h3 style=\"text-align: justify;\"><a href=\"https:\/\/los40.com\/tag\/carlos_bruna_zamorin\/a\/\" target=\"_blank\" rel=\"noopener\">Cruz Cafun\u00e9<\/a>: <i>Movezz En Silencio<\/i> (por Carolina Mart\u00ednez)<\/h3>\n<p style=\"text-align: justify;\">Cruz Cafun\u00e9 ha sido uno de los artistas del a\u00f1o gracias a <i>Me Muevo Con Dios<\/i>, un \u00e1lbum con el que ha logrado superarse a s\u00ed mismo y del que destaca <i>Movezz en silencio<\/i>. Esta canci\u00f3n con tintes electr\u00f3nicos es perfecta para empezar una noche de fiesta y retrata a la perfecci\u00f3n c\u00f3mo el de Tenerife consigue plasmar en su m\u00fasica ese sonido tan caracter\u00edstico de los raperos de Toronto que tanto le inspira. <i>Movezz en silencio<\/i> tiene calidad en su ritmo, en su letra y es pura esencia Cruzzi. Un 10.<\/p>\n<section class=\"c-sum \">\n<div id=\"video_1703249071566\">\n<div>\n<div class=\"posicionador c-pl-v\">\n<div class=\"bts\">\u00a0<\/div>\n<\/div>\n<\/div>\n<\/div>\n<\/section>\n<section class=\"c-sum \">\n<div id=\"video_1703249071566\">\n<div><a class=\"posicionador\"><img data-recalc-dims=\"1\" loading=\"lazy\" decoding=\"async\" src=\"https:\/\/i0.wp.com\/img.youtube.com\/vi\/L6Hx3SFXDPM\/mqdefault.jpg?resize=640%2C359&#038;ssl=1\" alt=\"video\" width=\"640\" height=\"359\" \/><\/a><\/div>\n<\/div>\n<\/section>\n<h3 style=\"text-align: justify;\">Mafalda Cardenal: <i>Tu Fan <\/i>(por Alba Benito)<\/h3>\n<p style=\"text-align: justify;\">Bajo el lema de \u00abest\u00e1 canci\u00f3n no se canta, se grita\u00bb, el tema de <i>tu fan<\/i> de<b> Mafalda Cardenal <\/b>arras\u00f3 en Tiktok. Un trabajo hacia esa persona que te ocultaba y ten\u00edas que ir siempre detr\u00e1s. Un single al desamor con todas las letras.<\/p>\n<section class=\"c-sum \">\n<div id=\"video_1703153755580\">\n<div>\n<div class=\"posicionador c-pl-v\">\n<div class=\"bts\">\u00a0<\/div>\n<\/div>\n<\/div>\n<\/div>\n<\/section>\n<section class=\"c-sum \">\n<div id=\"video_1703153755580\">\n<div><a class=\"posicionador\"><img data-recalc-dims=\"1\" loading=\"lazy\" decoding=\"async\" src=\"https:\/\/i0.wp.com\/img.youtube.com\/vi\/htSab7vQ1aQ\/mqdefault.jpg?resize=640%2C359&#038;ssl=1\" alt=\"video\" width=\"640\" height=\"359\" \/><\/a><\/div>\n<\/div>\n<\/section>\n<p>&nbsp;<\/p>\n","protected":false},"excerpt":{"rendered":"<p>Se acaba un a\u00f1o que nos ha dejado verdaderos \u00e9xitos musicales. La redacci\u00f3n de LOS40&#8230;<\/p>\n","protected":false},"author":1,"featured_media":0,"comment_status":"closed","ping_status":"closed","sticky":false,"template":"","format":"standard","meta":{"_coblocks_attr":"","_coblocks_dimensions":"","_coblocks_responsive_height":"","_coblocks_accordion_ie_support":"","jetpack_post_was_ever_published":false,"_jetpack_newsletter_access":"","_jetpack_dont_email_post_to_subs":false,"_jetpack_newsletter_tier_id":0,"_jetpack_memberships_contains_paywalled_content":false,"_jetpack_memberships_contains_paid_content":false,"footnotes":"","jetpack_publicize_message":"","jetpack_publicize_feature_enabled":true,"jetpack_social_post_already_shared":false,"jetpack_social_options":{"image_generator_settings":{"template":"highway","default_image_id":0,"enabled":false},"version":2}},"categories":[1161,44,6937],"tags":[],"class_list":["post-66035","post","type-post","status-publish","format-standard","hentry","category-ciudadania","category-noticias-de-hoy","category-sociedad"],"jetpack_publicize_connections":[],"jetpack_featured_media_url":"","jetpack_likes_enabled":true,"jetpack_sharing_enabled":true,"_links":{"self":[{"href":"https:\/\/miradordeatarfe.es\/index.php?rest_route=\/wp\/v2\/posts\/66035","targetHints":{"allow":["GET"]}}],"collection":[{"href":"https:\/\/miradordeatarfe.es\/index.php?rest_route=\/wp\/v2\/posts"}],"about":[{"href":"https:\/\/miradordeatarfe.es\/index.php?rest_route=\/wp\/v2\/types\/post"}],"author":[{"embeddable":true,"href":"https:\/\/miradordeatarfe.es\/index.php?rest_route=\/wp\/v2\/users\/1"}],"replies":[{"embeddable":true,"href":"https:\/\/miradordeatarfe.es\/index.php?rest_route=%2Fwp%2Fv2%2Fcomments&post=66035"}],"version-history":[{"count":1,"href":"https:\/\/miradordeatarfe.es\/index.php?rest_route=\/wp\/v2\/posts\/66035\/revisions"}],"predecessor-version":[{"id":66036,"href":"https:\/\/miradordeatarfe.es\/index.php?rest_route=\/wp\/v2\/posts\/66035\/revisions\/66036"}],"wp:attachment":[{"href":"https:\/\/miradordeatarfe.es\/index.php?rest_route=%2Fwp%2Fv2%2Fmedia&parent=66035"}],"wp:term":[{"taxonomy":"category","embeddable":true,"href":"https:\/\/miradordeatarfe.es\/index.php?rest_route=%2Fwp%2Fv2%2Fcategories&post=66035"},{"taxonomy":"post_tag","embeddable":true,"href":"https:\/\/miradordeatarfe.es\/index.php?rest_route=%2Fwp%2Fv2%2Ftags&post=66035"}],"curies":[{"name":"wp","href":"https:\/\/api.w.org\/{rel}","templated":true}]}}