{"id":66056,"date":"2023-12-31T10:00:36","date_gmt":"2023-12-31T09:00:36","guid":{"rendered":"https:\/\/miradordeatarfe.es\/?p=66056"},"modified":"2023-12-28T12:36:17","modified_gmt":"2023-12-28T11:36:17","slug":"las-mejores-noticias-de-2023","status":"publish","type":"post","link":"https:\/\/miradordeatarfe.es\/?p=66056","title":{"rendered":"Las mejores noticias de 2023"},"content":{"rendered":"<h3 class=\"subtitle\" style=\"text-align: justify;\">Del resurgir del oso pardo al freno de la deforestaci\u00f3n, pasando por las victorias clim\u00e1ticas en los tribunales. Despedimos el a\u00f1o repasando las 10 mejores noticias para el medioambiente de 2023.<\/h3>\n<div class=\"\" style=\"text-align: justify;\">\n<div class=\"available-content\">\n<div class=\"body markup\" dir=\"auto\">\n<div class=\"captioned-image-container\">\n<figure>\n<div class=\"image2-inset\"><picture><source srcset=\"https:\/\/substackcdn.com\/image\/fetch\/w_424,c_limit,f_webp,q_auto:good,fl_progressive:steep\/https%3A%2F%2Fsubstack-post-media.s3.amazonaws.com%2Fpublic%2Fimages%2F3553bf95-d2ee-4452-9aca-3d2789fdcb78_1200x960.jpeg 424w, https:\/\/substackcdn.com\/image\/fetch\/w_848,c_limit,f_webp,q_auto:good,fl_progressive:steep\/https%3A%2F%2Fsubstack-post-media.s3.amazonaws.com%2Fpublic%2Fimages%2F3553bf95-d2ee-4452-9aca-3d2789fdcb78_1200x960.jpeg 848w, https:\/\/substackcdn.com\/image\/fetch\/w_1272,c_limit,f_webp,q_auto:good,fl_progressive:steep\/https%3A%2F%2Fsubstack-post-media.s3.amazonaws.com%2Fpublic%2Fimages%2F3553bf95-d2ee-4452-9aca-3d2789fdcb78_1200x960.jpeg 1272w, https:\/\/substackcdn.com\/image\/fetch\/w_1456,c_limit,f_webp,q_auto:good,fl_progressive:steep\/https%3A%2F%2Fsubstack-post-media.s3.amazonaws.com%2Fpublic%2Fimages%2F3553bf95-d2ee-4452-9aca-3d2789fdcb78_1200x960.jpeg 1456w\" type=\"image\/webp\" sizes=\"100vw\" \/><\/picture><\/div>\n<\/figure>\n<\/div>\n<\/div>\n<\/div>\n<\/div>\n<p style=\"text-align: justify;\">Termina un 2023 en el que te hemos hablado de todo. De la vuelta de El Ni\u00f1o, de un Mediterr\u00e1neo abrasado (primero) e inundado (despu\u00e9s), de tr\u00e1fico de animales y de r\u00e9cords de temperaturas. Y, entre tantas noticias, tambi\u00e9n ha habido muchas buenas. Hoy queremos darles la importancia que merecen.<\/p>\n<p style=\"text-align: justify;\">Para despedir el a\u00f1o, repasamos las que, para nosotros, son <strong>las 10 mejores noticias<\/strong> del a\u00f1o para el planeta y el medioambiente (con un bonus al final). Antes de empezar, te deseamos unas felices fiestas y una buena entrada en 2024 <\/p>\n<p style=\"text-align: justify;\">\u00a1Hola! Somos Tania y Juan, <strong>bienvenido a Planeta Mauna Loa<\/strong>. Cada semana, te contamos las noticias m\u00e1s interesantes y curiosas sobre medioambiente, naturaleza y cambio clim\u00e1tico.<\/p>\n<div style=\"text-align: justify;\">\n<hr \/>\n<\/div>\n<h3 class=\"header-with-anchor-widget\" style=\"text-align: justify;\"><strong>UN S\u00cd PARA EL YASUN\u00cd<\/strong><\/h3>\n<p style=\"text-align: justify;\">El domingo 20 de agosto, los ecuatorianos acudieron a las urnas para depositar un voto que determinar\u00eda el futuro medioambiental de su pa\u00eds y del resto del planeta. Y <a href=\"https:\/\/www.climatica.lamarea.com\/votacion-ecuador-yasuni\/?utm_source=newsletter&amp;utm_medium=planeta+mauna+loa&amp;utm_campaign=20231221\" rel=\"\">gan\u00f3 el s\u00ed<\/a>: el s\u00ed a <strong>mantener bajo el suelo<\/strong> <strong>las reservas de petr\u00f3leo<\/strong> del Parque Nacional Yasun\u00ed, una de las zonas con mayor biodiversidad del mundo.\u00a0<\/p>\n<p style=\"text-align: justify;\">Hasta este a\u00f1o, el yacimiento del Yasun\u00ed produc\u00eda unos 55 000 barriles de crudo diarios. Ahora, el Gobierno de Ecuador tiene <strong>12 meses para<\/strong> <strong>desmantelarlo<\/strong>, aunque algunas estimaciones se\u00f1alan que el proceso podr\u00eda llevar hasta diez a\u00f1os.<\/p>\n<p style=\"text-align: justify;\">Adem\u00e1s, <a href=\"https:\/\/petro.presidencia.gov.co\/prensa\/Paginas\/Colombia-ha-decidido-no-firmar-mas-contratos-de-exploracion-en-carbon-y-petroleo-y-gas-231202.aspx?utm_source=newsletter&amp;utm_medium=planeta+mauna+loa&amp;utm_campaign=20231221\" rel=\"\">Colombia<\/a> ha anunciado (y posteriormente confirmado) que <strong>no conceder\u00e1 nuevas licencias<\/strong> de exploraci\u00f3n de petr\u00f3leo, carb\u00f3n y gas en su territorio.<\/p>\n<div style=\"text-align: justify;\">\n<hr \/>\n<\/div>\n<h3 class=\"header-with-anchor-widget\" style=\"text-align: justify;\"><strong>FRENO A LA DEFORESTACI\u00d3N<\/strong><\/h3>\n<figure style=\"text-align: justify;\">\n<div class=\"image2-inset\"><picture><source srcset=\"https:\/\/substackcdn.com\/image\/fetch\/w_424,c_limit,f_webp,q_auto:good,fl_progressive:steep\/https%3A%2F%2Fsubstack-post-media.s3.amazonaws.com%2Fpublic%2Fimages%2Fdd7cc603-e251-459e-9323-65ca43d18fd9_1200x795.jpeg 424w, https:\/\/substackcdn.com\/image\/fetch\/w_848,c_limit,f_webp,q_auto:good,fl_progressive:steep\/https%3A%2F%2Fsubstack-post-media.s3.amazonaws.com%2Fpublic%2Fimages%2Fdd7cc603-e251-459e-9323-65ca43d18fd9_1200x795.jpeg 848w, https:\/\/substackcdn.com\/image\/fetch\/w_1272,c_limit,f_webp,q_auto:good,fl_progressive:steep\/https%3A%2F%2Fsubstack-post-media.s3.amazonaws.com%2Fpublic%2Fimages%2Fdd7cc603-e251-459e-9323-65ca43d18fd9_1200x795.jpeg 1272w, https:\/\/substackcdn.com\/image\/fetch\/w_1456,c_limit,f_webp,q_auto:good,fl_progressive:steep\/https%3A%2F%2Fsubstack-post-media.s3.amazonaws.com%2Fpublic%2Fimages%2Fdd7cc603-e251-459e-9323-65ca43d18fd9_1200x795.jpeg 1456w\" type=\"image\/webp\" sizes=\"100vw\" \/><img data-recalc-dims=\"1\" loading=\"lazy\" decoding=\"async\" class=\"sizing-normal\" title=\"un perezoso subido a un \u00e1rbol en la selva amaz\u00f3nica\" src=\"https:\/\/i0.wp.com\/substackcdn.com\/image\/fetch\/w_1456%2Cc_limit%2Cf_auto%2Cq_auto%3Agood%2Cfl_progressive%3Asteep\/https%3A%2F%2Fsubstack-post-media.s3.amazonaws.com%2Fpublic%2Fimages%2Fdd7cc603-e251-459e-9323-65ca43d18fd9_1200x795.jpeg?resize=640%2C424&#038;ssl=1\" sizes=\"auto, 100vw\" srcset=\"https:\/\/substackcdn.com\/image\/fetch\/w_424,c_limit,f_auto,q_auto:good,fl_progressive:steep\/https%3A%2F%2Fsubstack-post-media.s3.amazonaws.com%2Fpublic%2Fimages%2Fdd7cc603-e251-459e-9323-65ca43d18fd9_1200x795.jpeg 424w, https:\/\/substackcdn.com\/image\/fetch\/w_848,c_limit,f_auto,q_auto:good,fl_progressive:steep\/https%3A%2F%2Fsubstack-post-media.s3.amazonaws.com%2Fpublic%2Fimages%2Fdd7cc603-e251-459e-9323-65ca43d18fd9_1200x795.jpeg 848w, https:\/\/substackcdn.com\/image\/fetch\/w_1272,c_limit,f_auto,q_auto:good,fl_progressive:steep\/https%3A%2F%2Fsubstack-post-media.s3.amazonaws.com%2Fpublic%2Fimages%2Fdd7cc603-e251-459e-9323-65ca43d18fd9_1200x795.jpeg 1272w, https:\/\/substackcdn.com\/image\/fetch\/w_1456,c_limit,f_auto,q_auto:good,fl_progressive:steep\/https%3A%2F%2Fsubstack-post-media.s3.amazonaws.com%2Fpublic%2Fimages%2Fdd7cc603-e251-459e-9323-65ca43d18fd9_1200x795.jpeg 1456w\" alt=\"un perezoso subido a un \u00e1rbol en la selva amaz\u00f3nica\" width=\"640\" height=\"424\" data-attrs=\"{&quot;src&quot;:&quot;https:\/\/substack-post-media.s3.amazonaws.com\/public\/images\/dd7cc603-e251-459e-9323-65ca43d18fd9_1200x795.jpeg&quot;,&quot;srcNoWatermark&quot;:null,&quot;fullscreen&quot;:null,&quot;imageSize&quot;:null,&quot;height&quot;:795,&quot;width&quot;:1200,&quot;resizeWidth&quot;:null,&quot;bytes&quot;:174568,&quot;alt&quot;:&quot;un perezoso subido a un \u00e1rbol en la selva amaz\u00f3nica&quot;,&quot;title&quot;:null,&quot;type&quot;:&quot;image\/jpeg&quot;,&quot;href&quot;:null,&quot;belowTheFold&quot;:true,&quot;topImage&quot;:false,&quot;internalRedirect&quot;:null}\" \/><\/picture>\n<div class=\"image-link-expand\">\u00a0<\/div>\n<\/div>\n<\/figure>\n<p style=\"text-align: justify;\">Los datos que iban llegando a lo largo del a\u00f1o anticipaban la buena noticia y el \u00faltimo balance anual la confirm\u00f3: la deforestaci\u00f3n de <strong>la Amazon\u00eda brasile\u00f1a<\/strong> cay\u00f3 un 22 % entre agosto de 2022 y julio de 2023. En Colombia, la <a href=\"https:\/\/www.minambiente.gov.co\/ministra-de-ambiente-revela-informe-de-alertas-tempranas-que-muestran-reduccion-del-70-de-la-deforestacion\/?utm_source=newsletter&amp;utm_medium=planeta+mauna+loa&amp;utm_campaign=20231221\" rel=\"\">destrucci\u00f3n de la selva <\/a>se redujo un 70 % durante los primeros nueve meses de 2023.<\/p>\n<p style=\"text-align: justify;\">En agosto, adem\u00e1s, <a href=\"https:\/\/planetamaunaloa.substack.com\/p\/cumbre-de-presidentes-amazonicos\" rel=\"\">los ocho pa\u00edses<\/a> de la cuenca del Amazonas <strong>forjaron alianzas<\/strong> para frenar la deforestaci\u00f3n de la mayor selva del planeta y encontrar v\u00edas para generar riqueza de forma l\u00edcita.<\/p>\n<div style=\"text-align: justify;\">\n<hr \/>\n<\/div>\n<h3 class=\"header-with-anchor-widget\" style=\"text-align: justify;\"><strong>M\u00c1S JUSTICIA AMBIENTAL<\/strong><\/h3>\n<p style=\"text-align: justify;\">El grupo de mujeres mayores<strong> KlimaSeniorinnen <\/strong>ha llevado a su pa\u00eds, Suiza, <a href=\"https:\/\/twitter.com\/millares\/status\/1641055671540957184\" rel=\"\">ante el Tribunal Europeo de Derechos Humanos<\/a> por la falta de acci\u00f3n frente al cambio clim\u00e1tico. Su caso ser\u00e1 abordado en 2024 junto al de los <a href=\"https:\/\/elpais.com\/clima-y-medio-ambiente\/2023-09-14\/seis-jovenes-portugueses-sientan-en-el-banquillo-de-la-justicia-climatica-a-32-paises-nos-preocupa-nuestro-futuro.html?utm_source=newsletter&amp;utm_medium=planeta+mauna+loa&amp;utm_campaign=20231221\" rel=\"\">seis j\u00f3venes portugueses<\/a> que han demandado a 32 gobiernos europeos.<\/p>\n<p style=\"text-align: justify;\">En Montana (Estados Unidos), un tribunal <a href=\"https:\/\/www.washingtonpost.com\/climate-environment\/2023\/08\/14\/youths-win-montana-climate-trial\/?utm_source=newsletter&amp;utm_medium=planeta+mauna+loa&amp;utm_campaign=20231221\" rel=\"\">se pronunci\u00f3 a favor<\/a> de un grupo de j\u00f3venes que hab\u00eda denunciado al Estado por violar su derecho a contar con un medioambiente sano. Adem\u00e1s, este 2023 un grupo de <strong>120 importantes abogados<\/strong> de Reino Unido anunci\u00f3 que <a href=\"https:\/\/www.smithsonianmag.com\/smart-news\/in-landmark-pledge-british-lawyers-say-they-wont-act-in-the-interest-of-fossil-fuels-180981885\/?utm_source=newsletter&amp;utm_medium=planeta+mauna+loa&amp;utm_campaign=20231221\" rel=\"\">dejar\u00eda de defender<\/a> los intereses de la industria de los combustibles f\u00f3siles.<\/p>\n<div style=\"text-align: justify;\">\n<hr \/>\n<\/div>\n<h3 class=\"header-with-anchor-widget\" style=\"text-align: justify;\"><strong>DO\u00d1ANA RESPIRA ALIVIADA<\/strong><\/h3>\n<figure style=\"text-align: justify;\">\n<div class=\"image2-inset\"><picture><source srcset=\"https:\/\/substackcdn.com\/image\/fetch\/w_424,c_limit,f_webp,q_auto:good,fl_progressive:steep\/https%3A%2F%2Fsubstack-post-media.s3.amazonaws.com%2Fpublic%2Fimages%2Fc773efa7-0081-4d80-8926-6e69d474dec3_1200x844.jpeg 424w, https:\/\/substackcdn.com\/image\/fetch\/w_848,c_limit,f_webp,q_auto:good,fl_progressive:steep\/https%3A%2F%2Fsubstack-post-media.s3.amazonaws.com%2Fpublic%2Fimages%2Fc773efa7-0081-4d80-8926-6e69d474dec3_1200x844.jpeg 848w, https:\/\/substackcdn.com\/image\/fetch\/w_1272,c_limit,f_webp,q_auto:good,fl_progressive:steep\/https%3A%2F%2Fsubstack-post-media.s3.amazonaws.com%2Fpublic%2Fimages%2Fc773efa7-0081-4d80-8926-6e69d474dec3_1200x844.jpeg 1272w, https:\/\/substackcdn.com\/image\/fetch\/w_1456,c_limit,f_webp,q_auto:good,fl_progressive:steep\/https%3A%2F%2Fsubstack-post-media.s3.amazonaws.com%2Fpublic%2Fimages%2Fc773efa7-0081-4d80-8926-6e69d474dec3_1200x844.jpeg 1456w\" type=\"image\/webp\" sizes=\"100vw\" \/><img data-recalc-dims=\"1\" loading=\"lazy\" decoding=\"async\" class=\"sizing-normal\" title=\"Un ave pasea por la laguna inundada de Do\u00f1ana.\" src=\"https:\/\/i0.wp.com\/substackcdn.com\/image\/fetch\/w_1456%2Cc_limit%2Cf_auto%2Cq_auto%3Agood%2Cfl_progressive%3Asteep\/https%3A%2F%2Fsubstack-post-media.s3.amazonaws.com%2Fpublic%2Fimages%2Fc773efa7-0081-4d80-8926-6e69d474dec3_1200x844.jpeg?resize=640%2C450&#038;ssl=1\" sizes=\"auto, 100vw\" srcset=\"https:\/\/substackcdn.com\/image\/fetch\/w_424,c_limit,f_auto,q_auto:good,fl_progressive:steep\/https%3A%2F%2Fsubstack-post-media.s3.amazonaws.com%2Fpublic%2Fimages%2Fc773efa7-0081-4d80-8926-6e69d474dec3_1200x844.jpeg 424w, https:\/\/substackcdn.com\/image\/fetch\/w_848,c_limit,f_auto,q_auto:good,fl_progressive:steep\/https%3A%2F%2Fsubstack-post-media.s3.amazonaws.com%2Fpublic%2Fimages%2Fc773efa7-0081-4d80-8926-6e69d474dec3_1200x844.jpeg 848w, https:\/\/substackcdn.com\/image\/fetch\/w_1272,c_limit,f_auto,q_auto:good,fl_progressive:steep\/https%3A%2F%2Fsubstack-post-media.s3.amazonaws.com%2Fpublic%2Fimages%2Fc773efa7-0081-4d80-8926-6e69d474dec3_1200x844.jpeg 1272w, https:\/\/substackcdn.com\/image\/fetch\/w_1456,c_limit,f_auto,q_auto:good,fl_progressive:steep\/https%3A%2F%2Fsubstack-post-media.s3.amazonaws.com%2Fpublic%2Fimages%2Fc773efa7-0081-4d80-8926-6e69d474dec3_1200x844.jpeg 1456w\" alt=\"Un ave pasea por la laguna inundada de Do\u00f1ana.\" width=\"640\" height=\"450\" data-attrs=\"{&quot;src&quot;:&quot;https:\/\/substack-post-media.s3.amazonaws.com\/public\/images\/c773efa7-0081-4d80-8926-6e69d474dec3_1200x844.jpeg&quot;,&quot;srcNoWatermark&quot;:null,&quot;fullscreen&quot;:null,&quot;imageSize&quot;:null,&quot;height&quot;:844,&quot;width&quot;:1200,&quot;resizeWidth&quot;:null,&quot;bytes&quot;:100077,&quot;alt&quot;:&quot;Un ave pasea por la laguna inundada de Do\u00f1ana.&quot;,&quot;title&quot;:null,&quot;type&quot;:&quot;image\/jpeg&quot;,&quot;href&quot;:null,&quot;belowTheFold&quot;:true,&quot;topImage&quot;:false,&quot;internalRedirect&quot;:null}\" \/><\/picture>\n<div class=\"image-link-expand\">\u00a0<\/div>\n<\/div>\n<\/figure>\n<p style=\"text-align: justify;\">La situaci\u00f3n de Do\u00f1ana, uno de los mayores humedales de Europa, sigue siendo cr\u00edtica por la falta de agua. Pero el a\u00f1o ha terminado con una ventana de optimismo: <a href=\"https:\/\/elpais.com\/clima-y-medio-ambiente\/2023-10-03\/la-junta-de-andalucia-anuncia-que-retira-la-proposicion-de-ley-para-ampliar-los-regadios-de-doanana.html?utm_source=newsletter&amp;utm_medium=planeta+mauna+loa&amp;utm_campaign=20231221\" rel=\"\">un acuerdo<\/a> entre el Gobierno de Espa\u00f1a y la Junta de Andaluc\u00eda para <strong>paralizar la ley <\/strong>que buscaba <a href=\"https:\/\/planetamaunaloa.substack.com\/p\/persecucion-activistas-ambientales\" rel=\"\">regularizar los regad\u00edos ilegales<\/a> que beben del mismo acu\u00edfero que Do\u00f1ana.\u00a0<\/p>\n<p style=\"text-align: justify;\"> En 2024, veremos c\u00f3mo cristaliza el acuerdo para proteger este punto caliente de la biodiversidad. <strong>Estaremos ah\u00ed para cont\u00e1rtelo.<\/strong><\/p>\n<div style=\"text-align: justify;\">\n<hr \/>\n<\/div>\n<h3 class=\"header-with-anchor-widget\" style=\"text-align: justify;\"><strong>UNA LEY PARA LA NATURALEZA<\/strong><\/h3>\n<p style=\"text-align: justify;\">Europa est\u00e1 m\u00e1s cerca de tener una ley para recuperar sus ecosistemas: el Consejo y el Parlamento Europeo han pactado la <a href=\"https:\/\/planetamaunaloa.substack.com\/p\/ley-de-restauracion-de-la-naturaleza\" rel=\"\">ley de restauraci\u00f3n de la naturaleza<\/a>, la primera gran norma comunitaria sobre biodiversidad. Su objetivo es restaurar al menos el 20 % de<strong> las \u00e1reas terrestres y mar\u00edtimas degradadas<\/strong> de la Uni\u00f3n Europea en 2030 y el 90 % en 2050.<\/p>\n<div style=\"text-align: justify;\">\n<hr \/>\n<\/div>\n<h3 class=\"header-with-anchor-widget\" style=\"text-align: justify;\"><strong>GUARDIANES DE LA BIODIVERSIDAD<\/strong><\/h3>\n<figure style=\"text-align: justify;\">\n<div class=\"image2-inset\"><picture><source srcset=\"https:\/\/substackcdn.com\/image\/fetch\/w_424,c_limit,f_webp,q_auto:good,fl_progressive:steep\/https%3A%2F%2Fsubstack-post-media.s3.amazonaws.com%2Fpublic%2Fimages%2F91383eb9-af7a-4a5e-95ad-d13f8574709e_1458x985.jpeg 424w, https:\/\/substackcdn.com\/image\/fetch\/w_848,c_limit,f_webp,q_auto:good,fl_progressive:steep\/https%3A%2F%2Fsubstack-post-media.s3.amazonaws.com%2Fpublic%2Fimages%2F91383eb9-af7a-4a5e-95ad-d13f8574709e_1458x985.jpeg 848w, https:\/\/substackcdn.com\/image\/fetch\/w_1272,c_limit,f_webp,q_auto:good,fl_progressive:steep\/https%3A%2F%2Fsubstack-post-media.s3.amazonaws.com%2Fpublic%2Fimages%2F91383eb9-af7a-4a5e-95ad-d13f8574709e_1458x985.jpeg 1272w, https:\/\/substackcdn.com\/image\/fetch\/w_1456,c_limit,f_webp,q_auto:good,fl_progressive:steep\/https%3A%2F%2Fsubstack-post-media.s3.amazonaws.com%2Fpublic%2Fimages%2F91383eb9-af7a-4a5e-95ad-d13f8574709e_1458x985.jpeg 1456w\" type=\"image\/webp\" sizes=\"100vw\" \/><img data-recalc-dims=\"1\" loading=\"lazy\" decoding=\"async\" class=\"sizing-normal\" title=\"un lince balc\u00e1nico acicala su pelaje en medio de la nieve\" src=\"https:\/\/i0.wp.com\/substackcdn.com\/image\/fetch\/w_1456%2Cc_limit%2Cf_auto%2Cq_auto%3Agood%2Cfl_progressive%3Asteep\/https%3A%2F%2Fsubstack-post-media.s3.amazonaws.com%2Fpublic%2Fimages%2F91383eb9-af7a-4a5e-95ad-d13f8574709e_1458x985.jpeg?resize=640%2C433&#038;ssl=1\" sizes=\"auto, 100vw\" srcset=\"https:\/\/substackcdn.com\/image\/fetch\/w_424,c_limit,f_auto,q_auto:good,fl_progressive:steep\/https%3A%2F%2Fsubstack-post-media.s3.amazonaws.com%2Fpublic%2Fimages%2F91383eb9-af7a-4a5e-95ad-d13f8574709e_1458x985.jpeg 424w, https:\/\/substackcdn.com\/image\/fetch\/w_848,c_limit,f_auto,q_auto:good,fl_progressive:steep\/https%3A%2F%2Fsubstack-post-media.s3.amazonaws.com%2Fpublic%2Fimages%2F91383eb9-af7a-4a5e-95ad-d13f8574709e_1458x985.jpeg 848w, https:\/\/substackcdn.com\/image\/fetch\/w_1272,c_limit,f_auto,q_auto:good,fl_progressive:steep\/https%3A%2F%2Fsubstack-post-media.s3.amazonaws.com%2Fpublic%2Fimages%2F91383eb9-af7a-4a5e-95ad-d13f8574709e_1458x985.jpeg 1272w, https:\/\/substackcdn.com\/image\/fetch\/w_1456,c_limit,f_auto,q_auto:good,fl_progressive:steep\/https%3A%2F%2Fsubstack-post-media.s3.amazonaws.com%2Fpublic%2Fimages%2F91383eb9-af7a-4a5e-95ad-d13f8574709e_1458x985.jpeg 1456w\" alt=\"un lince balc\u00e1nico acicala su pelaje en medio de la nieve\" width=\"640\" height=\"433\" data-attrs=\"{&quot;src&quot;:&quot;https:\/\/substack-post-media.s3.amazonaws.com\/public\/images\/91383eb9-af7a-4a5e-95ad-d13f8574709e_1458x985.jpeg&quot;,&quot;srcNoWatermark&quot;:null,&quot;fullscreen&quot;:null,&quot;imageSize&quot;:null,&quot;height&quot;:984,&quot;width&quot;:1456,&quot;resizeWidth&quot;:null,&quot;bytes&quot;:101547,&quot;alt&quot;:&quot;un lince balc\u00e1nico acicala su pelaje en medio de la nieve&quot;,&quot;title&quot;:null,&quot;type&quot;:&quot;image\/jpeg&quot;,&quot;href&quot;:null,&quot;belowTheFold&quot;:true,&quot;topImage&quot;:false,&quot;internalRedirect&quot;:null}\" \/><\/picture><\/div>\n<\/figure>\n<p style=\"text-align: justify;\">La protecci\u00f3n del medioambiente y de la biodiversidad est\u00e1 llena de palabras vac\u00edas, pero entre ellas tambi\u00e9n hay hechos concretos y decisiones firmes. En 2023, <a href=\"https:\/\/elpais.com\/america-futura\/2023-03-02\/panama-blinda-el-50-de-su-superficie-marina.html?utm_source=newsletter&amp;utm_medium=planeta+mauna+loa&amp;utm_campaign=20231221\" rel=\"\">Panam\u00e1<\/a> multiplic\u00f3 por ocho <strong>sus \u00e1reas marinas protegidas<\/strong> y se convirti\u00f3 en el segundo pa\u00eds del mundo con mayor porcentaje de oc\u00e9ano bajo alguna figura de protecci\u00f3n.<\/p>\n<p style=\"text-align: justify;\">Adem\u00e1s, <a href=\"https:\/\/www.ambiente.gob.ec\/ecuador-anuncia-el-canje-de-deuda-por-naturaleza-mas-grande-del-mundo-para-proteger-las-islas-galapagos\/?utm_source=newsletter&amp;utm_medium=planeta+mauna+loa&amp;utm_campaign=20231221\" rel=\"\">Ecuador<\/a> canje\u00f3 1100 millones de d\u00f3lares de su deuda a cambio de aumentar la conservaci\u00f3n de <strong>las islas Gal\u00e1pagos<\/strong> y <a href=\"https:\/\/www.iucn.org\/press-release\/202303\/vjosa-one-our-last-wild-rivers-becomes-europes-first-wild-river-national-park?utm_source=newsletter&amp;utm_medium=planeta+mauna+loa&amp;utm_campaign=20231221\" rel=\"\">Albania<\/a> tom\u00f3 la decisi\u00f3n de blindar el Viosa, uno de los \u00faltimos r\u00edos salvajes de Europa y un ecosistema en el que viven especies en peligro de extinci\u00f3n como el lince balc\u00e1nico.<\/p>\n<div style=\"text-align: justify;\">\n<hr \/>\n<\/div>\n<h3 class=\"header-with-anchor-widget\" style=\"text-align: justify;\"><strong>MENOS REDES EN LA GRAN BARRERA DE CORAL<\/strong><\/h3>\n<p style=\"text-align: justify;\">El gobierno australiano ha aprobado un plan para proteger la Gran Barrera, <a href=\"https:\/\/planetamaunaloa.substack.com\/p\/limites-planetarios\" rel=\"\">el inmenso conjunto de arrecifes<\/a> de coral e islas que se extiende a lo largo de m\u00e1s de 2600 kil\u00f3metros en el mar del Coral y en el que vive casi <strong>una de cada cuatro especies <\/strong>marinas conocidas. Se considera patrimonio en peligro: desde 1995 hasta hoy, ha perdido la mitad de sus corales por la subida de las temperaturas, la contaminaci\u00f3n y el impacto de la pesca.<\/p>\n<p style=\"text-align: justify;\"><a href=\"https:\/\/www.dcceew.gov.au\/parks-heritage\/great-barrier-reef\/protecting\/reef-2050-plan?utm_source=newsletter&amp;utm_medium=planeta+mauna+loa&amp;utm_campaign=20231221\" rel=\"\">El plan de Australia<\/a> busca limitar las capturas, prohibir el uso de redes de malla, reforzar la lucha contra el cambio clim\u00e1tico y <strong>reducir la contaminaci\u00f3n del agua <\/strong>de los r\u00edos y las ciudades que vierten al mar de Coral.<\/p>\n<div style=\"text-align: justify;\">\n<hr \/>\n<\/div>\n<h3 class=\"header-with-anchor-widget\" style=\"text-align: justify;\"><strong>UN TRATADO HIST\u00d3RICO PARA LOS MARES<\/strong><\/h3>\n<figure style=\"text-align: justify;\">\n<div class=\"image2-inset\"><picture><source srcset=\"https:\/\/substackcdn.com\/image\/fetch\/w_424,c_limit,f_webp,q_auto:good,fl_progressive:steep\/https%3A%2F%2Fsubstack-post-media.s3.amazonaws.com%2Fpublic%2Fimages%2Ff35458d2-d99a-487a-98f4-9eb7b4ce5cdd_1200x979.jpeg 424w, https:\/\/substackcdn.com\/image\/fetch\/w_848,c_limit,f_webp,q_auto:good,fl_progressive:steep\/https%3A%2F%2Fsubstack-post-media.s3.amazonaws.com%2Fpublic%2Fimages%2Ff35458d2-d99a-487a-98f4-9eb7b4ce5cdd_1200x979.jpeg 848w, https:\/\/substackcdn.com\/image\/fetch\/w_1272,c_limit,f_webp,q_auto:good,fl_progressive:steep\/https%3A%2F%2Fsubstack-post-media.s3.amazonaws.com%2Fpublic%2Fimages%2Ff35458d2-d99a-487a-98f4-9eb7b4ce5cdd_1200x979.jpeg 1272w, https:\/\/substackcdn.com\/image\/fetch\/w_1456,c_limit,f_webp,q_auto:good,fl_progressive:steep\/https%3A%2F%2Fsubstack-post-media.s3.amazonaws.com%2Fpublic%2Fimages%2Ff35458d2-d99a-487a-98f4-9eb7b4ce5cdd_1200x979.jpeg 1456w\" type=\"image\/webp\" sizes=\"100vw\" \/><img data-recalc-dims=\"1\" loading=\"lazy\" decoding=\"async\" class=\"sizing-normal\" title=\"imagen a\u00e9rea del mar en la que se todo azul y las siluetas de tres rayas\" src=\"https:\/\/i0.wp.com\/substackcdn.com\/image\/fetch\/w_1456%2Cc_limit%2Cf_auto%2Cq_auto%3Agood%2Cfl_progressive%3Asteep\/https%3A%2F%2Fsubstack-post-media.s3.amazonaws.com%2Fpublic%2Fimages%2Ff35458d2-d99a-487a-98f4-9eb7b4ce5cdd_1200x979.jpeg?resize=640%2C522&#038;ssl=1\" sizes=\"auto, 100vw\" srcset=\"https:\/\/substackcdn.com\/image\/fetch\/w_424,c_limit,f_auto,q_auto:good,fl_progressive:steep\/https%3A%2F%2Fsubstack-post-media.s3.amazonaws.com%2Fpublic%2Fimages%2Ff35458d2-d99a-487a-98f4-9eb7b4ce5cdd_1200x979.jpeg 424w, https:\/\/substackcdn.com\/image\/fetch\/w_848,c_limit,f_auto,q_auto:good,fl_progressive:steep\/https%3A%2F%2Fsubstack-post-media.s3.amazonaws.com%2Fpublic%2Fimages%2Ff35458d2-d99a-487a-98f4-9eb7b4ce5cdd_1200x979.jpeg 848w, https:\/\/substackcdn.com\/image\/fetch\/w_1272,c_limit,f_auto,q_auto:good,fl_progressive:steep\/https%3A%2F%2Fsubstack-post-media.s3.amazonaws.com%2Fpublic%2Fimages%2Ff35458d2-d99a-487a-98f4-9eb7b4ce5cdd_1200x979.jpeg 1272w, https:\/\/substackcdn.com\/image\/fetch\/w_1456,c_limit,f_auto,q_auto:good,fl_progressive:steep\/https%3A%2F%2Fsubstack-post-media.s3.amazonaws.com%2Fpublic%2Fimages%2Ff35458d2-d99a-487a-98f4-9eb7b4ce5cdd_1200x979.jpeg 1456w\" alt=\"imagen a\u00e9rea del mar en la que se todo azul y las siluetas de tres rayas\" width=\"640\" height=\"522\" data-attrs=\"{&quot;src&quot;:&quot;https:\/\/substack-post-media.s3.amazonaws.com\/public\/images\/f35458d2-d99a-487a-98f4-9eb7b4ce5cdd_1200x979.jpeg&quot;,&quot;srcNoWatermark&quot;:null,&quot;fullscreen&quot;:null,&quot;imageSize&quot;:null,&quot;height&quot;:979,&quot;width&quot;:1200,&quot;resizeWidth&quot;:null,&quot;bytes&quot;:257666,&quot;alt&quot;:&quot;imagen a\u00e9rea del mar en la que se todo azul y las siluetas de tres rayas&quot;,&quot;title&quot;:null,&quot;type&quot;:&quot;image\/jpeg&quot;,&quot;href&quot;:null,&quot;belowTheFold&quot;:true,&quot;topImage&quot;:false,&quot;internalRedirect&quot;:null}\" \/><\/picture><\/div>\n<\/figure>\n<p style=\"text-align: justify;\">En marzo y tras dos d\u00e9cadas de negociaciones, los pa\u00edses de la ONU terminaron de redactar el<a href=\"https:\/\/news.un.org\/es\/story\/2023\/03\/1519102?utm_source=newsletter&amp;utm_medium=planeta+mauna+loa&amp;utm_campaign=20231221\" rel=\"\"> Tratado de alta mar<\/a>, que busca <strong>proteger la biodiversidad marina<\/strong> en los dos tercios de los oc\u00e9anos que no pertenecen a ning\u00fan pa\u00eds. El texto fue acogido por ONG, cient\u00edficos y gobiernos como una de las mayores victorias ambientales de este siglo. A\u00fan no ha entrado en vigor, pero ya lo <a href=\"https:\/\/es.mongabay.com\/2023\/10\/paises-firman-tratado-de-alta-mar-proteger-oceanos-entrevista\/?utm_source=newsletter&amp;utm_medium=planeta+mauna+loa&amp;utm_campaign=20231221\" rel=\"\">han firmado<\/a> m\u00e1s de 80 pa\u00edses.<\/p>\n<div style=\"text-align: justify;\">\n<hr \/>\n<\/div>\n<h3 class=\"header-with-anchor-widget\" style=\"text-align: justify;\">UN (PEQUE\u00d1O) PASO ADELANTE<\/h3>\n<p style=\"text-align: justify;\">El acuerdo final de <a href=\"https:\/\/planetamaunaloa.substack.com\/p\/conclusiones-de-la-cop28\" rel=\"\">la COP28<\/a> incluy\u00f3, por primera vez en la historia de las cumbres del clima, una menci\u00f3n expl\u00edcita a la necesidad de <strong>abandonar el petr\u00f3leo, el gas y el carb\u00f3n<\/strong> para frenar el cambio clim\u00e1tico. Hasta ahora, solo se indicaba la urgencia de reducir las emisiones sin se\u00f1alar al principal culpable: los combustibles f\u00f3siles. Es un paso peque\u00f1o, pero puede determinar muchas pol\u00edticas y negociaciones en los pr\u00f3ximos a\u00f1os.<\/p>\n<p style=\"text-align: justify;\">Durante la cumbre se aprob\u00f3 tambi\u00e9n la financiaci\u00f3n del <strong>mecanismo de p\u00e9rdidas y da\u00f1os<\/strong> para compensar a los pa\u00edses m\u00e1s vulnerables por los impactos del cambio clim\u00e1tico.<\/p>\n<div style=\"text-align: justify;\">\n<hr \/>\n<\/div>\n<h3 class=\"header-with-anchor-widget\" style=\"text-align: justify;\"><strong>NUEVOS ANIMALES FANT\u00c1STICOS (Y D\u00d3NDE ENCONTRARLOS)<\/strong><\/h3>\n<p style=\"text-align: justify;\">La naturaleza sigue sorprendi\u00e9ndonos. Entre otros hallazgos, 2023 nos deja <a href=\"https:\/\/www.theguardian.com\/environment\/2023\/mar\/03\/like-a-little-dragon-new-gecko-species-discovered-on-rugged-queensland-island?utm_source=newsletter&amp;utm_medium=planeta+mauna+loa&amp;utm_campaign=20231221\" rel=\"\">una nueva especie de gecko<\/a> con <strong>aspecto de drag\u00f3n<\/strong> y cola espinosa, una <a href=\"https:\/\/www.theguardian.com\/australia-news\/2023\/mar\/21\/new-species-giant-trapdoor-spider-discovered-queensland?utm_source=newsletter&amp;utm_medium=planeta+mauna+loa&amp;utm_campaign=20231221\" rel=\"\">ara\u00f1a trampilla gigante<\/a> en Australia (otra m\u00e1s) y <a href=\"https:\/\/www.straitstimes.com\/singapore\/environment\/new-species-of-cockroach-discovered-in-singapore-named-after-pokemon?utm_source=newsletter&amp;utm_medium=planeta+mauna+loa&amp;utm_campaign=20231221\" rel=\"\">una elegante cucaracha<\/a> bautizada en honor al estiloso pok\u00e9mon Phemorosa.<\/p>\n<p style=\"text-align: justify;\">Adem\u00e1s, los esfuerzos de conservaci\u00f3n siguen arrojando resultados positivos. <a href=\"https:\/\/e360.yale.edu\/digest\/uganda-wildlife-rhinos-elephants-conservation?utm_source=newsletter&amp;utm_medium=planeta+mauna+loa&amp;utm_campaign=20231221\" rel=\"\">Uganda confirma<\/a> el resurgir de <strong>rinocerontes, elefantes y b\u00fafalos<\/strong>, mientras en Espa\u00f1a <a href=\"https:\/\/elpais.com\/clima-y-medio-ambiente\/2023-02-18\/el-secreto-del-exito-de-la-recuperacion-del-oso-en-la-cordillera-cantabrica.html?utm_source=newsletter&amp;utm_medium=planeta+mauna+loa&amp;utm_campaign=20231221\" rel=\"\">la poblaci\u00f3n de oso pardo<\/a> se ha multiplicado por cinco en la cordillera Cant\u00e1brica y la recuperaci\u00f3n del lince ib\u00e9rico supera todas las expectativas.<\/p>\n<div class=\"pencraft pc-reset frontend-pencraft-Text-module__color-pub-primary-text--RzL7j frontend-pencraft-Text-module__line-height-20--p0dP8 frontend-pencraft-Text-module__font-meta--U_nxy frontend-pencraft-Text-module__size-11--k1e8b frontend-pencraft-Text-module__weight-medium--x7khA frontend-pencraft-Text-module__transform-uppercase--IDkUL frontend-pencraft-Text-module__reset--dW0zZ frontend-pencraft-Text-module__meta--jzHdd\">\n<div class=\"profile-hover-card-target frontend-reader2-ProfileAndPublicationHoverCard-module__profileHoverCardTarget--Od_YL\"><strong><a class=\"pencraft pc-reset frontend-pencraft-Text-module__decoration-hover-underline--BEYAn frontend-pencraft-Text-module__reset--dW0zZ\" href=\"https:\/\/substack.com\/profile\/102556782-tania-alonso\">Tania Alonso\u00a0<\/a> y \u00a0<\/strong><a class=\"pencraft pc-reset frontend-pencraft-Text-module__decoration-hover-underline--BEYAn frontend-pencraft-Text-module__reset--dW0zZ\" href=\"https:\/\/substack.com\/profile\/79336464-juan-f\"><strong>Juan F.<\/strong><\/a><\/div>\n<div>\u00a0<\/div>\n<\/div>\n","protected":false},"excerpt":{"rendered":"<p>Del resurgir del oso pardo al freno de la deforestaci\u00f3n, pasando por las victorias clim\u00e1ticas&#8230;<\/p>\n","protected":false},"author":1,"featured_media":66057,"comment_status":"closed","ping_status":"closed","sticky":false,"template":"","format":"standard","meta":{"_coblocks_attr":"","_coblocks_dimensions":"","_coblocks_responsive_height":"","_coblocks_accordion_ie_support":"","jetpack_post_was_ever_published":false,"_jetpack_newsletter_access":"","_jetpack_dont_email_post_to_subs":false,"_jetpack_newsletter_tier_id":0,"_jetpack_memberships_contains_paywalled_content":false,"_jetpack_memberships_contains_paid_content":false,"footnotes":"","jetpack_publicize_message":"","jetpack_publicize_feature_enabled":true,"jetpack_social_post_already_shared":true,"jetpack_social_options":{"image_generator_settings":{"template":"highway","default_image_id":0,"enabled":false},"version":2}},"categories":[1161,9,44],"tags":[],"class_list":["post-66056","post","type-post","status-publish","format-standard","has-post-thumbnail","hentry","category-ciudadania","category-medio-ambiente","category-noticias-de-hoy"],"jetpack_publicize_connections":[],"jetpack_featured_media_url":"https:\/\/i0.wp.com\/miradordeatarfe.es\/wp-content\/uploads\/2023\/12\/4.webp?fit=1200%2C960&ssl=1","jetpack_likes_enabled":true,"jetpack_sharing_enabled":true,"_links":{"self":[{"href":"https:\/\/miradordeatarfe.es\/index.php?rest_route=\/wp\/v2\/posts\/66056","targetHints":{"allow":["GET"]}}],"collection":[{"href":"https:\/\/miradordeatarfe.es\/index.php?rest_route=\/wp\/v2\/posts"}],"about":[{"href":"https:\/\/miradordeatarfe.es\/index.php?rest_route=\/wp\/v2\/types\/post"}],"author":[{"embeddable":true,"href":"https:\/\/miradordeatarfe.es\/index.php?rest_route=\/wp\/v2\/users\/1"}],"replies":[{"embeddable":true,"href":"https:\/\/miradordeatarfe.es\/index.php?rest_route=%2Fwp%2Fv2%2Fcomments&post=66056"}],"version-history":[{"count":1,"href":"https:\/\/miradordeatarfe.es\/index.php?rest_route=\/wp\/v2\/posts\/66056\/revisions"}],"predecessor-version":[{"id":66058,"href":"https:\/\/miradordeatarfe.es\/index.php?rest_route=\/wp\/v2\/posts\/66056\/revisions\/66058"}],"wp:featuredmedia":[{"embeddable":true,"href":"https:\/\/miradordeatarfe.es\/index.php?rest_route=\/wp\/v2\/media\/66057"}],"wp:attachment":[{"href":"https:\/\/miradordeatarfe.es\/index.php?rest_route=%2Fwp%2Fv2%2Fmedia&parent=66056"}],"wp:term":[{"taxonomy":"category","embeddable":true,"href":"https:\/\/miradordeatarfe.es\/index.php?rest_route=%2Fwp%2Fv2%2Fcategories&post=66056"},{"taxonomy":"post_tag","embeddable":true,"href":"https:\/\/miradordeatarfe.es\/index.php?rest_route=%2Fwp%2Fv2%2Ftags&post=66056"}],"curies":[{"name":"wp","href":"https:\/\/api.w.org\/{rel}","templated":true}]}}