{"id":66059,"date":"2023-12-31T09:50:51","date_gmt":"2023-12-31T08:50:51","guid":{"rendered":"https:\/\/miradordeatarfe.es\/?p=66059"},"modified":"2023-12-27T19:54:20","modified_gmt":"2023-12-27T18:54:20","slug":"actualizacion-de-rentas","status":"publish","type":"post","link":"https:\/\/miradordeatarfe.es\/?p=66059","title":{"rendered":"Actualizaci\u00f3n de rentas"},"content":{"rendered":"<h3 class=\"a_st\" style=\"text-align: justify;\">La moderaci\u00f3n de la inflaci\u00f3n ha interrumpido la p\u00e9rdida de poder adquisitivo de los asalariados<\/h3>\n<p class=\"\" style=\"text-align: justify;\"><a href=\"https:\/\/elpais.com\/economia\/2023-09-14\/el-bce-sube-los-tipos-de-interes-en-025-puntos-y-aprieta-en-su-batalla-contra-la-inflacion.html\" target=\"_blank\" rel=\"noopener\" data-link-track-dtm=\"\" data-mrf-link=\"https:\/\/elpais.com\/economia\/2023-09-14\/el-bce-sube-los-tipos-de-interes-en-025-puntos-y-aprieta-en-su-batalla-contra-la-inflacion.html\">La inflaci\u00f3n marca el comp\u00e1s de muchas decisiones de pol\u00edtica econ\u00f3mica. Sin ir m\u00e1s lejos, es la causante de que los tipos <\/a>hayan escalado a uno de los niveles m\u00e1s altos de las \u00faltimas d\u00e9cadas y lo hayan hecho en tiempo r\u00e9cord, habida cuenta de que los bancos centrales tienen como objetivo el control de precios.<\/p>\n<p class=\"\" style=\"text-align: justify;\">Entre sus consecuencias, la actualizaci\u00f3n de rentas. El miedo a adentrarnos en una espiral inflaci\u00f3n-salarios ha marcado una f\u00e9rrea disciplina de actualizaci\u00f3n de rentas m\u00e1s modesta que el incremento del nivel general de precios, a excepci\u00f3n de las recibidas por los beneficiarios de una prestaci\u00f3n p\u00fablica, cuya actualizaci\u00f3n ha sido, en todo momento, acorde a inflaci\u00f3n. En 2022 lo hicieron seg\u00fan la media anual hasta noviembre de 2021 (2,4%, lo que supuso ahorrar alrededor de 2.000 millones de euros, ya que la inflaci\u00f3n de noviembre, la que ha marcado habitualmente el nivel de actualizaci\u00f3n, se situaba en el entorno del 4%) y en 2023 lo hicieron a m\u00e1s del 8%.<\/p>\n<p class=\"\" style=\"text-align: justify;\"><a href=\"https:\/\/elpais.com\/economia\/2023-11-29\/la-inflacion-se-modera-al-32-en-noviembre-y-da-un-respiro-antes-de-la-campana-navidena.html\" target=\"_blank\" rel=\"noopener\" data-link-track-dtm=\"\" data-mrf-link=\"https:\/\/elpais.com\/economia\/2023-11-29\/la-inflacion-se-modera-al-32-en-noviembre-y-da-un-respiro-antes-de-la-campana-navidena.html\">El hecho de que la inflaci\u00f3n haya moderado significativamente en los \u00faltimos meses (en noviembre se ha situado en el 3,2%) <\/a>va a permitir un nuevo alineamiento de la actualizaci\u00f3n de las rentas de los beneficiarios de prestaciones p\u00fablicas con el resto de los agentes y, en particular, con los asalariados. Seg\u00fan la f\u00f3rmula establecida en la Ley 20\/2021 de garant\u00eda del poder adquisitivo de las pensiones, y acordada con los interlocutores sociales, las pensiones contributivas se actualizar\u00e1n en 2024 al 3,8%, que es el resultado del IPC medio entre diciembre de 2022 y noviembre de 2023. En los PGE 2024 se hab\u00eda contemplado <a href=\"https:\/\/elpais.com\/economia\/2023-01-02\/las-pensiones-crecen-en-2023-cuando-y-como-voy-a-cobrar-la-nueva-cuantia.html\" target=\"_blank\" rel=\"noopener\" data-link-track-dtm=\"\" data-mrf-link=\"https:\/\/elpais.com\/economia\/2023-01-02\/las-pensiones-crecen-en-2023-cuando-y-como-voy-a-cobrar-la-nueva-cuantia.html\">una actualizaci\u00f3n de las pensiones contributivas de entre del 3,5% <\/a>y 4,5%. Por lo tanto, el gasto final ser\u00e1 un 0,5% inferior al anticipado en el rango superior de dicha horquilla (unos 800 millones de euros menos) y ubicar\u00e1 el d\u00e9ficit contributivo de la Seguridad Social en el entorno del 1,5% del PIB en 2024. En cualquier caso, seguir\u00e1 siendo el gasto m\u00e1s relevante de entre todas las r\u00fabricas consideradas como gasto social de los PGE.<\/p>\n<p class=\"\" style=\"text-align: justify;\">Esta alineaci\u00f3n permitir\u00e1 contener tambi\u00e9n el riesgo de asistir a incrementos salariales m\u00e1s abultados. Tras la reuni\u00f3n del BCE, se trata de uno de los riesgos que m\u00e1s preocupa y vigila de cerca la instituci\u00f3n. Si bien la moderaci\u00f3n de la inflaci\u00f3n ha interrumpido la p\u00e9rdida de poder adquisitivo de los asalariados, la p\u00e9rdida acumulada en el pasado sigue pesando y puede derivar en incrementos de salarios superiores a la mejora de la productividad. Se trata de un riesgo potencial, ya que, hasta ahora, las revisiones salariales acordadas en convenios siguen siendo similares al incremento del nivel de precios. Esto, junto con el mantenimiento del empleo y la mejora de su estabilidad (propiciada por la \u00faltima reforma laboral de 2021), ha contribuido a mantener el pulso del consumo de los hogares y esperamos que lo siga haciendo en el futuro.<\/p>\n<p><strong><span class=\"a_md_a_n\">Mar\u00eda Romero <\/span><\/strong><span class=\"a_md_a_n\"><strong> Camila Figueroa<\/strong><\/span><\/p>\n<p>FOTO: La inflaci\u00f3n est\u00e1 marcando muchas decisiones econ\u00f3micas. En la foto, mercado navide\u00f1o en Barcelona.<span class=\"a_m_m\">David Zorrakino (Europa Press)<\/span><\/p>\n<div class=\"a_md _g _g-xs ni\">\n<div class=\"a_md_txt\">\n<div class=\"a_md_a\" data-dtm-region=\"articulo_firma\"><strong><span class=\"a_md_a_n\">https:\/\/elpais.com\/economia\/negocios\/2023-12-24\/actualizacion-de-rentas.html<\/span><\/strong><\/div>\n<\/div>\n<\/div>\n","protected":false},"excerpt":{"rendered":"<p>La moderaci\u00f3n de la inflaci\u00f3n ha interrumpido la p\u00e9rdida de poder adquisitivo de los asalariados&#8230;<\/p>\n","protected":false},"author":1,"featured_media":66060,"comment_status":"closed","ping_status":"closed","sticky":false,"template":"","format":"standard","meta":{"_coblocks_attr":"","_coblocks_dimensions":"","_coblocks_responsive_height":"","_coblocks_accordion_ie_support":"","jetpack_post_was_ever_published":false,"_jetpack_newsletter_access":"","_jetpack_dont_email_post_to_subs":false,"_jetpack_newsletter_tier_id":0,"_jetpack_memberships_contains_paywalled_content":false,"_jetpack_memberships_contains_paid_content":false,"footnotes":"","jetpack_publicize_message":"","jetpack_publicize_feature_enabled":true,"jetpack_social_post_already_shared":true,"jetpack_social_options":{"image_generator_settings":{"template":"highway","default_image_id":0,"enabled":false},"version":2}},"categories":[1161,44,6937],"tags":[],"class_list":["post-66059","post","type-post","status-publish","format-standard","has-post-thumbnail","hentry","category-ciudadania","category-noticias-de-hoy","category-sociedad"],"jetpack_publicize_connections":[],"jetpack_featured_media_url":"https:\/\/i0.wp.com\/miradordeatarfe.es\/wp-content\/uploads\/2023\/12\/Screenshot-2023-12-27-at-19-51-27-Actualizacion-de-rentas.png?fit=415%2C238&ssl=1","jetpack_likes_enabled":true,"jetpack_sharing_enabled":true,"_links":{"self":[{"href":"https:\/\/miradordeatarfe.es\/index.php?rest_route=\/wp\/v2\/posts\/66059","targetHints":{"allow":["GET"]}}],"collection":[{"href":"https:\/\/miradordeatarfe.es\/index.php?rest_route=\/wp\/v2\/posts"}],"about":[{"href":"https:\/\/miradordeatarfe.es\/index.php?rest_route=\/wp\/v2\/types\/post"}],"author":[{"embeddable":true,"href":"https:\/\/miradordeatarfe.es\/index.php?rest_route=\/wp\/v2\/users\/1"}],"replies":[{"embeddable":true,"href":"https:\/\/miradordeatarfe.es\/index.php?rest_route=%2Fwp%2Fv2%2Fcomments&post=66059"}],"version-history":[{"count":1,"href":"https:\/\/miradordeatarfe.es\/index.php?rest_route=\/wp\/v2\/posts\/66059\/revisions"}],"predecessor-version":[{"id":66061,"href":"https:\/\/miradordeatarfe.es\/index.php?rest_route=\/wp\/v2\/posts\/66059\/revisions\/66061"}],"wp:featuredmedia":[{"embeddable":true,"href":"https:\/\/miradordeatarfe.es\/index.php?rest_route=\/wp\/v2\/media\/66060"}],"wp:attachment":[{"href":"https:\/\/miradordeatarfe.es\/index.php?rest_route=%2Fwp%2Fv2%2Fmedia&parent=66059"}],"wp:term":[{"taxonomy":"category","embeddable":true,"href":"https:\/\/miradordeatarfe.es\/index.php?rest_route=%2Fwp%2Fv2%2Fcategories&post=66059"},{"taxonomy":"post_tag","embeddable":true,"href":"https:\/\/miradordeatarfe.es\/index.php?rest_route=%2Fwp%2Fv2%2Ftags&post=66059"}],"curies":[{"name":"wp","href":"https:\/\/api.w.org\/{rel}","templated":true}]}}