{"id":66074,"date":"2023-12-29T11:44:26","date_gmt":"2023-12-29T10:44:26","guid":{"rendered":"https:\/\/miradordeatarfe.es\/?p=66074"},"modified":"2024-01-12T16:19:22","modified_gmt":"2024-01-12T15:19:22","slug":"la-ayuda-a-domicilio-por-juan-de-dios-villanueva-roa","status":"publish","type":"post","link":"https:\/\/miradordeatarfe.es\/?p=66074","title":{"rendered":"\u00abLa ayuda a domicilio\u00bb por Juan de Dios Villanueva Roa"},"content":{"rendered":"<h3 style=\"text-align: justify;\">Estuvieron a ver las luces, a respirar la Navidad. Las personas mayores necesitadas de ayuda fueron acompa\u00f1adas hasta la Plaza del Carmen por quienes se ocupan de que las cosas funcionen, con pocos medios, menos tiempo y mucha voluntad.<\/h3>\n<p style=\"text-align: justify;\">Y all\u00ed estaba Paqui, la alcaldesa nazar\u00ed dispuesta a hacerse las fotos pertinentes con estas personas. Nadie pareci\u00f3 fijarse en que no iban solas. Las hab\u00edan llevado en taxi y las pasearon por la ciudad, pero pareciese que ellas mismas lograron realizar esa actividad. Nadie, y no quiero caer en la groser\u00eda de se\u00f1alar a persona alguna, fuese su cargo el que fuese, felicit\u00f3 tambi\u00e9n a estas miles de personas que dedican vida, trabajo, esfuerzo, voluntad a facilitar a quienes no pueden valerse por s\u00ed mismas una existencia m\u00e1s llevadera.<\/p>\n<p style=\"text-align: justify;\">Quienes las levantan y acuestan, duchan y visten; quienes les hacen la compra y guisan; quienes les ayudan en las tareas dom\u00e9sticas para hacerlas sentir c\u00f3modas y felices en su d\u00eda a d\u00eda, para luego salir corriendo al siguiente domicilio&#8230;, y as\u00ed cada d\u00eda con esa sensaci\u00f3n a veces de que falta algo, mucho por hacer; algo, mucho por reconocer; algo, mucho por facilitar m\u00e1s que una compa\u00f1\u00eda, una conversaci\u00f3n, una caricia, una sonrisa para los mayores, quienes tal vez la \u00fanica persona que les aliente en ese d\u00eda llegue durante una o dos horas y le falte incluso tiempo para escucharlos, para hacerlos sentir vivos, comprendidos, para darles cari\u00f1o y conseguir arrancarles una sonrisa a diario en situaciones sin mucho aliciente.<\/p>\n<p style=\"text-align: justify;\">Felices fiestas y gracias. Mi madre lleva mucho mejor cada d\u00eda gracias a vosotras, a vuestro trabajo que es mucho m\u00e1s que un trabajo.<\/p>\n<p>FOTO: GRANADA HOY<\/p>\n","protected":false},"excerpt":{"rendered":"<p>Estuvieron a ver las luces, a respirar la Navidad. Las personas mayores necesitadas de ayuda&#8230;<\/p>\n","protected":false},"author":1,"featured_media":66075,"comment_status":"closed","ping_status":"closed","sticky":false,"template":"","format":"standard","meta":{"_coblocks_attr":"","_coblocks_dimensions":"","_coblocks_responsive_height":"","_coblocks_accordion_ie_support":"","jetpack_post_was_ever_published":false,"_jetpack_newsletter_access":"","_jetpack_dont_email_post_to_subs":false,"_jetpack_newsletter_tier_id":0,"_jetpack_memberships_contains_paywalled_content":false,"_jetpack_memberships_contains_paid_content":false,"footnotes":"","jetpack_publicize_message":"","jetpack_publicize_feature_enabled":true,"jetpack_social_post_already_shared":true,"jetpack_social_options":{"image_generator_settings":{"template":"highway","default_image_id":0,"enabled":false},"version":2}},"categories":[10781,9772,44,7671],"tags":[],"class_list":["post-66074","post","type-post","status-publish","format-standard","has-post-thumbnail","hentry","category-granada","category-opinion-de-juan-de-dios-villanueva","category-noticias-de-hoy","category-politica"],"jetpack_publicize_connections":[],"jetpack_featured_media_url":"https:\/\/i0.wp.com\/miradordeatarfe.es\/wp-content\/uploads\/2023\/12\/Plaza-Nueva-Navidad_104099594_110180826_1200x675.jpg?fit=1200%2C675&ssl=1","jetpack_likes_enabled":true,"jetpack_sharing_enabled":true,"_links":{"self":[{"href":"https:\/\/miradordeatarfe.es\/index.php?rest_route=\/wp\/v2\/posts\/66074","targetHints":{"allow":["GET"]}}],"collection":[{"href":"https:\/\/miradordeatarfe.es\/index.php?rest_route=\/wp\/v2\/posts"}],"about":[{"href":"https:\/\/miradordeatarfe.es\/index.php?rest_route=\/wp\/v2\/types\/post"}],"author":[{"embeddable":true,"href":"https:\/\/miradordeatarfe.es\/index.php?rest_route=\/wp\/v2\/users\/1"}],"replies":[{"embeddable":true,"href":"https:\/\/miradordeatarfe.es\/index.php?rest_route=%2Fwp%2Fv2%2Fcomments&post=66074"}],"version-history":[{"count":1,"href":"https:\/\/miradordeatarfe.es\/index.php?rest_route=\/wp\/v2\/posts\/66074\/revisions"}],"predecessor-version":[{"id":66076,"href":"https:\/\/miradordeatarfe.es\/index.php?rest_route=\/wp\/v2\/posts\/66074\/revisions\/66076"}],"wp:featuredmedia":[{"embeddable":true,"href":"https:\/\/miradordeatarfe.es\/index.php?rest_route=\/wp\/v2\/media\/66075"}],"wp:attachment":[{"href":"https:\/\/miradordeatarfe.es\/index.php?rest_route=%2Fwp%2Fv2%2Fmedia&parent=66074"}],"wp:term":[{"taxonomy":"category","embeddable":true,"href":"https:\/\/miradordeatarfe.es\/index.php?rest_route=%2Fwp%2Fv2%2Fcategories&post=66074"},{"taxonomy":"post_tag","embeddable":true,"href":"https:\/\/miradordeatarfe.es\/index.php?rest_route=%2Fwp%2Fv2%2Ftags&post=66074"}],"curies":[{"name":"wp","href":"https:\/\/api.w.org\/{rel}","templated":true}]}}